{"id":102911,"date":"2025-05-15T21:51:12","date_gmt":"2025-05-15T21:51:12","guid":{"rendered":"https:\/\/www.europesays.com\/fr\/102911\/"},"modified":"2025-05-15T21:51:12","modified_gmt":"2025-05-15T21:51:12","slug":"litalie-et-le-danemark-envisagent-de-denoncer-lemprise-de-la-cedh-sur-les-politiques-migratoires-en-europe","status":"publish","type":"post","link":"https:\/\/www.europesays.com\/fr\/102911\/","title":{"rendered":"L\u2019Italie et le Danemark envisagent de d\u00e9noncer l\u2019emprise de la CEDH sur les politiques migratoires en Europe"},"content":{"rendered":"<p>Selon l\u2019agence de presse Euractiv, les deux pays projettent de f\u00e9d\u00e9rer un groupe d\u2019\u00c9tats autour d\u2019un texte d\u00e9non\u00e7ant le r\u00f4le que joue la CEDH pour emp\u00eacher tout durcissement des politiques migratoires.<\/p>\n<p class=\"fig-paragraph\">C\u2019est une conception particuli\u00e8re du cadeau d\u2019anniversaire. Alors que la Convention europ\u00e9enne des droits de l\u2019homme f\u00eate ses 75 ans cette ann\u00e9e (elle fut sign\u00e9e par les \u00c9tats membres du Conseil de l\u2019Europe le 4 novembre 1950), le Danemark et l\u2019Italie projettent de f\u00e9d\u00e9rer plusieurs pays europ\u00e9ens autour d\u2019un texte critiquant l\u2019interpr\u00e9tation actuelle de cette Convention par l\u2019organe charg\u00e9 de la faire appliquer\u00a0:\u00a0<a href=\"http:\/\/www.lefigaro.fr\/actualite-france\/immigration-asile-expulsions-la-france-peut-elle-resister-a-la-cedh-20231214\" data-fig-type=\"Article\" data-gtm-custom-categorie=\"navigation\" data-gtm-custom-action=\"crossclick\" data-gtm-custom-label=\"Contextuel\" data-gtm-event=\"customEventSPE\" data-fig-domain=\"LEFIGARO\" rel=\"nofollow noopener\" target=\"_blank\">la Cour europ\u00e9enne des droits de l\u2019homme (CEDH)<\/a>.<\/p>\n<p class=\"fig-paragraph\"><a href=\"https:\/\/www.euractiv.com\/section\/politics\/news\/epp-urges-the-eu-to-rethink-long-standing-international-asylum-law\/?_ga=2.33605345.132529473.1747297361-1024076065.1741608563\" target=\"_blank\" rel=\"nofollow noopener\" data-gtm-custom-categorie=\"navigation\" data-gtm-custom-action=\"crossclick\" data-gtm-custom-label=\"Contextuel\" data-gtm-event=\"customEventSPE\">D\u2019apr\u00e8s l\u2019agence Euractiv<\/a>, les deux pays chercheraient en effet \u00e0 convaincre d\u2019autres \u00c9tats, parmi la grosse quarantaine que compte le Conseil de l\u2019Europe, de signer une lettre protestant contre des d\u00e9cisions r\u00e9centes de la CEDH concernant les questions migratoires. Les autorit\u00e9s italiennes et danoises n\u2019ont \u00e0 ce jour pas confirm\u00e9 l\u2019information, mais Euractiv soutient n\u00e9anmoins que ce document affirme que la CEDH est all\u00e9e \u00abtrop loin\u00bb dans son interpr\u00e9tation de la Convention europ\u00e9enne des droits de l\u2019homme, emp\u00eachant les \u00c9tats de prendre des d\u00e9cisions souveraines en mati\u00e8re de restriction des arriv\u00e9es de migrants.<\/p>\n<p class=\"fig-paragraph\">Le texte serait en cours de finalisation et devrait \u00eatre rendu public prochainement. Il permettrait de donner corps \u00e0 un groupe informel de pays qui partagent cette analyse\u00a0: l\u2019Italie et le Danemark donc, mais aussi la R\u00e9publique tch\u00e8que, la Finlande, la Pologne et les Pays-Bas.<\/p>\n<p class=\"fig-body-link\">\n            \u00c0 lire aussi<br \/>\n        <a class=\"fig-body-link__link fig-premium-mark\" href=\"http:\/\/www.lefigaro.fr\/actualite-france\/immigration-asile-expulsions-la-france-peut-elle-resister-a-la-cedh-20231214\" data-fig-type=\"Article\" data-gtm-custom-categorie=\"navigation\" data-gtm-custom-action=\"crossclick\" data-gtm-custom-label=\"Contextuel\" data-gtm-event=\"customEventSPE\" data-fig-domain=\"LEFIGARO\" rel=\"nofollow noopener\" target=\"_blank\">Immigration, asile, expulsions&#8230; La France peut-elle \u00abr\u00e9sister\u00bb \u00e0 la CEDH\u00a0?<br \/>\n    <\/a>\n<\/p>\n<p class=\"fig-paragraph\">\u00abCe qui \u00e9tait juste hier ne l\u2019est peut-\u00eatre plus aujourd\u2019hui\u00bb, clame cette lettre, qui viserait \u00e0 lancer un d\u00e9bat sur l\u2019interpr\u00e9tation de la Convention \u00e0 la lumi\u00e8re de la situation actuelle en Europe, o\u00f9 l\u2019immigration clandestine a pris des proportions consid\u00e9rables.<\/p>\n<p class=\"fig-paragraph\">L\u2019Italie a r\u00e9cemment \u00e9t\u00e9 condamn\u00e9e \u00e0 plusieurs reprises par la CEDH pour sa gestion de l\u2019arriv\u00e9e massive de clandestins, par exemple sur l\u2019\u00eele de Lampedusa\u00a0: en 2024, la Cour a ainsi donn\u00e9 raison \u00e0 trois migrants tunisiens, estimant qu\u2019ils avaient subi un traitement \u00abinhumain et d\u00e9gradant\u00bb au cours de leur placement dans un centre surpeupl\u00e9 situ\u00e9 sur cette \u00eele de M\u00e9diterran\u00e9e qui fait fr\u00e9quemment l\u2019objet d\u2019arriv\u00e9es incontr\u00f4l\u00e9es de centaines de clandestins. La CEDH notait par exemple que les trois requ\u00e9rants avaient \u00e9t\u00e9 retenus dans un lieu ne disposant que de deux toilettes pour 40 personnes, et que certains d\u2019entre eux devaient dormir sur des matelas \u00e0 l\u2019ext\u00e9rieur en raison du manque de place.<\/p>\n<p class=\"fig-paragraph\">Quant au Danemark, il avait \u00e9t\u00e9 condamn\u00e9 r\u00e9cemment dans une autre d\u00e9cision, qui a fait jurisprudence\u00a0: l\u2019arr\u00eat Sharafane c. Danemark consacrait le 12 novembre 2024,\u00a0<a href=\"https:\/\/eclj.org\/asylum\/echr\/le-droit-au-retour-des-etrangers-expulses?lng=fr#:~:text=Le%2017%20mars%202025%2C%20le,tous%20les%20pays%20d&#039;Europe.\" target=\"_blank\" rel=\"nofollow noopener\" data-gtm-custom-categorie=\"navigation\" data-gtm-custom-action=\"crossclick\" data-gtm-custom-label=\"Contextuel\" data-gtm-event=\"customEventSPE\">selon le Centre europ\u00e9en pour le droit et la justice qui commente la d\u00e9cision<\/a>, une forme de \u00abdroit au retour\u00bb des \u00e9trangers expuls\u00e9s. En effet la CEDH examinait si une d\u00e9cision d\u2019expulsion \u00e9tait conforme au droit europ\u00e9en en s\u2019interrogeant sur les perspectives des requ\u00e9rants d\u2019\u00eatre r\u00e9admis au Danemark au cas o\u00f9 ils tenteraient de revenir dans le pays ult\u00e9rieurement. Compte tenu du fait que la politique migratoire danoise \u00e9tait per\u00e7ue comme trop restrictive, la Cour avait d\u00e9cid\u00e9 que l\u2019expulsion du requ\u00e9rant par les Danois \u00e9tait donc abusive.<\/p>\n","protected":false},"excerpt":{"rendered":"Selon l\u2019agence de presse Euractiv, les deux pays projettent de f\u00e9d\u00e9rer un groupe d\u2019\u00c9tats autour d\u2019un texte d\u00e9non\u00e7ant&hellip;\n","protected":false},"author":2,"featured_media":102912,"comment_status":"","ping_status":"","sticky":false,"template":"","format":"standard","meta":{"footnotes":""},"categories":[1586],"tags":[259,11,260,14124,1777,674,1011,27,3044,14,452,261,12,262,25],"class_list":{"0":"post-102911","1":"post","2":"type-post","3":"status-publish","4":"format-standard","5":"has-post-thumbnail","7":"category-europe","8":"tag-actualite-internationale","9":"tag-actualites","10":"tag-affaires-etrangeres","11":"tag-cedh","12":"tag-eu","13":"tag-europe","14":"tag-fr","15":"tag-france","16":"tag-giorgia-meloni","17":"tag-international","18":"tag-italie","19":"tag-ministere-des-affaires-etrangeres","20":"tag-news","21":"tag-politique-etrangere","22":"tag-republique-francaise"},"share_on_mastodon":{"url":"https:\/\/pubeurope.com\/@fr\/114514066379418772","error":""},"_links":{"self":[{"href":"https:\/\/www.europesays.com\/fr\/wp-json\/wp\/v2\/posts\/102911","targetHints":{"allow":["GET"]}}],"collection":[{"href":"https:\/\/www.europesays.com\/fr\/wp-json\/wp\/v2\/posts"}],"about":[{"href":"https:\/\/www.europesays.com\/fr\/wp-json\/wp\/v2\/types\/post"}],"author":[{"embeddable":true,"href":"https:\/\/www.europesays.com\/fr\/wp-json\/wp\/v2\/users\/2"}],"replies":[{"embeddable":true,"href":"https:\/\/www.europesays.com\/fr\/wp-json\/wp\/v2\/comments?post=102911"}],"version-history":[{"count":0,"href":"https:\/\/www.europesays.com\/fr\/wp-json\/wp\/v2\/posts\/102911\/revisions"}],"wp:featuredmedia":[{"embeddable":true,"href":"https:\/\/www.europesays.com\/fr\/wp-json\/wp\/v2\/media\/102912"}],"wp:attachment":[{"href":"https:\/\/www.europesays.com\/fr\/wp-json\/wp\/v2\/media?parent=102911"}],"wp:term":[{"taxonomy":"category","embeddable":true,"href":"https:\/\/www.europesays.com\/fr\/wp-json\/wp\/v2\/categories?post=102911"},{"taxonomy":"post_tag","embeddable":true,"href":"https:\/\/www.europesays.com\/fr\/wp-json\/wp\/v2\/tags?post=102911"}],"curies":[{"name":"wp","href":"https:\/\/api.w.org\/{rel}","templated":true}]}}