{"id":1029214,"date":"2026-06-28T03:44:18","date_gmt":"2026-06-28T03:44:18","guid":{"rendered":"https:\/\/www.europesays.com\/fr\/1029214\/"},"modified":"2026-06-28T03:44:18","modified_gmt":"2026-06-28T03:44:18","slug":"le-nouveau-porte-avions-france-libre-divise-la-gauche","status":"publish","type":"post","link":"https:\/\/www.europesays.com\/fr\/1029214\/","title":{"rendered":"Le nouveau porte-avions \u00ab France libre \u00bb divise la gauche"},"content":{"rendered":"<p>\u00ab\u202fVive la R\u00e9publique, vive la France, vive\u2026 le \u201cFrance\u2010Libre\u201d ! \u00bb\u2026 Ce 18 mars 2026, Emmanuel Macron termine son discours avec une moue de satisfaction. En d\u00e9placement sur le site Naval Group de Nantes\u2010Indret, le pr\u00e9sident de la R\u00e9publique <a href=\"https:\/\/www.youtube.com\/watch?v=u9Gs-YeaShk\" target=\"_blank\" rel=\"noopener nofollow\">y d\u00e9voile<\/a> devant un parterre d\u2019environ 500 invit\u00e9s, des grands \u00e9lus locaux \u00e0 de simples salari\u00e9s, le nom du porte\u2010avions de nouvelle g\u00e9n\u00e9ration (PA\u2010NG), qui succ\u00e9dera au \u00ab\u202fCharles de Gaulle\u202f\u00bb en\u00a02038.\u00a0<\/p>\n<p>Deux fois plus lourd (78 000 tonnes contre 42 000 tonnes) et bien plus imposant que son pr\u00e9d\u00e9cesseur (310 m de long et 90 m de large), le nouvel engin pourra transporter 30 avions de combat de nouvelle g\u00e9n\u00e9ration propuls\u00e9s par catapultes \u00e9lectromagn\u00e9tiques, six h\u00e9licopt\u00e8res ou encore des drones de tout type. Le tout pour une vitesse maximum en navigation maintenue \u00e0 27 n\u0153uds (50 kilom\u00e8tres\/h) gr\u00e2ce \u00e0 ses deux r\u00e9acteurs \u00e9lectriques nucl\u00e9aires. Sa dur\u00e9e de vie est estim\u00e9e \u00e0 45 ans \u00e0 partir de sa mise en service, en\u00a02038.<\/p>\n<p>Nous vous offrons l\u2019acc\u00e8s \u00e0 cet article<\/p>\n<p>Et \u00e0 toutes nos enqu\u00eates pendant deux jours\u00a0\u00a0! <br \/>Oui, on est g\u00e9n\u00e9reux \ud83d\ude09 Mais pensez aussi \u00e0 <a href=\"https:\/\/www.mediacites.fr\/sabonner\/\" target=\"_blank\" style=\"color:#fff\" rel=\"nofollow noopener\">vous abonner<\/a>\u00a0\u00a0!<\/p>\n<p>\t\tEn renseignant votre adresse, vous acceptez nos <a href=\"https:\/\/www.mediacites.fr\/conditions-generales-d-utilisation\/\" target=\"_blank\" rel=\"nofollow noopener\">conditions g\u00e9n\u00e9rales d\u2019utilisation<\/a>. <br \/>Mediacit\u00e9s s\u2019engage \u00e0 ne pas c\u00e9der votre adresse \u00e0 des tiers. En cas d\u2019\u00e9chec, \u00e9crivez \u00e0 <a href=\"https:\/\/www.mediacites.fr\/enquete\/nantes\/2026\/06\/25\/porte-avions-france-libre-promesse-demplois-et-schismes-en-loire-atlantique\/mailto:contact@mediacites.fr\" rel=\"nofollow noopener\" target=\"_blank\">contact@mediacites.fr<\/a><\/p>\n<ul>\n<li>J\u2019acc\u00e8de aux 4 \u00e9ditions de Mediacit\u00e9s (Lille, Lyon, Nantes et Toulouse)<\/li>\n<li>Je d\u00e9couvre un m\u00e9dia 100 % ind\u00e9pendant, avec 0 % de publicit\u00e9<\/li>\n<\/ul>\n<p>Envie de lire la\u00a0suite\u202f?<\/p>\n<p>Depuis neuf ans, Mediacit\u00e9s enqu\u00eate en toute ind\u00e9pendance dans votre ville. Gr\u00e2ce \u00e0 ses lecteurs\u202f! Abonnez\u2010vous pour ne rien manquer de nos enqu\u00eates, suivre les \u00e9lections municipales et soutenir un journal local d\u2019investigation.<\/p>\n<ul>\n<li>Acc\u00e8s aux 4 \u00e9ditions de Mediacit\u00e9s (Lille, Lyon, Nantes et Toulouse)<\/li>\n<li>100 % ind\u00e9pendant, avec 0 % de publicit\u00e9<\/li>\n<li>R\u00e9siliation facile \u00e0 tout moment<\/li>\n<\/ul>\n<p>Mediacit\u00e9s offre l\u2019acc\u00e8s \u00e0 cet article aux lecteurs de News2Com<\/p>\n<p>Et \u00e0 toutes nos enqu\u00eates pendant deux jours\u00a0\u00a0! <br \/>Oui, on est g\u00e9n\u00e9reux \ud83d\ude09 Mais pensez aussi \u00e0 <a href=\"https:\/\/www.mediacites.fr\/sabonner\/\" target=\"_blank\" style=\"color:#fff\" rel=\"nofollow noopener\">vous abonner<\/a>\u00a0\u00a0!<\/p>\n<p>\t\tEn renseignant votre adresse, vous acceptez nos <a href=\"https:\/\/www.mediacites.fr\/conditions-generales-d-utilisation\/\" target=\"_blank\" rel=\"nofollow noopener\">conditions g\u00e9n\u00e9rales d\u2019utilisation<\/a>. <br \/>Mediacit\u00e9s s\u2019engage \u00e0 ne pas c\u00e9der votre adresse \u00e0 des tiers. En cas d\u2019\u00e9chec, \u00e9crivez \u00e0 <a href=\"https:\/\/www.mediacites.fr\/enquete\/nantes\/2026\/06\/25\/porte-avions-france-libre-promesse-demplois-et-schismes-en-loire-atlantique\/mailto:contact@mediacites.fr\" rel=\"nofollow noopener\" target=\"_blank\">contact@mediacites.fr<\/a><\/p>\n<ul>\n<li>J\u2019acc\u00e8de aux 4 \u00e9ditions de Mediacit\u00e9s (Lille, Lyon, Nantes et Toulouse)<\/li>\n<li>Je d\u00e9couvre un m\u00e9dia 100 % ind\u00e9pendant, avec 0 % de publicit\u00e9<\/li>\n<\/ul>\n","protected":false},"excerpt":{"rendered":"\u00ab\u202fVive la R\u00e9publique, vive la France, vive\u2026 le \u201cFrance\u2010Libre\u201d ! \u00bb\u2026 Ce 18 mars 2026, Emmanuel Macron termine&hellip;\n","protected":false},"author":2,"featured_media":1029215,"comment_status":"","ping_status":"","sticky":false,"template":"","format":"standard","meta":{"footnotes":"","_share_on_mastodon":"0"},"categories":[2818],"tags":[1111,11,1813,42804,554,33,1073,341,1067,1777,674,1011,27,105793,107337,3579,766,22232,12,2636,27936,25,107338],"class_list":["post-1029214","post","type-post","status-publish","format-standard","has-post-thumbnail","category-nantes","tag-actu","tag-actualites","tag-armee","tag-chantiers-de-latlantique","tag-defense","tag-economie","tag-emmanuel-macron","tag-emploi","tag-enquete","tag-eu","tag-europe","tag-fr","tag-france","tag-france-libre","tag-karine-daniel","tag-militaire","tag-nantes","tag-naval-group","tag-news","tag-pays-de-la-loire","tag-porte-avions","tag-republique-francaise","tag-ville-de-saint-nazaire"],"share_on_mastodon":{"url":"","error":""},"_links":{"self":[{"href":"https:\/\/www.europesays.com\/fr\/wp-json\/wp\/v2\/posts\/1029214","targetHints":{"allow":["GET"]}}],"collection":[{"href":"https:\/\/www.europesays.com\/fr\/wp-json\/wp\/v2\/posts"}],"about":[{"href":"https:\/\/www.europesays.com\/fr\/wp-json\/wp\/v2\/types\/post"}],"author":[{"embeddable":true,"href":"https:\/\/www.europesays.com\/fr\/wp-json\/wp\/v2\/users\/2"}],"replies":[{"embeddable":true,"href":"https:\/\/www.europesays.com\/fr\/wp-json\/wp\/v2\/comments?post=1029214"}],"version-history":[{"count":0,"href":"https:\/\/www.europesays.com\/fr\/wp-json\/wp\/v2\/posts\/1029214\/revisions"}],"wp:featuredmedia":[{"embeddable":true,"href":"https:\/\/www.europesays.com\/fr\/wp-json\/wp\/v2\/media\/1029215"}],"wp:attachment":[{"href":"https:\/\/www.europesays.com\/fr\/wp-json\/wp\/v2\/media?parent=1029214"}],"wp:term":[{"taxonomy":"category","embeddable":true,"href":"https:\/\/www.europesays.com\/fr\/wp-json\/wp\/v2\/categories?post=1029214"},{"taxonomy":"post_tag","embeddable":true,"href":"https:\/\/www.europesays.com\/fr\/wp-json\/wp\/v2\/tags?post=1029214"}],"curies":[{"name":"wp","href":"https:\/\/api.w.org\/{rel}","templated":true}]}}