{"id":102927,"date":"2025-05-15T22:03:12","date_gmt":"2025-05-15T22:03:12","guid":{"rendered":"https:\/\/www.europesays.com\/fr\/102927\/"},"modified":"2025-05-15T22:03:12","modified_gmt":"2025-05-15T22:03:12","slug":"tour-du-loiret-les-manches-n1-nous-font-tres-mal-actualite","status":"publish","type":"post","link":"https:\/\/www.europesays.com\/fr\/102927\/","title":{"rendered":"Tour du Loiret : \u00ab Les manches N1 nous font tr\u00e8s mal \u00bb &#8211; Actualit\u00e9"},"content":{"rendered":"<p style=\"text-align: justify;\"><strong>Absent du calendrier en 2024\u00a0<a href=\"https:\/\/www.directvelo.com\/actualite\/110419\/le-tour-du-loiret-2024-annule\" target=\"_blank\" rel=\"noopener\">(lire ici)<\/a>, le Tour du Loiret esp\u00e9rait un retour \u00e0 la hauteur pour sa 45e \u00e9dition, du 16 au 18 mai. Mais c\u2019est un nouveau coup dur qui frappe l\u2019\u00e9preuve cette ann\u00e9e, concurrenc\u00e9e par le CLM Champenois, support de la Coupe de France N1 Hommes. Une situation qui fragilise son plateau et interroge quant \u00e0 l\u2019organisation du calendrier. Daniel Bouteille, organisateur de la course, tire la sonnette d\u2019alarme aupr\u00e8s de <\/strong><strong>DirectVelo<\/strong><strong>.<\/strong><\/p>\n<p><strong>DirectVelo : Pour le retour du Tour du Loiret, tu aurais pr\u00e9f\u00e9r\u00e9 un plateau plus cons\u00e9quent !<br \/><\/strong>Daniel Bouteille : Cette ann\u00e9e, on subit de plein fouet la concurrence d&rsquo;une manche de Coupe de France N1. Nous sommes dans une p\u00e9riode de la saison o\u00f9 les effectifs ont diminu\u00e9 avec les budgets, les blessures&#8230; R\u00e9sultat : je n\u2019ai que trois N1 au d\u00e9part, contre une dizaine les ann\u00e9es pr\u00e9c\u00e9dentes. On se retrouve avec 17 \u00e9quipes, alors que j&rsquo;en esp\u00e9rais 20. Beaucoup de N2 sont l\u00e0, mais les N3 ne peuvent plus se permettre de longs d\u00e9placements faute de budget.\u00a0<\/p>\n<p><strong>N\u2019\u00e9tait-il pas possible de d\u00e9placer la course ?<br \/><\/strong>Quand on organise une course, tout est cal\u00e9 des mois \u00e0 l\u2019avance : villes-\u00e9tapes, partenaires\u2026 Et le calendrier des manches N1 tombe trop tard. C\u2019est un vrai probl\u00e8me car nous \u00e9tions d\u00e9j\u00e0 cal\u00e9s avant m\u00eame l\u2019annonce de la f\u00e9d\u00e9ration. Si on avait le calendrier au moins un an et demi \u00e0 l\u2019avance, on pourrait s\u2019adapter. L\u00e0, on ne peut pas se retourner. En tant qu\u2019organisateur, les manches N1 nous font tr\u00e8s mal. On se bat pendant huit mois de l\u2019ann\u00e9e pour finalement \u00eatre en concurrence, on est un peu d\u00e9sabus\u00e9.\u00a0<\/p>\n<p><strong>\u00ab TRAVAILLER ENSEMBLE POUR SAUVER LE CYCLISME AMATEUR \u00bb<\/strong><\/p>\n<p><strong>Le Tour du Loiret est-il en danger ?<br \/><\/strong>En danger, non. Mais \u00e0 force de se battre pour les budgets, pour construire une belle course, et de se retrouver avec une Coupe de France en face, la motivation peut baisser. On voulait faire de cette 45e \u00e9dition un \u00e9v\u00e9nement marquant pour notre d\u00e9partement. On avait m\u00eame candidat\u00e9 pour devenir une manche N1, mais on ne l\u2019a pas obtenue. Et huit jours plus tard, on apprend que la manche retenue tombe&#8230; le m\u00eame week-end que nous. J&rsquo;avais appel\u00e9 la f\u00e9d\u00e9ration, ils me disaient, \u201cne vous inqui\u00e9tez pas, vous aurez votre plateau, vos invit\u00e9s\u201d\u2026<\/p>\n<p><strong>Vous sentez une fatigue au sein de l\u2019organisation ?<br \/><\/strong>Les membres du comit\u00e9 s\u2019essoufflent. Surtout quand on fait tout pour accueillir de belles \u00e9quipes, et qu\u2019elles se retirent au fil des semaines parce qu\u2019elles doivent aller sur la Coupe. On comprend les directeurs sportifs, ils n\u2019ont pas le choix, mais pour nous, c\u2019est une \u00e9norme frustration. Il faut qu\u2019on puisse travailler tous ensemble pour sauver le cyclisme amateur.<\/p>\n<p><strong>\u00ab QUAND C&rsquo;EST UNE MANCHE N1, ON NE PEUT RIEN FAIRE \u00bb<br \/><\/strong><strong><br \/>Quelles solutions sont envisageables \u00e0 l\u2019avenir ?<br \/><\/strong>Il faut que les manches de N1 soient connues longtemps \u00e0 l\u2019avance, pour qu\u2019on puisse nous organiser autour. L\u2019objectif est d\u2019\u00e9viter d\u2019\u00eatre en face d\u2019une manche de Coupe de France car on est trop en difficult\u00e9. Nous voulons proposer le meilleur plateau possible \u00e0 nos collectivit\u00e9s, nos partenaires qui nous aident \u00e0 organiser la course. On est presque oblig\u00e9 d&rsquo;appeler \u00e0 droite, \u00e0 gauche pour r\u00e9cup\u00e9rer des \u00e9quipes, sinon on va droit dans le mur. Les courses r\u00e9gionales meurent. Dans notre r\u00e9gion, il n\u2019y a presque plus d\u2019\u00e9preuves. Si on continue \u00e0 laisser les organisateurs dans leur coin, le v\u00e9lo amateur va s\u2019\u00e9teindre doucement.<\/p>\n<p><strong>Il n\u2019existe pas de coordination entre organisateurs ?<br \/><\/strong>Il y a bien le ROCC (Rassemblement des Organisateurs de Courses Cyclistes, NDLR) dont nous sommes membres, mais il ne se passe pas grand-chose concr\u00e8tement. Parfois, entre organisateurs, on s\u2019arrange. J\u2019ai d\u00e9j\u00e0 trouv\u00e9 des compromis avec le Tour de la Manche, par exemple. Mais quand une manche N1 est en face, on ne peut rien faire. C\u2019est ferm\u00e9. Il faut vraiment se mettre autour d\u2019une table, f\u00e9d\u00e9ration comprise, si on veut pr\u00e9server l\u2019avenir de nos courses.<\/p>\n","protected":false},"excerpt":{"rendered":"Absent du calendrier en 2024\u00a0(lire ici), le Tour du Loiret esp\u00e9rait un retour \u00e0 la hauteur pour sa&hellip;\n","protected":false},"author":2,"featured_media":102928,"comment_status":"","ping_status":"","sticky":false,"template":"","format":"standard","meta":{"footnotes":""},"categories":[1411],"tags":[834,828,836,829,837,827,83,826,824,823,1154,207,814,817,815,816,822,821,832,211,839,1011,27,820,818,819,835,831,830,833,838,60,212,208,825],"class_list":{"0":"post-102927","1":"post","2":"type-post","3":"status-publish","4":"format-standard","5":"has-post-thumbnail","7":"category-cyclisme","8":"tag-attaque","9":"tag-belgique","10":"tag-braquet","11":"tag-bretagne","12":"tag-chute","13":"tag-competition","14":"tag-coupe-de-france","15":"tag-coureur","16":"tag-course-cyclisme","17":"tag-course-cycliste","18":"tag-cycling","19":"tag-cyclisme","20":"tag-direct","21":"tag-direct-velo","22":"tag-directvelo","23":"tag-directvelo-com","24":"tag-epreuve","25":"tag-epreuve-cycliste","26":"tag-federation-francaise-de-cyclisme","27":"tag-ffc","28":"tag-flandres","29":"tag-fr","30":"tag-france","31":"tag-live","32":"tag-live-course","33":"tag-live-epreuve","34":"tag-peloton","35":"tag-radio-peloton","36":"tag-radio-tour","37":"tag-ravitaillement","38":"tag-relance","39":"tag-sports","40":"tag-uci","41":"tag-velo","42":"tag-velos"},"share_on_mastodon":{"url":"https:\/\/pubeurope.com\/@fr\/114514113700046716","error":""},"_links":{"self":[{"href":"https:\/\/www.europesays.com\/fr\/wp-json\/wp\/v2\/posts\/102927","targetHints":{"allow":["GET"]}}],"collection":[{"href":"https:\/\/www.europesays.com\/fr\/wp-json\/wp\/v2\/posts"}],"about":[{"href":"https:\/\/www.europesays.com\/fr\/wp-json\/wp\/v2\/types\/post"}],"author":[{"embeddable":true,"href":"https:\/\/www.europesays.com\/fr\/wp-json\/wp\/v2\/users\/2"}],"replies":[{"embeddable":true,"href":"https:\/\/www.europesays.com\/fr\/wp-json\/wp\/v2\/comments?post=102927"}],"version-history":[{"count":0,"href":"https:\/\/www.europesays.com\/fr\/wp-json\/wp\/v2\/posts\/102927\/revisions"}],"wp:featuredmedia":[{"embeddable":true,"href":"https:\/\/www.europesays.com\/fr\/wp-json\/wp\/v2\/media\/102928"}],"wp:attachment":[{"href":"https:\/\/www.europesays.com\/fr\/wp-json\/wp\/v2\/media?parent=102927"}],"wp:term":[{"taxonomy":"category","embeddable":true,"href":"https:\/\/www.europesays.com\/fr\/wp-json\/wp\/v2\/categories?post=102927"},{"taxonomy":"post_tag","embeddable":true,"href":"https:\/\/www.europesays.com\/fr\/wp-json\/wp\/v2\/tags?post=102927"}],"curies":[{"name":"wp","href":"https:\/\/api.w.org\/{rel}","templated":true}]}}