{"id":102932,"date":"2025-05-15T22:06:09","date_gmt":"2025-05-15T22:06:09","guid":{"rendered":"https:\/\/www.europesays.com\/fr\/102932\/"},"modified":"2025-05-15T22:06:09","modified_gmt":"2025-05-15T22:06:09","slug":"sur-les-champs-elysees-un-39m2-et-sa-grande-terrasse","status":"publish","type":"post","link":"https:\/\/www.europesays.com\/fr\/102932\/","title":{"rendered":"Sur les Champs \u00c9lys\u00e9es, un 39m2 et sa (grande) terrasse"},"content":{"rendered":"<p>Pour l&rsquo;heure, l&rsquo;int\u00e9rieur se d\u00e9voile tout en moulures, ajout\u00e9es par l&rsquo;architecte d&rsquo;int\u00e9rieur dans un <a href=\"https:\/\/www.admagazine.fr\/article\/place-vendome-appartement-bijou\" target=\"_blank\" rel=\"noopener\">esprit parisien bourgeois<\/a>. \u00ab On a aussi recr\u00e9\u00e9 des cadres aux murs pour faire \u00e9cho aux moulures et pos\u00e9 du parquet clair en point de Hongrie \u00bb. Dans cette d\u00e9marche de raffinement, un carr\u00e9 Herm\u00e8s a \u00e9t\u00e9 encadr\u00e9 et accroch\u00e9 au mur du s\u00e9jour. \u00ab Il fallait que \u00e7a puisse plaire au plus grand nombre. Comme une suite d&rsquo;h\u00f4tels un peu chic, mais classique. \u00bb Une banquette sur mesure, arrondie, a \u00e9t\u00e9 apport\u00e9e pour optimiser le rangement.<\/p>\n<p>Le salon donne acc\u00e8s \u00e0 un balcon filant.<\/p>\n<p>Ce balcon offre une exposition au nord.<\/p>\n<p>Un espace sophistiqu\u00e9 et enveloppant<\/p>\n<p>Dans la (\u00ab toute petite \u00bb) cuisine, l&rsquo;ancienne salle de bains d&rsquo;avant la r\u00e9novation, le choix de l&rsquo;ouverture a \u00e9t\u00e9 fait afin de maximiser le volume. \u00ab C&rsquo;est une petite aile, mais <a href=\"https:\/\/www.admagazine.fr\/article\/petit-espace-saint-germain-des-pres\" target=\"_blank\" rel=\"noopener\">fonctionnelle<\/a> \u00bb, r\u00e9sume L\u00e9a Fourni\u00e9, qui a tout de m\u00eame r\u00e9ussi \u00e0 y int\u00e9grer le maximum d&rsquo;\u00e9quipements, tout en y tra\u00e7ant une atmosph\u00e8re chaleureuse, conviviale, au souffle presque m\u00e9diterran\u00e9en. L&rsquo;entr\u00e9e, elle, s&rsquo;ouvre tout en douceur gr\u00e2ce \u00e0 la forme arrondie du meuble dessin\u00e9 sur mesure et du miroir. \u00ab On retrouve pas mal d&rsquo;arrondis dans le projet, rel\u00e8ve l&rsquo;architecte d&rsquo;int\u00e9rieur. En poign\u00e9es, en \u00e9tag\u00e8res, en luminaires\u2026 Ils permettant d&rsquo;apporter de la douceur \u00bb.<\/p>\n<p>La cuisine, petite et fonctionnelle, aux teintes chaleureuses. Appliques Tinja.<\/p>\n<p>Le meuble d&rsquo;entr\u00e9e arrondi m\u00e8ne \u00e0 la terrasse.<\/p>\n<p>Afin de doter la salle de bains de lumi\u00e8re naturelle, l&rsquo;architecte d&rsquo;int\u00e9rieur a perc\u00e9 une fen\u00eatre-verri\u00e8re entour\u00e9e de ch\u00eane \u00e0 la <a href=\"https:\/\/www.admagazine.fr\/article\/chambre-moderne-inspirations-fortes\" target=\"_blank\" rel=\"noopener\">chambre<\/a> ; bois que l&rsquo;on retrouve \u00e0 plusieurs endroits de la pi\u00e8ce, comme les poign\u00e9es du dressing, les chevets et la t\u00eate de lit. \u00ab On a cr\u00e9\u00e9 un d\u00e9croch\u00e9 au niveau du mur pour vraiment centrer cette t\u00eate de lit \u00bb, souligne L\u00e9a Fourni\u00e9. En partie basse, un tissus Pierre Frey couleur c\u00e9ladon am\u00e8ne une touche de confort, toujours dans l&rsquo;esprit d&rsquo;un h\u00f4tel, renforc\u00e9 par l&rsquo;ajout de liseuses int\u00e9gr\u00e9es. En continuit\u00e9 de cette pi\u00e8ce r\u00e9alis\u00e9e sur mesure, un papier peint iris\u00e9 prolonge l&rsquo;effet textur\u00e9 de la t\u00eate de lit. La salle de bains attenante poursuit \u00e9galement cette d\u00e9marche, par\u00e9e, elle, de marbre breccia, bois et carreaux assortis. \u00ab Comme on \u00e9tait dans l&rsquo;\u00e9tat d&rsquo;esprit d&rsquo;une <a href=\"https:\/\/www.admagazine.fr\/adinspiration\/article\/appartements-parisiens-ingenieusement-penses-comme-suites-dhotels\" target=\"_blank\" rel=\"noopener\">suite d&rsquo;h\u00f4tel<\/a>, on pouvait se permettre d&rsquo;avoir juste une petite \u00e9tag\u00e8re avec des paniers pour les serviettes, plut\u00f4t qu&rsquo;un bloc de rangement classique. \u00bb Le cabinet de toilette, pens\u00e9 dans la m\u00eame esth\u00e9tique, pr\u00e9sente la m\u00eame applique en alb\u00e2tre et des boutons de porte en marbre.<\/p>\n<p>La chambre et sa t\u00eate de lit c\u00e9ladon. Appliques Socialite Family, suspension Market Set.<\/p>\n<p>Le cabinet de toilettes en marbre et bois. Applique Robin.<\/p>\n<p>La grande terrasse de 16 m\u00e8tres carr\u00e9s, offrant une vue sur les toits et la tour Eiffel. Mobilier Fermob.<\/p>\n<p>La terrasse, pi\u00e8ce ma\u00eetresse<\/p>\n<p>Place, enfin, \u00e0 la fameuse terrasse, \u00e0 laquelle on acc\u00e8de directement par l&rsquo;entr\u00e9e. Sa surface (16 m\u00e8tres carr\u00e9s) impressionne, non seulement par rapport \u00e0 la taille de son int\u00e9rieur, mais aussi par sa situation, \u00e0 deux pas du <a href=\"https:\/\/www.admagazine.fr\/article\/petits-espaces-triangle-or-parisien\" target=\"_blank\" rel=\"noopener\">Triangle d&rsquo;Or<\/a> parisien. Vaste et enti\u00e8rement pav\u00e9 de dalles de travertin, l&rsquo;ext\u00e9rieur offre une vue imprenable sur la tour Eiffel et les toits parisiens. \u00ab On est rest\u00e9 simple dans l&rsquo;am\u00e9nagement, pr\u00e9cise L\u00e9a Fourni\u00e9. On a repeint le mur en blanc, pos\u00e9 du travertin au sol et quelques \u00e9l\u00e9ments de mobilier verts. On a conserv\u00e9 les garde-corps, d&rsquo;origine, dont les triangles sont vraiment jolis \u00bb. \u00ab Les propri\u00e9taires voulaient vraiment qu&rsquo;on rentre dans cet appartement comme on rentre \u00e0 l&rsquo;h\u00f4tel, avec suppl\u00e9ment <a href=\"https:\/\/www.admagazine.fr\/article\/idees-amenagement-terrasse\" target=\"_blank\" rel=\"noopener\">terrasse<\/a> \u00bb, conclut-elle. Pari r\u00e9ussi.<\/p>\n<p><strong>L\u00e9a Fourni\u00e9<\/strong> : <a data-offer-url=\"https:\/\/leafournie.com\/\" class=\"external-link\" data-event-click=\"{&quot;element&quot;:&quot;ExternalLink&quot;,&quot;outgoingURL&quot;:&quot;https:\/\/leafournie.com\/&quot;}\" href=\"https:\/\/leafournie.com\/\" rel=\"nofollow noopener\" target=\"_blank\">leafournie.com<\/a> \u2014 Instagram : <a data-offer-url=\"https:\/\/www.instagram.com\/leafournie.architecture\/?hl=en\" class=\"external-link\" data-event-click=\"{&quot;element&quot;:&quot;ExternalLink&quot;,&quot;outgoingURL&quot;:&quot;https:\/\/www.instagram.com\/leafournie.architecture\/?hl=en&quot;}\" href=\"https:\/\/www.instagram.com\/leafournie.architecture\/?hl=en\" rel=\"nofollow noopener\" target=\"_blank\">@leafournie.architecture<\/a><\/p>\n<p>Le plan de l&rsquo;appartement avant r\u00e9novation.<\/p>\n<p>Le plan de l&rsquo;appartement apr\u00e8s r\u00e9novation.<\/p>\n<p><script async src=\"\/\/www.instagram.com\/embed.js\"><\/script><\/p>\n","protected":false},"excerpt":{"rendered":"Pour l&rsquo;heure, l&rsquo;int\u00e9rieur se d\u00e9voile tout en moulures, ajout\u00e9es par l&rsquo;architecte d&rsquo;int\u00e9rieur dans un esprit parisien bourgeois. \u00ab&hellip;\n","protected":false},"author":2,"featured_media":102933,"comment_status":"","ping_status":"","sticky":false,"template":"","format":"standard","meta":{"footnotes":""},"categories":[1358],"tags":[10099,1348,1384,1385,1386,58,59,1011,27,9986],"class_list":{"0":"post-102932","1":"post","2":"type-post","3":"status-publish","4":"format-standard","5":"has-post-thumbnail","7":"category-arts-et-design","8":"tag-appartement-parisien","9":"tag-arts","10":"tag-arts-and-design","11":"tag-arts-et-design","12":"tag-design","13":"tag-divertissement","14":"tag-entertainment","15":"tag-fr","16":"tag-france","17":"tag-petits-espaces"},"share_on_mastodon":{"url":"https:\/\/pubeurope.com\/@fr\/114514125338666702","error":""},"_links":{"self":[{"href":"https:\/\/www.europesays.com\/fr\/wp-json\/wp\/v2\/posts\/102932","targetHints":{"allow":["GET"]}}],"collection":[{"href":"https:\/\/www.europesays.com\/fr\/wp-json\/wp\/v2\/posts"}],"about":[{"href":"https:\/\/www.europesays.com\/fr\/wp-json\/wp\/v2\/types\/post"}],"author":[{"embeddable":true,"href":"https:\/\/www.europesays.com\/fr\/wp-json\/wp\/v2\/users\/2"}],"replies":[{"embeddable":true,"href":"https:\/\/www.europesays.com\/fr\/wp-json\/wp\/v2\/comments?post=102932"}],"version-history":[{"count":0,"href":"https:\/\/www.europesays.com\/fr\/wp-json\/wp\/v2\/posts\/102932\/revisions"}],"wp:featuredmedia":[{"embeddable":true,"href":"https:\/\/www.europesays.com\/fr\/wp-json\/wp\/v2\/media\/102933"}],"wp:attachment":[{"href":"https:\/\/www.europesays.com\/fr\/wp-json\/wp\/v2\/media?parent=102932"}],"wp:term":[{"taxonomy":"category","embeddable":true,"href":"https:\/\/www.europesays.com\/fr\/wp-json\/wp\/v2\/categories?post=102932"},{"taxonomy":"post_tag","embeddable":true,"href":"https:\/\/www.europesays.com\/fr\/wp-json\/wp\/v2\/tags?post=102932"}],"curies":[{"name":"wp","href":"https:\/\/api.w.org\/{rel}","templated":true}]}}