{"id":1029439,"date":"2026-06-28T06:39:26","date_gmt":"2026-06-28T06:39:26","guid":{"rendered":"https:\/\/www.europesays.com\/fr\/1029439\/"},"modified":"2026-06-28T06:39:26","modified_gmt":"2026-06-28T06:39:26","slug":"fin-de-la-vigilance-rouge-canicule-en-ile-de-france-plus-que-deux-departements-concernes-a-lest","status":"publish","type":"post","link":"https:\/\/www.europesays.com\/fr\/1029439\/","title":{"rendered":"Fin de la vigilance rouge canicule en \u00cele-de-France, plus que deux d\u00e9partements concern\u00e9s \u00e0 l\u2019Est"},"content":{"rendered":"<p>        <img decoding=\"async\" loading=\"lazy\" src=\"https:\/\/www.europesays.com\/fr\/wp-content\/uploads\/2026\/06\/8058817_upload-1-jptfdilejgcx-afp-20260622-hl-fscheiber-3206262-v1-highres-francehotwavesthermometer.jpeg\"  width=\"728\" height=\"409\" alt=\"Le pire de l\u2019\u00e9pisode caniculaire est pass\u00e9 mais deux d\u00e9partements restent en vigilance maximale ce dimanche.\"\/>  <\/p>\n<p>FREDERIC SCHEIBER \/ Hans Lucas via AFP<\/p>\n<p>Le pire de l\u2019\u00e9pisode caniculaire est pass\u00e9 mais deux d\u00e9partements restent en vigilance maximale ce dimanche.<\/p>\n<p>      <strong>EN BREF<\/strong> <strong>\u2022 <\/strong>La vigilance rouge canicule est lev\u00e9e en \u00cele-de-France et dans quatorze d\u00e9partements, seuls le Bas-Rhin et le Haut-Rhin restent concern\u00e9s jusqu\u2019\u00e0 ce soir.<br \/><strong>\u2022 <\/strong>La vague de chaleur d\u00e9passe l\u2019intensit\u00e9 de 2003\u00a0et les temp\u00e9ratures restent \u00e9lev\u00e9es dans l\u2019Est.<br \/><strong>\u2022 <\/strong>Les risques m\u00e9t\u00e9o persistent avec des orages et des risques de feux de for\u00eats.                         <\/p>\n<p class=\"asset asset-text\">Une semaine en rouge. Dans son bulletin publi\u00e9 ce dimanche 28\u00a0juin \u00e0 6\u00a0heures, M\u00e9t\u00e9o-France a lev\u00e9 <a href=\"https:\/\/www.huffingtonpost.fr\/france\/article\/le-record-de-la-journee-la-plus-chaude-egale-ce-mercredi-24-juin-avec-une-temperature-de-29-9-degres_276840.html\" rel=\"nofollow noopener\" target=\"_blank\">la vigilance rouge canicule<\/a> en \u00cele-de-France comme dans quatorze autres d\u00e9partements de la moiti\u00e9 Est du pays. Il ne reste plus que deux d\u00e9partements en alerte maximale\u00a0: le Bas-Rhin et le Haut-Rhin, qui passeront en orange ce dimanche \u00e0 22\u00a0heures.<\/p>\n<p class=\"asset asset-text\">\u00ab\u00a0Cet \u00e9pisode exceptionnel d\u00e9passe celui d\u2019<a href=\"https:\/\/www.huffingtonpost.fr\/france\/article\/aout-2003-l-ete-qui-reste-la-mesure-de-toutes-les-canicules_275091.html\" rel=\"nofollow noopener\" target=\"_blank\">ao\u00fbt\u00a02003<\/a>\u00a0en termes d\u2019intensit\u00e9 et est \u00e9quivalent en termes de dur\u00e9e\u00a0\u00bb, a soulign\u00e9 M\u00e9t\u00e9o-France ce samedi. Cette nouvelle carte confirme cependant que le plus fort de la vague de chaleur qui a d\u00e9but\u00e9 mercredi 17\u00a0juin est derri\u00e8re nous, <a href=\"https:\/\/www.huffingtonpost.fr\/france\/article\/la-fin-de-la-canicule-s-amorce-tres-legerement-ce-jeudi-mais-pas-de-maniere-egale-sur-le-territoire_276971.html\" rel=\"nofollow noopener\" target=\"_blank\">des d\u00e9partements de la fa\u00e7ade ouest basculant m\u00eame en vert<\/a>.<\/p>\n<p>         <img decoding=\"async\" loading=\"lazy\" src=\"https:\/\/www.europesays.com\/fr\/wp-content\/uploads\/2026\/06\/70332d7_upload-1-im3f9iu1jbvd-capture-d-ecran-2026-06-28-071920.png\"  width=\"728\" height=\"617\" alt=\"Seuls deux d\u00e9partements restent en vigilance maximale ce dimanche.\"\/>  <\/p>\n<p>M\u00e9t\u00e9o-France<\/p>\n<p>Seuls deux d\u00e9partements restent en vigilance maximale ce dimanche.<\/p>\n<p>     D\u2019autres risques m\u00e9t\u00e9o se poursuivent    <\/p>\n<p class=\"asset asset-text\">Il n\u2019en reste pas moins que les temp\u00e9ratures dans l\u2019Est resteront \u00ab\u00a0deux \u00e0 trois degr\u00e9s au-dessus des normales\u00a0\u00bb sur l\u2019ensemble du pays. Il fera ainsi plus de 30\u00a0degr\u00e9s sur une tr\u00e8s grande partie de l\u2019Hexagone.<\/p>\n<p class=\"asset asset-text\">Surtout, a pr\u00e9venu Matignon \u00e0 l\u2019issue d\u2019une nouvelle cellule interminist\u00e9rielle de crise qui s\u2019est tenue ce samedi, \u00ab\u00a0la fin de la chaleur ne signifie pas la fin du risque m\u00e9t\u00e9o\u00a0\u00bb. Les orages continuent ainsi de planer sur le pays et les conditions pour les feux de for\u00eats sont r\u00e9unies. \u00ab\u00a0La vigilance devra s\u2019exercer au cours des prochains jours du fait de <a href=\"https:\/\/www.huffingtonpost.fr\/environnement\/video\/canicule-qu-est-ce-que-l-effet-seche-cheveux-qui-met-en-danger-les-plantes-et-les-arbres_278104.html\" rel=\"nofollow noopener\" target=\"_blank\">la s\u00e9cheresse de la v\u00e9g\u00e9tation<\/a> et de l\u2019arriv\u00e9e du mistral et de la tramontane\u00a0\u00bb, avertissent les services du Premier ministre.<\/p>\n<p class=\"asset asset-text\">L\u2019entourage de S\u00e9bastien Lecornu a aussi pr\u00e9venu que le pic de l\u2019activit\u00e9 hospitali\u00e8re li\u00e9e \u00e0 la canicule allait se transformer en plateau haut. Il est encore beaucoup trop t\u00f4t pour annoncer la fin d\u00e9finitive de cet \u00e9pisode.<\/p>\n","protected":false},"excerpt":{"rendered":"FREDERIC SCHEIBER \/ Hans Lucas via AFP Le pire de l\u2019\u00e9pisode caniculaire est pass\u00e9 mais deux d\u00e9partements restent&hellip;\n","protected":false},"author":2,"featured_media":1026420,"comment_status":"","ping_status":"","sticky":false,"template":"","format":"standard","meta":{"footnotes":"","_share_on_mastodon":"0"},"categories":[1592],"tags":[1111,11,6698,1777,674,1011,27,662,2487,2357,12,626,25,35567],"class_list":["post-1029439","post","type-post","status-publish","format-standard","has-post-thumbnail","category-ile-de-france","tag-actu","tag-actualites","tag-canicule","tag-eu","tag-europe","tag-fr","tag-france","tag-ile-de-france","tag-meteo","tag-meteo-france","tag-news","tag-paris","tag-republique-francaise","tag-vigilance-rouge"],"share_on_mastodon":{"url":"https:\/\/pubeurope.com\/@fr\/116826366654493098","error":""},"_links":{"self":[{"href":"https:\/\/www.europesays.com\/fr\/wp-json\/wp\/v2\/posts\/1029439","targetHints":{"allow":["GET"]}}],"collection":[{"href":"https:\/\/www.europesays.com\/fr\/wp-json\/wp\/v2\/posts"}],"about":[{"href":"https:\/\/www.europesays.com\/fr\/wp-json\/wp\/v2\/types\/post"}],"author":[{"embeddable":true,"href":"https:\/\/www.europesays.com\/fr\/wp-json\/wp\/v2\/users\/2"}],"replies":[{"embeddable":true,"href":"https:\/\/www.europesays.com\/fr\/wp-json\/wp\/v2\/comments?post=1029439"}],"version-history":[{"count":0,"href":"https:\/\/www.europesays.com\/fr\/wp-json\/wp\/v2\/posts\/1029439\/revisions"}],"wp:featuredmedia":[{"embeddable":true,"href":"https:\/\/www.europesays.com\/fr\/wp-json\/wp\/v2\/media\/1026420"}],"wp:attachment":[{"href":"https:\/\/www.europesays.com\/fr\/wp-json\/wp\/v2\/media?parent=1029439"}],"wp:term":[{"taxonomy":"category","embeddable":true,"href":"https:\/\/www.europesays.com\/fr\/wp-json\/wp\/v2\/categories?post=1029439"},{"taxonomy":"post_tag","embeddable":true,"href":"https:\/\/www.europesays.com\/fr\/wp-json\/wp\/v2\/tags?post=1029439"}],"curies":[{"name":"wp","href":"https:\/\/api.w.org\/{rel}","templated":true}]}}