{"id":1029444,"date":"2026-06-28T06:43:20","date_gmt":"2026-06-28T06:43:20","guid":{"rendered":"https:\/\/www.europesays.com\/fr\/1029444\/"},"modified":"2026-06-28T06:43:20","modified_gmt":"2026-06-28T06:43:20","slug":"meteo-les-previsions-meteorologiques-du-dimanche-28-juin-2026-a-vitry-sur-seine-et-ses-environs","status":"publish","type":"post","link":"https:\/\/www.europesays.com\/fr\/1029444\/","title":{"rendered":"M\u00e9t\u00e9o. Les pr\u00e9visions m\u00e9t\u00e9orologiques du dimanche 28 juin 2026 \u00e0 Vitry-sur-Seine et ses environs"},"content":{"rendered":"<p>La matin\u00e9e d\u00e9butera sous un voile de nuages \u00e9lev\u00e9s, puis le ciel deviendra tr\u00e8s nuageux avant de se couvrir durablement, avec une att\u00e9nuation en fin de p\u00e9riode. La temp\u00e9rature progressera de 23 \u00b0C \u00e0 28 \u00b0C. Le vent soufflera d\u2019abord de Sud-Ouest entre 10 et 15 km\/h, avec des rafales jusqu\u2019\u00e0 25 km\/h, puis s\u2019orientera vers l\u2019Ouest-Sud-Ouest et enfin Sud-Sud-Ouest, tout en restant faible. L\u2019humidit\u00e9 reculera au fil des heures.<\/p>\n<p>Au cours de l\u2019apr\u00e8s-midi, dans la continuit\u00e9 de cette matin\u00e9e chaude, les temp\u00e9ratures grimperont, passant de 30 \u00b0C \u00e0 la mi-journ\u00e9e pour atteindre 33 \u00b0C en milieu d\u2019apr\u00e8s-midi, avant de redescendre vers 31 \u00b0C en fin de p\u00e9riode. Le ciel, d\u2019abord tr\u00e8s nuageux puis couvert, s\u2019\u00e9claircira avec un passage \u00e0 un ciel peu nuageux. Le vent d\u2019Ouest puis d\u2019Ouest-Nord-Ouest se renforcera, passant de 10 \u00e0 20 km\/h, avec des rafales pouvant atteindre 45 km\/h. L\u2019humidit\u00e9 restera mod\u00e9r\u00e9e.<\/p>\n<p>En soir\u00e9e, dans le prolongement de cet apr\u00e8s-midi vent\u00e9, la chaleur restera marqu\u00e9e avec 31 \u00b0C en d\u00e9but de p\u00e9riode avant de reculer vers 27 \u00b0C en fin de nuit. Le ciel passera d\u2019un \u00e9tat d\u00e9gag\u00e9 \u00e0 une couverture tr\u00e8s importante, puis \u00e0 un voile de nuages \u00e9lev\u00e9s, avant de s\u2019\u00e9claircir et de se voiler de nouveau vers 23 h. Le vent, d\u2019abord d\u2019Ouest-Nord-Ouest entre 15 et 20 km\/h avec des rafales \u00e0 35 km\/h, tournera Nord-Ouest puis Nord en conservant des pointes proches de 30 \u00e0 35 km\/h. L\u2019humidit\u00e9 augmentera au fil des heures.<\/p>\n<p>Au cours de la nuit pr\u00e9c\u00e9dant le lundi 29 juin 2026, dans une ambiance devenue plus humide, la temp\u00e9rature reculera de 24 \u00b0C en d\u00e9but de p\u00e9riode \u00e0 19 \u00b0C avant l\u2019aube. Le vent restera mod\u00e9r\u00e9, oscillant entre 15 et 20 km\/h, avec des rafales pouvant atteindre 35 km\/h. Il s\u2019orientera du Nord vers le Nord-Ouest, puis reviendra Nord-Nord-Ouest. Le ciel restera tr\u00e8s charg\u00e9, passant d\u2019un voile de nuages \u00e9lev\u00e9s \u00e0 un couvert durable, avant un all\u00e8gement en fin de nuit. L\u2019humidit\u00e9 restera marqu\u00e9e.<\/p>\n<p>Demain, dans le prolongement de cette nuit toujours nuageuse, la journ\u00e9e d\u00e9butera sous un ciel tr\u00e8s charg\u00e9, avec des temp\u00e9ratures proches de 18 \u00b0C et un vent de Nord-Nord-Ouest soufflant autour de 15 km\/h, avec des rafales pouvant atteindre 30 km\/h. En milieu de journ\u00e9e, le ciel restera voil\u00e9, tandis que la temp\u00e9rature grimpera vers 23 puis 27 \u00b0C et que les rafales faibliront. En fin d\u2019apr\u00e8s-midi, le ciel se d\u00e9gagera, la temp\u00e9rature approchera 29 \u00b0C et l\u2019humidit\u00e9 diminuera progressivement.<\/p>\n<p><a href=\"https:\/\/www.ouest-france.fr\/meteo\/ile-de-france\/vitry-sur-seine-94400\/\" rel=\"nofollow noopener\" target=\"_blank\">Suivez la m\u00e9t\u00e9o de votre commune en temps r\u00e9el<\/a><\/p>\n<p>Ouest-France vous donne \u00e9galement la possibilit\u00e9 de conna\u00eetre la m\u00e9t\u00e9o de votre commune, heure par heure, sur notre page m\u00e9t\u00e9o d\u00e9di\u00e9e<\/p>\n","protected":false},"excerpt":{"rendered":"La matin\u00e9e d\u00e9butera sous un voile de nuages \u00e9lev\u00e9s, puis le ciel deviendra tr\u00e8s nuageux avant de se&hellip;\n","protected":false},"author":2,"featured_media":831959,"comment_status":"","ping_status":"","sticky":false,"template":"","format":"standard","meta":{"footnotes":"","_share_on_mastodon":"0"},"categories":[1888],"tags":[11,24583,50925,1777,674,1011,27,90557,24588,12,16483,626,25,90558,12654],"class_list":["post-1029444","post","type-post","status-publish","format-standard","has-post-thumbnail","category-paris","tag-actualites","tag-alfortville","tag-choisy-le-roi","tag-eu","tag-europe","tag-fr","tag-france","tag-lhay-les-roses","tag-maisons-alfort","tag-news","tag-orly","tag-paris","tag-republique-francaise","tag-thiais","tag-vitry-sur-seine"],"share_on_mastodon":{"url":"https:\/\/pubeurope.com\/@fr\/116826381098648162","error":""},"_links":{"self":[{"href":"https:\/\/www.europesays.com\/fr\/wp-json\/wp\/v2\/posts\/1029444","targetHints":{"allow":["GET"]}}],"collection":[{"href":"https:\/\/www.europesays.com\/fr\/wp-json\/wp\/v2\/posts"}],"about":[{"href":"https:\/\/www.europesays.com\/fr\/wp-json\/wp\/v2\/types\/post"}],"author":[{"embeddable":true,"href":"https:\/\/www.europesays.com\/fr\/wp-json\/wp\/v2\/users\/2"}],"replies":[{"embeddable":true,"href":"https:\/\/www.europesays.com\/fr\/wp-json\/wp\/v2\/comments?post=1029444"}],"version-history":[{"count":0,"href":"https:\/\/www.europesays.com\/fr\/wp-json\/wp\/v2\/posts\/1029444\/revisions"}],"wp:featuredmedia":[{"embeddable":true,"href":"https:\/\/www.europesays.com\/fr\/wp-json\/wp\/v2\/media\/831959"}],"wp:attachment":[{"href":"https:\/\/www.europesays.com\/fr\/wp-json\/wp\/v2\/media?parent=1029444"}],"wp:term":[{"taxonomy":"category","embeddable":true,"href":"https:\/\/www.europesays.com\/fr\/wp-json\/wp\/v2\/categories?post=1029444"},{"taxonomy":"post_tag","embeddable":true,"href":"https:\/\/www.europesays.com\/fr\/wp-json\/wp\/v2\/tags?post=1029444"}],"curies":[{"name":"wp","href":"https:\/\/api.w.org\/{rel}","templated":true}]}}