{"id":1029476,"date":"2026-06-28T07:04:15","date_gmt":"2026-06-28T07:04:15","guid":{"rendered":"https:\/\/www.europesays.com\/fr\/1029476\/"},"modified":"2026-06-28T07:04:15","modified_gmt":"2026-06-28T07:04:15","slug":"a-2-euros-la-navette-decouvrez-le-restaurant-favori-de-franck-dubosc-niche-sur-une-ile-du-lac-du-bois-de-boulogne","status":"publish","type":"post","link":"https:\/\/www.europesays.com\/fr\/1029476\/","title":{"rendered":"\u00c0 2 euros la navette, d\u00e9couvrez le restaurant favori de Franck Dubosc nich\u00e9 sur une \u00eele du lac du bois de Boulogne"},"content":{"rendered":"<p>Alors que <strong>Franck Dubosc<\/strong> est actuellement<br \/>\nmobilis\u00e9 en Normandie pour le tournage de son nouveau long-m\u00e9trage<br \/>\n5h48 place des Martyrs, le com\u00e9dien continue de cultiver son go\u00fbt<br \/>\npour les plaisirs simples. Entre deux journ\u00e9es de tournage au<br \/>\nHavre, le r\u00e9alisateur de Un Ours dans le Jura repense aussi \u00e0 ses<br \/>\nparenth\u00e8ses plus paisibles pr\u00e8s de son domicile de<br \/>\nNeuilly-sur-Seine. Parmi elles, une adresse tr\u00e8s particuli\u00e8re<br \/>\nsitu\u00e9e au c\u0153ur du bois de Boulogne, qu&rsquo;il affectionne tout<br \/>\nparticuli\u00e8rement.<\/p>\n<p>Franck Dubosc plong\u00e9 dans son nouveau film en Normandie<\/p>\n<p>Depuis le 15 juin, le com\u00e9dien a pos\u00e9 ses cam\u00e9ras au Havre avec<br \/>\ntoute son \u00e9quipe. Son nouveau film, 5h48 place des Martyrs, r\u00e9unit<br \/>\n<strong>Beno\u00eet Poelvoorde<\/strong>, <strong>Catherine<br \/>\nFrot<\/strong>, <strong>Denis Podalyd\u00e8s<\/strong> et<br \/>\n<strong>Emmanuelle B\u00e9art<\/strong>. Un casting prestigieux qui<br \/>\nimpressionne le cin\u00e9aste normand. \u00ab C&rsquo;est agr\u00e9able parce que \u00e7a<br \/>\nmontre que le sc\u00e9nario leur a plu \u00bb, confie-t-il \u00e0<br \/>\nFranceinfo. Puis il ajoute : \u00ab C&rsquo;est un vrai orchestre<br \/>\nsymphonique. Il faut diriger chaque instrument comme il faut.<br \/>\n\u00bb <a href=\"https:\/\/www.melty.fr\/people\/a-62-ans-franck-dubosc-se-met-totalement-a-nu-je-me-suis-rendu-compte-que-2284846.html\" rel=\"nofollow noopener\" target=\"_blank\"><br \/>\nL&rsquo;acteur de 62 ans<\/a>, r\u00e9compens\u00e9 aux C\u00e9sar 2026 pour le sc\u00e9nario<br \/>\noriginal de Un Ours dans le Jura, cor\u00e9alise cette nouvelle com\u00e9die<br \/>\nsociale avec Sarah Kaminsky.<\/p>\n<p>L&rsquo;histoire met en sc\u00e8ne un chauffeur du bus de 5 h 48 au Havre.<br \/>\nL\u00e9g\u00e8rement d\u00e9pressif, il d\u00e9cide un jour de prendre ses passagers en<br \/>\notage, avec leur consentement. Une intrigue originale que Franck<br \/>\nDubosc tenait \u00e0 situer dans <strong>sa Normandie natale<\/strong>. \u00ab<br \/>\nJe voulais que ce film-l\u00e0 se passe, au moins, dans ma r\u00e9gion<br \/>\n\u00bb, explique-t-il \u00e0 nos confr\u00e8res. \u00ab Le Havre est<br \/>\ncin\u00e9matographique. Il y a la mer, les docks et la ville. \u00bb Le<br \/>\nr\u00e9alisateur loue \u00e9galement l&rsquo;accueil des \u00e9quipes municipales. \u00ab<br \/>\nOn nous aide \u00e0 venir tourner ici. C&rsquo;est vachement bien \u00bb,<br \/>\nsouligne-t-il.<\/p>\n<p>Une vie entre Neuilly-sur-Seine et les plateaux de cin\u00e9ma<\/p>\n<p>Install\u00e9 depuis plus de vingt ans \u00e0 Neuilly-sur-Seine, troisi\u00e8me<br \/>\nville la plus riche de France, l&rsquo;humoriste appr\u00e9cie <strong>les<br \/>\nescapades proches de chez lui<\/strong>. D\u00e9but mai, il partageait<br \/>\nd&rsquo;ailleurs sur Instagram un endroit qui lui est cher. \u00ab<br \/>\nToujours un bonheur d&rsquo;aller d\u00e9jeuner Aux Chalets des \u00celes<br \/>\n\u00bb, \u00e9crivait-il. Cette maison embl\u00e9matique est nich\u00e9e sur une \u00eele du<br \/>\nlac du bois de Boulogne. Son charme hors du temps s\u00e9duit<br \/>\nimm\u00e9diatement les visiteurs.<\/p>\n<p>L&rsquo;\u00e9tablissement poss\u00e8de une histoire singuli\u00e8re.<br \/>\n<strong>Napol\u00e9on III<\/strong> l&rsquo;avait offert \u00e0 son \u00e9pouse Eug\u00e9nie.<br \/>\nPassionn\u00e9e par les chalets de Berne, elle avait inspir\u00e9 son mari,<br \/>\nqui fit venir cette construction directement de Suisse.<br \/>\nAujourd&rsquo;hui, le lieu promet \u00ab une atmosph\u00e8re conviviale \u00e0<br \/>\nl&rsquo;int\u00e9rieur et de grandes terrasses plein soleil \u00e0 l&rsquo;ext\u00e9rieur<br \/>\n\u00bb. La cuisine, quant \u00e0 elle, est bistronomique et v\u00e9g\u00e9tale. Elle<br \/>\nmet \u00e0 l&rsquo;honneur des produits frais et de saison.<\/p>\n<p>Une travers\u00e9e en bateau et des<br \/>\nassiettes raffin\u00e9es<\/p>\n<p>Ce restaurant atypique n&rsquo;est accessible qu&rsquo;en empruntant une<br \/>\npetite navette fluviale. La travers\u00e9e co\u00fbte <strong>seulement 2<br \/>\neuros<\/strong>. Une particularit\u00e9 qui participe au charme des lieux<br \/>\net explique pourquoi Franck Dubosc y retourne r\u00e9guli\u00e8rement. Aux<br \/>\ncommandes des cuisines, <strong>Pierre Chomet<\/strong>, ancien<br \/>\nquart de finaliste de Top Chef saison 12, propose<br \/>\nune carte inspir\u00e9e par la nature environnante. Une burrata<br \/>\naccompagn\u00e9e de roquette et de <strong>pistaches est affich\u00e9e \u00e0 16<br \/>\neuros<\/strong>.<\/p>\n<p>Le gaspacho d&rsquo;amande est propos\u00e9 au m\u00eame tarif. Pour les plats,<br \/>\nil faut compter 28 euros pour un saumon en cro\u00fbte et 33 euros pour<br \/>\nun agneau grill\u00e9. <a href=\"https:\/\/www.melty.fr\/people\/iris-mittenaere-revele-ses-3-parfums-de-glaces-preferes-voici-les-saveurs-qui-la-font-craquer-cet-ete-2326647.html\" rel=\"nofollow noopener\" target=\"_blank\"><br \/>\nLes amateurs de desserts<\/a> peuvent d\u00e9guster les cr\u00e9ations de<br \/>\n<strong>Nicolas Paciello<\/strong>. Tarte fine aux pommes, \u00e9clair au<br \/>\ncaramel ou sabl\u00e9 au citron compl\u00e8tent cette parenth\u00e8se<br \/>\ngourmande.<\/p>\n","protected":false},"excerpt":{"rendered":"Alors que Franck Dubosc est actuellement mobilis\u00e9 en Normandie pour le tournage de son nouveau long-m\u00e9trage 5h48 place&hellip;\n","protected":false},"author":2,"featured_media":1029477,"comment_status":"","ping_status":"","sticky":false,"template":"","format":"standard","meta":{"footnotes":"","_share_on_mastodon":"0"},"categories":[1359],"tags":[58,59,1011,27,7187,973,65861],"class_list":["post-1029476","post","type-post","status-publish","format-standard","has-post-thumbnail","category-people","tag-divertissement","tag-entertainment","tag-fr","tag-france","tag-franck-dubosc","tag-people","tag-trend"],"share_on_mastodon":{"url":"https:\/\/pubeurope.com\/@fr\/116826463760824996","error":""},"_links":{"self":[{"href":"https:\/\/www.europesays.com\/fr\/wp-json\/wp\/v2\/posts\/1029476","targetHints":{"allow":["GET"]}}],"collection":[{"href":"https:\/\/www.europesays.com\/fr\/wp-json\/wp\/v2\/posts"}],"about":[{"href":"https:\/\/www.europesays.com\/fr\/wp-json\/wp\/v2\/types\/post"}],"author":[{"embeddable":true,"href":"https:\/\/www.europesays.com\/fr\/wp-json\/wp\/v2\/users\/2"}],"replies":[{"embeddable":true,"href":"https:\/\/www.europesays.com\/fr\/wp-json\/wp\/v2\/comments?post=1029476"}],"version-history":[{"count":0,"href":"https:\/\/www.europesays.com\/fr\/wp-json\/wp\/v2\/posts\/1029476\/revisions"}],"wp:featuredmedia":[{"embeddable":true,"href":"https:\/\/www.europesays.com\/fr\/wp-json\/wp\/v2\/media\/1029477"}],"wp:attachment":[{"href":"https:\/\/www.europesays.com\/fr\/wp-json\/wp\/v2\/media?parent=1029476"}],"wp:term":[{"taxonomy":"category","embeddable":true,"href":"https:\/\/www.europesays.com\/fr\/wp-json\/wp\/v2\/categories?post=1029476"},{"taxonomy":"post_tag","embeddable":true,"href":"https:\/\/www.europesays.com\/fr\/wp-json\/wp\/v2\/tags?post=1029476"}],"curies":[{"name":"wp","href":"https:\/\/api.w.org\/{rel}","templated":true}]}}