{"id":1029499,"date":"2026-06-28T07:19:52","date_gmt":"2026-06-28T07:19:52","guid":{"rendered":"https:\/\/www.europesays.com\/fr\/1029499\/"},"modified":"2026-06-28T07:19:52","modified_gmt":"2026-06-28T07:19:52","slug":"fete-du-livre-a-saint-etienne-les-auteurs-stephanois-presents-en-nombre","status":"publish","type":"post","link":"https:\/\/www.europesays.com\/fr\/1029499\/","title":{"rendered":"F\u00eate du livre \u00e0 Saint-\u00c9tienne : les auteurs st\u00e9phanois pr\u00e9sents en nombre"},"content":{"rendered":"<p><img loading=\"lazy\" decoding=\"async\" alt=\"La F\u00eate du livre de Saint-\u00c9tienne va se vivre sur trois jours avec 180 auteurs. - \u00a9 Magnific\" data-zoom-src=\"https:\/\/www.europesays.com\/fr\/wp-content\/uploads\/2026\/06\/initial-fete-du-livre-saint-etienne.jpg\" data-zoomable=\"\" height=\"702\" src=\"https:\/\/www.europesays.com\/fr\/wp-content\/uploads\/2026\/06\/initial-fete-du-livre-saint-etienne.jpg\" width=\"1248\"\/>  <\/p>\n<p class=\"article-desc\">La F\u00eate du livre de Saint-\u00c9tienne va se vivre sur trois jours avec 180 auteurs. &#8211; \u00a9 Magnific <\/p>\n<p>\u00ab\u00a0Nous voulons continuer \u00e0 faire de cette F\u00eate du livre un \u00e9v\u00e8nement vivant et rassembleur.\u00a0\u00bb <strong>Anna Jouchoux<\/strong>, commissaire de la F\u00eate du livre, a donn\u00e9 le ton pour annoncer la <strong>40e \u00e9dition<\/strong> de ce rassemblement culturel, qui aura lieu du <strong>9 au 11 octobre 2026<\/strong> dans le centre-ville de Saint-\u00c9tienne. Avec notamment <strong>Bernard Minier<\/strong>, auteur \u00e0 succ\u00e8s, qui a vendu plus de sept millions de livres en France et plus d\u2019un million \u00e0 l\u2019\u00e9tranger, en qualit\u00e9 de parrain. <\/p>\n<p>Il vient pr\u00e9senter son dernier roman Ruptures, paru aux \u00e9ditions XO. <strong>Polina Panassenko<\/strong> est<strong> la marraine<\/strong> du festival Les mots en sc\u00e8ne, m\u00ealant litt\u00e9rature et spectacle. L\u2019autrice et com\u00e9dienne russe a un lien fort avec la cit\u00e9 st\u00e9phanoise, ayant \u00e9t\u00e9 form\u00e9e \u00e0 la Com\u00e9die de Saint-\u00c9tienne. Elle pr\u00e9sentera \u00c0 voix haute, son dernier ouvrage.<\/p>\n<p> Dominique Rocheteau, Pica, Luc Chomarat comme repr\u00e9sentants de la litt\u00e9rature st\u00e9phanoise <\/p>\n<p>Parmi les grands noms annonc\u00e9s, l\u2019acteur <strong>Guillaume de Tonqu\u00e9dec<\/strong> viendra d\u00e9fendre son ouvrage Ta m\u00e8re et moi, aux \u00e9ditions Stock, tandis que Mac Lesggy sera pr\u00e9sent pour Toutes les v\u00e9rit\u00e9s scientifiques sont bonnes \u00e0 dire. Les auteurs lig\u00e9riens seront de la partie avec la l\u00e9gende de l\u2019ASSE <strong>Dominique Rocheteau<\/strong>, pour son ouvrage Soif d&rsquo;id\u00e9al &#8211; Mes ann\u00e9es foot, Pica, natif de Saint-\u00c9tienne, qui est le dessinateur de la BD \u00e0 succ\u00e8s Les Profs.<\/p>\n<p><strong>Luc Chomarat<\/strong>, laur\u00e9at du Grand Prix de litt\u00e9rature polici\u00e8re en 2016, ayant grandi \u00e0 Saint-\u00c9tienne, viendra d\u00e9fendre La fin de la r\u00e9cr\u00e9. Le l\u00e9gendaire chef cuisinier <strong>R\u00e9gis Marcon<\/strong> sera pr\u00e9sent pour Transmettre : La Cuisine en h\u00e9ritage, un entretien avec ses deux fils, Jacques et Paul Marcon.<\/p>\n<p>La F\u00eate du livre va se vivre sur trois jours avec <strong>180 auteurs<\/strong>, du vendredi 9 au dimanche 11 octobre, entre la place Jean-Jaur\u00e8s, l\u2019H\u00f4tel de Ville, la place Dorian ou encore la place Chavanelle. L\u2019\u00e9dition pr\u00e9c\u00e9dente avait r\u00e9uni plus de <strong>40 000 personnes<\/strong> l\u2019an pass\u00e9. <\/p>\n","protected":false},"excerpt":{"rendered":"La F\u00eate du livre de Saint-\u00c9tienne va se vivre sur trois jours avec 180 auteurs. &#8211; \u00a9 Magnific&hellip;\n","protected":false},"author":2,"featured_media":1029500,"comment_status":"","ping_status":"","sticky":false,"template":"","format":"standard","meta":{"footnotes":"","_share_on_mastodon":"0"},"categories":[9653],"tags":[1111,11,2430,1777,674,1011,27,107370,1380,12,25,4001,15880],"class_list":["post-1029499","post","type-post","status-publish","format-standard","has-post-thumbnail","category-saint-etienne","tag-actu","tag-actualites","tag-auvergne-rhone-alpes","tag-eu","tag-europe","tag-fr","tag-france","tag-fu00eate-du-livre","tag-livres","tag-news","tag-republique-francaise","tag-saint-etienne","tag-ville-de-saint-etienne"],"share_on_mastodon":{"url":"https:\/\/pubeurope.com\/@fr\/116826527870744748","error":""},"_links":{"self":[{"href":"https:\/\/www.europesays.com\/fr\/wp-json\/wp\/v2\/posts\/1029499","targetHints":{"allow":["GET"]}}],"collection":[{"href":"https:\/\/www.europesays.com\/fr\/wp-json\/wp\/v2\/posts"}],"about":[{"href":"https:\/\/www.europesays.com\/fr\/wp-json\/wp\/v2\/types\/post"}],"author":[{"embeddable":true,"href":"https:\/\/www.europesays.com\/fr\/wp-json\/wp\/v2\/users\/2"}],"replies":[{"embeddable":true,"href":"https:\/\/www.europesays.com\/fr\/wp-json\/wp\/v2\/comments?post=1029499"}],"version-history":[{"count":0,"href":"https:\/\/www.europesays.com\/fr\/wp-json\/wp\/v2\/posts\/1029499\/revisions"}],"wp:featuredmedia":[{"embeddable":true,"href":"https:\/\/www.europesays.com\/fr\/wp-json\/wp\/v2\/media\/1029500"}],"wp:attachment":[{"href":"https:\/\/www.europesays.com\/fr\/wp-json\/wp\/v2\/media?parent=1029499"}],"wp:term":[{"taxonomy":"category","embeddable":true,"href":"https:\/\/www.europesays.com\/fr\/wp-json\/wp\/v2\/categories?post=1029499"},{"taxonomy":"post_tag","embeddable":true,"href":"https:\/\/www.europesays.com\/fr\/wp-json\/wp\/v2\/tags?post=1029499"}],"curies":[{"name":"wp","href":"https:\/\/api.w.org\/{rel}","templated":true}]}}