{"id":102954,"date":"2025-05-15T22:22:12","date_gmt":"2025-05-15T22:22:12","guid":{"rendered":"https:\/\/www.europesays.com\/fr\/102954\/"},"modified":"2025-05-15T22:22:12","modified_gmt":"2025-05-15T22:22:12","slug":"il-proposait-aux-garcons-de-passer-les-oraux-de-francais-dans-sa-chambre-un-betharram-leonard-au-kreisker-de-saint-pol","status":"publish","type":"post","link":"https:\/\/www.europesays.com\/fr\/102954\/","title":{"rendered":"\u00ab\u00a0Il proposait aux gar\u00e7ons de passer les oraux de fran\u00e7ais dans sa chambre\u00a0\u00bb\u00a0: un B\u00e9tharram l\u00e9onard au Kreisker de Saint-Pol\u00a0?"},"content":{"rendered":"<p>Dominique Cueff, 55 ans,\ufeff s\u2019\u00e9tait promis, plus jeune, de \u00ab\u00a0le retrouver pour lui faire la peau\u00a0\u00bb. D\u00e9but avril, il a t\u00e9l\u00e9phon\u00e9 \u00e0 cet enseignant qui, en 1979 (il avait 11 ans), l\u2019a baff\u00e9 puis lui \u00ab\u00a0a ass\u00e9n\u00e9 un coup de poing\u00a0\u00bb, en pleine salle de classe de 6e, assure-t-il. Ce qui aurait motiv\u00e9 les coups\u00a0? \u00ab\u00a0Mes r\u00e9sultats scolaires \u00e9taient assez m\u00e9diocres et j\u2019avais commenc\u00e9 \u00e0 fumer. Une habitude dont il avait visiblement eu vent et qu\u2019il n\u2019appr\u00e9ciait pas\u00a0\u00bb, imagine l\u2019ancien \u00e9l\u00e8ve. Son appel a dur\u00e9 trois petites minutes. Et lui a servi de psychoth\u00e9rapie expresse. \u00ab\u00a0Un soir, j\u2019ai entendu parler de <a href=\"https:\/\/www.letelegramme.fr\/politique\/direct-affaire-betharram-suivez-laudition-du-premier-ministre-francois-bayrou-a-lassemblee-nationale-6817445.php\" title=\"www.letelegramme.fr\" target=\"_blank\" rel=\"noopener\">B\u00e9tharram<\/a> en boucle \u00e0 la radio, retrace Dominique Cueff. J\u2019ai dit stop et fini par trouver son num\u00e9ro. Je lui ai demand\u00e9 ce qu\u2019il en pensait. Il m\u2019a r\u00e9pondu que c\u2019\u00e9tait une sale histoire. Et sur ce qui s\u2019est pass\u00e9 au Kreisker\u00a0? Que c\u2019\u00e9tait une autre \u00e9poque.\u00a0\u00bb<\/p>\n<p>L\u2019homme en question\u00a0? Andr\u00e9 Gu\u00e9guen, ancien professeur et directeur du coll\u00e8ge Sainte-Ursule, de l\u2019ensemble scolaire catholique Notre-Dame-du-Kreisker, \u00e0 Saint-Pol-de-L\u00e9on. S\u2019il est pr\u00e9sum\u00e9 innocent (selon nos informations, aucune plainte n\u2019a \u00e9t\u00e9 d\u00e9pos\u00e9e contre lui), ses comportements all\u00e9gu\u00e9s rappellent furieusement l\u2019affaire B\u00e9tharram, cet \u00e9tablissement catholique situ\u00e9 pr\u00e8s de Pau (64).<\/p>\n<p>Cette derni\u00e8re a fait tache d\u2019huile dans le L\u00e9on puisqu\u2019une douzaine d\u2019anciens \u00e9l\u00e8ves du Kreisker indiquent dans <a href=\"https:\/\/splann.org\/violences-physiques-sexuelles-kreisker-saint-pol-de-leon\/\" target=\"_blank\" rel=\"noopener\">une enqu\u00eate du m\u00e9dia Splann\u00a0! publi\u00e9e mardi 13 mai<\/a>, avoir subi, entre les ann\u00e9es 50 et 80, des violences physiques et\/ou sexuelles.<\/p>\n<p>La dizaine de t\u00e9moignages que Le T\u00e9l\u00e9gramme a recueillis confirme ces premiers \u00e9l\u00e9ments et le climat violent r\u00e9gnant tant dans l\u2019enceinte du coll\u00e8ge que du lyc\u00e9e durant cette p\u00e9riode. Et \u00e0 Saint-Pol, ces derniers jours, on ne parle que de \u00e7a\u00a0! Au point que ce jeudi, une adolescente nous a interpell\u00e9s devant l\u2019\u00e9tablissement\u00a0: \u00ab\u00a0Mon grand-p\u00e8re, ancien \u00e9l\u00e8ve, m\u2019a racont\u00e9 certaines histoires, effectivement\u00a0\u00bb.<\/p>\n<p><img decoding=\"async\" src=\"https:\/\/www.europesays.com\/fr\/wp-content\/uploads\/2025\/05\/682653c59b2d85e1a909463a.1.jpeg\" width=\"480\" height=\"300\" class=\"web_golden_m\" loading=\"lazy\" alt=\"Jusqu\u2019au d\u00e9but des ann\u00e9es 80, les gar\u00e7ons et les filles n\u2019\u00e9tudiaient pas dans le m\u00eame \u00e9tablissement.\"\/>Jusqu\u2019au d\u00e9but des ann\u00e9es 80, les gar\u00e7ons et les filles n\u2019\u00e9tudiaient pas dans le m\u00eame \u00e9tablissement. (Le T\u00e9l\u00e9gramme\/Rapha\u00ebl Ruffl\u00e9-Marjot)Un secret de polichinelle<\/p>\n<p>Si l\u2019heure est \u00e0 la lib\u00e9ration de la parole, toutes les personnes contact\u00e9es s\u2019accordent \u00e0 dire que ces faits \u00e9taient un secret de polichinelle. L\u2019afflux de messages sur les r\u00e9seaux sociaux, ces derni\u00e8res heures, l\u2019atteste \u00e9galement. \u00ab\u00a0Les gens de ma g\u00e9n\u00e9ration en veulent aux concern\u00e9s de mani\u00e8re intacte, abonde Lionel Devaux, coll\u00e9gien au Kreisker de 1976 \u00e0 1980. \u00c0 chaque fois que je revois un ancien camarade, on en discute\u00a0\u00bb. D\u00e9sormais proche de la retraite, il continue de c\u00f4toyer cet ami avec lequel il a partag\u00e9 une douloureuse exp\u00e9rience, survenue en 1977, dans le bureau d\u2019un professeur \u00ab\u00a0extr\u00eamement violent\u00a0\u00bb. Comme de nombreuses autres victimes, il d\u00e9signe Andr\u00e9 Gu\u00e9guen. \u00ab\u00a0On \u00e9tait install\u00e9s sur le perron du coll\u00e8ge avant d\u2019\u00eatre convoqu\u00e9s sans trop savoir pourquoi. Il nous a demand\u00e9 ce qu\u2019on faisait l\u00e0. J\u2019ai \u00e0 peine eu le temps de r\u00e9pondre que je me suis pris un aller-retour dans le visage. Mon voisin a pleur\u00e9. Il n\u2019a pas \u00e9t\u00e9 frapp\u00e9, mais moi, j\u2019ai re\u00e7u la m\u00eame chose une seconde fois.\u00a0\u00bb<\/p>\n<p><img decoding=\"async\" src=\"https:\/\/www.europesays.com\/fr\/wp-content\/uploads\/2025\/05\/682653c56b855e53fa0d3bb4.1.jpeg\" width=\"480\" height=\"300\" class=\"web_golden_m\" loading=\"lazy\" alt=\"Violences physiques, harc\u00e8lement ou agression sexuels, humiliations\u2026 Les t\u00e9moignages des victimes pr\u00e9sum\u00e9es du Kreisker font froid dans le dos.\"\/>Violences physiques, harc\u00e8lement ou agression sexuels, humiliations\u2026 Les t\u00e9moignages des victimes pr\u00e9sum\u00e9es du Kreisker font froid dans le dos. (Le T\u00e9l\u00e9gramme\/Rapha\u00ebl Ruffl\u00e9-Marjot)<\/p>\n<p>Christophe (*), 49 ans, \u00e9l\u00e8ve de 1987 \u00e0 1995 au coll\u00e8ge Sainte-Ursule puis au lyc\u00e9e du Kreisker, confirme avoir \u00e9t\u00e9 t\u00e9moin de la violence du diacre. D\u2019humiliations, aussi. \u00ab\u00a0Dans la cour, je l\u2019ai vu prendre des enfants par le col pour les tra\u00eener jusqu\u2019\u00e0 son bureau. Ce n\u2019\u00e9tait pas des gifles qu\u2019il leur mettait, mais des baffes donn\u00e9es avec \u00e9lan, main bien en arri\u00e8re derri\u00e8re le corps.\u00a0\u00bb<\/p>\n<blockquote><p>Les gens se doutaient que \u00e7a finirait par sortir. Leur vraie question, c\u2019\u00e9tait quand\u00a0?<\/p><\/blockquote>\n<p>Une \u00ab\u00a0trouille bleue\u00a0\u00bb<\/p>\n<p>Si d\u2019autres noms d\u2019enseignants violents circulent, Patrick, quinquag\u00e9naire rest\u00e9 vivre en Finist\u00e8re nord, garde une \u00ab\u00a0trouille bleue\u00a0\u00bb d\u2019Andr\u00e9 Gu\u00e9guen. \u00ab\u00a0Un prof qu\u2019on appelait P\u2019tit J\u00e9sus envoyait r\u00e9guli\u00e8rement des \u00e9l\u00e8ves dans le corridor [le couloir] pour aller voir \u00ab\u00a0qui tu sais\u00a0\u00bb\u2026 C\u2019\u00e9tait Gu\u00e9guen. Et il te mettait une beigne.\u00a0\u00bb Une p\u00e9riode qualifi\u00e9e de \u00ab\u00a0traumatique\u00a0\u00bb dont il se souvient en d\u00e9tail. Pour simplement avoir \u00ab\u00a0saisi un balai dans la cour\u00a0\u00bb, il assure avoir pris une grande claque par-derri\u00e8re\u00a0: \u00ab\u00a0La bague m\u2019a \u00e9clat\u00e9 la pommette\u00a0\u00bb. Confront\u00e9 au p\u00e8re de l\u2019\u00e9l\u00e8ve, Andr\u00e9 Gu\u00e9guen aurait promis qu\u2019il ne le taperait plus. Mais 15 jours apr\u00e8s, rebelote\u2026 Alors, mardi, apr\u00e8s la r\u00e9v\u00e9lation des premiers t\u00e9moignages, il dit avoir \u00ab\u00a0pleur\u00e9 toute la journ\u00e9e\u00a0\u00bb. Et s\u2019est confi\u00e9 pour la premi\u00e8re fois aupr\u00e8s de ses amis Facebook.<\/p>\n<p><img decoding=\"async\" src=\"https:\/\/www.europesays.com\/fr\/wp-content\/uploads\/2025\/05\/682653c50895a1d4bd0c69a2.1.jpeg\" width=\"480\" height=\"300\" class=\"web_golden_m\" loading=\"lazy\" alt=\"\u00c0 Saint-Pol-de-L\u00e9on, on ne parle que de l\u2019\u00ab\u00a0affaire du Kreisker\u00a0\u00bb depuis plusieurs jours.\"\/>\u00c0 Saint-Pol-de-L\u00e9on, on ne parle que de l\u2019\u00ab\u00a0affaire du Kreisker\u00a0\u00bb depuis plusieurs jours. (Le T\u00e9l\u00e9gramme\/Rapha\u00ebl Ruffl\u00e9-Marjot)<\/p>\n<p>Contact\u00e9, Andr\u00e9 Gu\u00e9guen, principal accus\u00e9 des violences physiques, n\u2019a pas r\u00e9pondu \u00e0 nos sollicitations. Il reconna\u00eet, aupr\u00e8s de Splann\u00a0!, avoir \u00ab\u00a0donn\u00e9 des gifles\u00a0\u00bb sur le coup de \u00ab\u00a0l\u2019\u00e9nervement\u00a0\u00bb, mais r\u00e9fute toute \u00ab\u00a0m\u00e9chancet\u00e9\u00a0\u00bb de sa part. Selon nos informations, l\u2019enseignant, parti \u00e0 la retraite en 2002, aurait continu\u00e9 \u00e0 avoir des comportements probl\u00e9matiques dans le cadre de la Pastorale jusqu\u2019au d\u00e9but des ann\u00e9es 2010.<\/p>\n<blockquote><p>\u00ab\u00a0Je le consid\u00e9rais comme un porc. Il me d\u00e9go\u00fbtait. Tous les \u00e9l\u00e8ves savaient qu\u2019il proposait aux gar\u00e7ons de passer les oraux de fran\u00e7ais dans sa chambre.\u00a0\u00bb<\/p><\/blockquote>\n<p>Un abb\u00e9 \u00ab\u00a0obs\u00e9d\u00e9 sexuel\u00a0\u00bb<\/p>\n<p>\u00ab\u00a0Les gens se doutaient que \u00e7a finirait par sortir. Leur vraie question, c\u2019\u00e9tait quand\u00a0?\u00a0\u00bb, assure Jean-Pierre Salou, ancien \u00e9l\u00e8ve dans les ann\u00e9es 60, qui se souvient d\u2019un \u00e9change avec un ancien professeur. La discussion est ult\u00e9rieure \u00e0 la parution <a href=\"https:\/\/www.letelegramme.fr\/finistere\/morlaix-29600\/spanjean-pierre-salouspan-il-na-pas-roti-en-enfer-2819367.php\" target=\"_blank\" rel=\"noopener\">de son livre \u00ab\u00a0Tu r\u00f4tiras en enfer\u00a0\u00bb, publi\u00e9 en 2016<\/a>, dans lequel il d\u00e9nonce le harc\u00e8lement sexuel subi aupr\u00e8s de l\u2019abb\u00e9 Jacques Choquer, aujourd\u2019hui d\u00e9c\u00e9d\u00e9 (lui aussi est pr\u00e9sum\u00e9 innocent).<\/p>\n<p>Des agissements confirm\u00e9s par Jean-Luc Rouxel, qui se rendait de fa\u00e7on hebdomadaire dans la chambre du religieux, de 1971 \u00e0 1972, en tant que responsable des pensionnaires. Il ne se consid\u00e8re pas \u00ab\u00a0victime\u00a0\u00bb mais dit avoir fait face \u00e0 \u00ab\u00a0un obs\u00e9d\u00e9 sexuel\u00a0\u00bb au comportement r\u00e9p\u00e9t\u00e9. \u00ab\u00a0C\u2019\u00e9tait toujours le m\u00eame cirque. J\u2019entrais et rapidement il se plaignait de sa cuisse en se frottant jusqu\u2019\u00e0 l\u2019aine. Avec du recul, je pense qu\u2019il se masturbait.\u00a0\u00bb<\/p>\n<p><img decoding=\"async\" src=\"https:\/\/www.europesays.com\/fr\/wp-content\/uploads\/2025\/05\/682653c5d09e5a0c6d097dfb.1.jpeg\" width=\"480\" height=\"300\" class=\"web_golden_m\" loading=\"lazy\" alt=\"De nombreux \u00e9l\u00e8ves disent avoir \u00e9t\u00e9 victimes de violences physiques et sexuelles derri\u00e8re les murs de Notre-Dame de Kreisker, \u00e0 Saint-Pol-de-L\u00e9on.\"\/>De nombreux \u00e9l\u00e8ves disent avoir \u00e9t\u00e9 victimes de violences physiques et sexuelles derri\u00e8re les murs de Notre-Dame de Kreisker, \u00e0 Saint-Pol-de-L\u00e9on. (Le T\u00e9l\u00e9gramme\/Rapha\u00ebl Ruffl\u00e9-Marjot)<\/p>\n<p>Camille (*), 51 ans, \u00e9l\u00e8ve au Kreisker de 1989 \u00e0 1992, l\u2019a eu comme professeur. \u00ab\u00a0Je le consid\u00e9rais comme un porc. Il me d\u00e9go\u00fbtait. Tous les \u00e9l\u00e8ves savaient qu\u2019il proposait aux gar\u00e7ons de passer les oraux de fran\u00e7ais dans sa chambre.\u00a0\u00bb<\/p>\n<p>De son c\u00f4t\u00e9, Jacques Urien confirme que les agissements de cet abb\u00e9 \u00e9taient d\u00e9j\u00e0 probl\u00e9matiques d\u00e8s la fin des ann\u00e9es 60. Tout en mentionnant les \u00ab\u00a0tremblements\u00a0\u00bb et \u00ab\u00a0spasmes\u00a0\u00bb d\u2019un autre religieux qui, quand il ne frappait pas, \u00ab\u00a0vous serrait fort contre lui comme pour consoler\u00a0\u00bb. Jacques Urien a compris, \u00e0 l\u2019\u00e2ge adulte, que ce dernier se procurait \u00ab\u00a0du plaisir\u00a0\u00bb.<\/p>\n<p>L\u2019omerta<\/p>\n<p>Nicolas Guillou, actuel directeur de Notre-Dame-du-Kreisker, a \u00e9t\u00e9 \u00ab\u00a0choqu\u00e9\u00a0\u00bb par ces t\u00e9moignages. \u00ab\u00a0Je comprends parfaitement le besoin des victimes de parler. Aucune \u00e9poque ne peut justifier \u00e7a\u00a0\u00bb, r\u00e9agit-il. Et de pr\u00e9ciser\u00a0: \u00ab\u00a0Les \u00e9coles sont des lieux o\u00f9 les jeunes doivent \u00eatre \u00e9duqu\u00e9s, accompagn\u00e9s et surtout prot\u00e9g\u00e9s. Maintenant, il faut aussi \u00e9viter l\u2019amalgame. Le groupe scolaire que je dirige depuis 2022 ne fonctionne pas du tout comme \u00e7a. Heureusement. Je n\u2019ai pas connaissance de ce qui s\u2019est pass\u00e9 ici avant que j\u2019arrive.\u00a0\u00bb<\/p>\n<p>D\u2019autres savaient. Dans la communaut\u00e9 \u00e9ducative, religieuse. M\u00eame des parents. Pendant des d\u00e9cennies, ils sont rest\u00e9s muets. Plusieurs t\u00e9moins \u00e9voquent une forme d\u2019omerta. Parce que la rigueur et la discipline ont souvent \u00e9t\u00e9 gages de bonne \u00e9ducation. Parce qu\u2019il \u00e9tait impossible, dans le L\u00e9on, de remettre en cause l\u2019\u00c9glise. Et parce qu\u2019avec l\u2019arriv\u00e9e de la mixit\u00e9 et le d\u00e9part progressif des religieux, dans les ann\u00e9es 80, les choses ont progressivement chang\u00e9, confessent d\u2019anciens \u00e9l\u00e8ves.<\/p>\n<p><img decoding=\"async\" src=\"https:\/\/www.europesays.com\/fr\/wp-content\/uploads\/2025\/05\/682653c4d09e5a0c6d097dfa.1.jpeg\" width=\"480\" height=\"300\" class=\"web_golden_m\" loading=\"lazy\" alt=\"Aucune des victimes des agissements pr\u00e9sum\u00e9s de certains enseignants du Kreisker n\u2019ont oubli\u00e9 le calvaire qu\u2019elles ont subi.\"\/>Aucune des victimes des agissements pr\u00e9sum\u00e9s de certains enseignants du Kreisker n\u2019ont oubli\u00e9 le calvaire qu\u2019elles ont subi. (Le T\u00e9l\u00e9gramme\/Rapha\u00ebl Ruffl\u00e9-Marjot)\u00ab\u00a0Pas pour jeter l\u2019opprobre\u00a0\u00bb<\/p>\n<p>Si Jacques Urien t\u00e9moigne aujourd\u2019hui, ce n\u2019est pas pour \u00ab\u00a0jeter l\u2019opprobre\u00a0\u00bb mais pour \u00ab\u00a0\u00e9viter que \u00e7a se reproduise\u00a0\u00bb. Un sentiment partag\u00e9 par St\u00e9phane Cloarec, maire de Saint-Pol-de-L\u00e9on, mais aussi responsable financier du groupe scolaire Notre-Dame-du-Kreisker. \u00ab\u00a0C\u2019est une bonne chose que les victimes puissent s\u2019exprimer. Il faut qu\u2019elles aillent jusqu\u2019au bout de leur d\u00e9marche. Les faits relat\u00e9s ne rel\u00e8vent pas de l\u2019autorit\u00e9. C\u2019est grave. Tr\u00e8s grave m\u00eame, s\u2019agissant des gestes p\u00e9dophiles.\u00a0\u00bb<\/p>\n<p>Celui qui estime qu\u2019on parle d\u2019une \u00e9poque r\u00e9volue, assure n\u2019avoir jamais connu de violence en tant qu\u2019\u00e9l\u00e8ve \u00e0 Notre-Dame-du-Kreisker, de 1981 \u00e0 1989. \u00ab\u00a0Il serait dommage de jeter l\u2019opprobre sur un \u00e9tablissement qui, aujourd\u2019hui, fonctionne bien\u00a0\u00bb, confie l\u2019\u00e9dile. Dont les noms de Jacques Choquer et Andr\u00e9 Gu\u00e9guen lui sont remont\u00e9s aux oreilles il y a longtemps. \u00ab\u00a0\u00c0 Saint-Pol, c\u2019\u00e9tait entendu\u2026 Mais les gens ne sont pas all\u00e9s plus loin. Jusqu\u2019\u00e0 aujourd\u2019hui, gr\u00e2ce au processus en cours apr\u00e8s l\u2019affaire B\u00e9tharram. Et c\u2019est tr\u00e8s bien\u00a0\u00bb.<\/p>\n<p class=\"note\">* Les pr\u00e9noms ont \u00e9t\u00e9 modifi\u00e9s.<\/p>\n","protected":false},"excerpt":{"rendered":"Dominique Cueff, 55 ans,\ufeff s\u2019\u00e9tait promis, plus jeune, de \u00ab\u00a0le retrouver pour lui faire la peau\u00a0\u00bb. D\u00e9but avril,&hellip;\n","protected":false},"author":2,"featured_media":102955,"comment_status":"","ping_status":"","sticky":false,"template":"","format":"standard","meta":{"footnotes":""},"categories":[4],"tags":[11,829,765,3321,1011,27,2131,12,25,4607],"class_list":{"0":"post-102954","1":"post","2":"type-post","3":"status-publish","4":"format-standard","5":"has-post-thumbnail","7":"category-france","8":"tag-actualites","9":"tag-bretagne","10":"tag-en-continu","11":"tag-finistere","12":"tag-fr","13":"tag-france","14":"tag-morlaix","15":"tag-news","16":"tag-republique-francaise","17":"tag-saint-pol-de-leon"},"share_on_mastodon":{"url":"https:\/\/pubeurope.com\/@fr\/114514188466988554","error":""},"_links":{"self":[{"href":"https:\/\/www.europesays.com\/fr\/wp-json\/wp\/v2\/posts\/102954","targetHints":{"allow":["GET"]}}],"collection":[{"href":"https:\/\/www.europesays.com\/fr\/wp-json\/wp\/v2\/posts"}],"about":[{"href":"https:\/\/www.europesays.com\/fr\/wp-json\/wp\/v2\/types\/post"}],"author":[{"embeddable":true,"href":"https:\/\/www.europesays.com\/fr\/wp-json\/wp\/v2\/users\/2"}],"replies":[{"embeddable":true,"href":"https:\/\/www.europesays.com\/fr\/wp-json\/wp\/v2\/comments?post=102954"}],"version-history":[{"count":0,"href":"https:\/\/www.europesays.com\/fr\/wp-json\/wp\/v2\/posts\/102954\/revisions"}],"wp:featuredmedia":[{"embeddable":true,"href":"https:\/\/www.europesays.com\/fr\/wp-json\/wp\/v2\/media\/102955"}],"wp:attachment":[{"href":"https:\/\/www.europesays.com\/fr\/wp-json\/wp\/v2\/media?parent=102954"}],"wp:term":[{"taxonomy":"category","embeddable":true,"href":"https:\/\/www.europesays.com\/fr\/wp-json\/wp\/v2\/categories?post=102954"},{"taxonomy":"post_tag","embeddable":true,"href":"https:\/\/www.europesays.com\/fr\/wp-json\/wp\/v2\/tags?post=102954"}],"curies":[{"name":"wp","href":"https:\/\/api.w.org\/{rel}","templated":true}]}}