{"id":1029652,"date":"2026-06-28T09:00:27","date_gmt":"2026-06-28T09:00:27","guid":{"rendered":"https:\/\/www.europesays.com\/fr\/1029652\/"},"modified":"2026-06-28T09:00:27","modified_gmt":"2026-06-28T09:00:27","slug":"la-mediane-nouveau-tiers-lieu-feministe-et-engage-a-lyon","status":"publish","type":"post","link":"https:\/\/www.europesays.com\/fr\/1029652\/","title":{"rendered":"La M\u00e9diane : nouveau tiers-lieu f\u00e9ministe et engag\u00e9, \u00e0 Lyon"},"content":{"rendered":"<p>\t\t\t\t<img decoding=\"async\" src=\"https:\/\/www.europesays.com\/fr\/wp-content\/uploads\/2026\/06\/IMG_4424-150x150.jpg\" alt=\"Le Quart d'heure Lyonnais\" title=\"Le Quart d'heure Lyonnais\"\/><\/p>\n<p>\n\t\t\t\t\t\tLe Quart d&rsquo;heure Lyonnais\t\t\t\t\t<\/p>\n<p>La M\u00e9diane : nouveau tiers-lieu f\u00e9ministe et engag\u00e9, \u00e0 Lyon<\/p>\n<p>\t\t\t\t\t\t\tPlay Episode<\/p>\n<p>\t\t\t\t\t\t\tPause Episode<\/p>\n<p>\t\t\t\t\t\t<img decoding=\"async\" src=\"https:\/\/www.lyondemain.fr\/wp-content\/plugins\/seriously-simple-podcasting\/assets\/css\/images\/player\/images\/icon-loader.svg\" alt=\"Loading\" class=\"ssp-loader hide\"\/><\/p>\n<p>\t\t\t\t\t\t\t\t\t\t\t\t\tSubscribe<br \/>\n\t\t\t\t\t\t\t\t\t\t\t\t\t\t\t\t\t\t\tShare<\/p>\n<p class=\"wp-block-paragraph\">Dans une soci\u00e9t\u00e9 o\u00f9 le concept de f\u00e9minisme est omnipr\u00e9sent mais parfois complexe \u00e0 ancrer dans le quotidien, un projet d\u2019envergure a vu le jour \u00e0 Lyon : <strong>La M\u00e9diane<\/strong>. Arborant fi\u00e8rement des tons bleu-violet caract\u00e9ristiques sur ses murs, ce <a href=\"https:\/\/www.la-mediane.fr\/\" type=\"link\" id=\"https:\/\/www.la-mediane.fr\/\" target=\"_blank\" rel=\"noreferrer noopener nofollow\">tiers-lieu<\/a> physique incarne de mani\u00e8re tangible le combat pour l\u2019\u00e9galit\u00e9 des genres et l\u2019inclusion.<\/p>\n<p class=\"wp-block-paragraph\">Ecoutez aussi : <a href=\"https:\/\/www.lyondemain.fr\/fondation-de-france-centre-est-50-ans-philanthropie\/\" type=\"link\" id=\"https:\/\/www.lyondemain.fr\/fondation-de-france-centre-est-50-ans-philanthropie\/\" target=\"_blank\" rel=\"noreferrer noopener nofollow\">Fondation de France Centre-Est : 50 ans et 22000 projets soutenus<\/a><\/p>\n<p><img loading=\"lazy\" decoding=\"async\" width=\"1200\" height=\"675\" src=\"https:\/\/www.europesays.com\/fr\/wp-content\/uploads\/2026\/06\/La-Mediane-cafe-bar.jpg\" alt=\"caf\u00e9 bar\" class=\"wp-image-254817\"  \/>caf\u00e9 bar lors de l\u2019inauguration par Gr\u00e9gory Doucet<\/p>\n<p>Un espace hybride pour donner de la visibilit\u00e9 aux luttes<\/p>\n<p class=\"wp-block-paragraph\">Pour <strong>Sylvie Tomic<\/strong>, adjointe au Maire de Lyon charg\u00e9e des Droits, de l\u2019\u00c9galit\u00e9 et de la Lutte contre les discriminations, la cr\u00e9ation d\u2019un tel endroit \u00e9tait devenue une priorit\u00e9 politique et sociale.<\/p>\n<p class=\"wp-block-paragraph\">\u00ab Avoir un tiers-lieu f\u00e9ministe, \u00e7a donne de la visibilit\u00e9 \u00e0 ce sujet. A cette cause des <strong>droits des femmes<\/strong>, de l\u2019<strong>\u00e9galit\u00e9 entre les femmes et les hommes<\/strong>, et de la <strong>lutte contre les violences sexistes et sexuelles<\/strong>. C\u2019est capital d\u2019avoir un lieu physique qui l\u2019incarne. \u00bb<\/p>\n<blockquote class=\"instagram-media\" data-instgrm-captioned=\"\" data-instgrm-permalink=\"https:\/\/www.instagram.com\/p\/DaBPFmBiBeA\/?utm_source=ig_embed&amp;utm_campaign=loading\" data-instgrm-version=\"14\" style=\" background:#FFF; border:0; border-radius:3px; box-shadow:0 0 1px 0 rgba(0,0,0,0.5),0 1px 10px 0 rgba(0,0,0,0.15); margin: 1px; max-width:540px; min-width:326px; padding:0; width:99.375%; width:-webkit-calc(100% - 2px); width:calc(100% - 2px);\"\/>\n<p class=\"wp-block-paragraph\">L\u2019\u00e9lue souligne \u00e9galement la force du projet qui rassemble de multiples structures locales : \u00ab C\u2019est un lieu collectif pens\u00e9 et mis en place par un groupe d\u2019associations [\u2026] C\u2019est un outil pour renforcer les partenariats, le travail en commun et l\u2019\u00e9mulation collective. \u00bb<\/p>\n<p class=\"wp-block-paragraph\">Ecoutez le podcast<\/p>\n<p><img loading=\"lazy\" decoding=\"async\" width=\"1200\" height=\"675\" src=\"https:\/\/www.europesays.com\/fr\/wp-content\/uploads\/2026\/06\/La-Mediane-Sylvie-Tomic.jpg\" alt=\"La M\u00e9diane\" class=\"wp-image-254824\"  \/>Sylvie Tomic<\/p>\n<p>Les trois piliers de La M\u00e9diane : convivialit\u00e9, r\u00e9sidence et p\u00e9dagogie<\/p>\n<p class=\"wp-block-paragraph\"><strong>Fanny Ch\u00e2teau<\/strong>, fondatrice et directrice de <strong>La M\u00e9diane<\/strong>, d\u00e9finit ce<strong> projet d\u2019int\u00e9r\u00eat g\u00e9n\u00e9ral<\/strong> comme une passerelle entre la th\u00e9orie militante et la pratique citoyenne. Interrog\u00e9e sur la structure du lieu, elle d\u00e9taille une offre articul\u00e9e autour de plusieurs pans d\u2019activit\u00e9 compl\u00e9mentaires.<\/p>\n<p class=\"wp-block-paragraph\">\u00ab <strong>La M\u00e9diane<\/strong>, c\u2019est un <strong>tiers-lieu f\u00e9ministe<\/strong> qui propose un <strong>caf\u00e9-bar associatif<\/strong>. Des<strong> espaces de travail<\/strong> pour les associations locales, une <strong>programmation sociale et culturelle<\/strong>, et, aussi \u00e0 l\u2019avenir, <strong>des formations et des sensibilisations<\/strong>. \u00bb<\/p>\n<p><img loading=\"lazy\" decoding=\"async\" width=\"1200\" height=\"675\" src=\"https:\/\/www.europesays.com\/fr\/wp-content\/uploads\/2026\/06\/La-Mediane-breau-dassociation.jpg\" alt=\"La M\u00e9diane\" class=\"wp-image-254818\"  \/><\/p>\n<p class=\"wp-block-paragraph\">Le lieu h\u00e9berge <strong>une quinzaine d\u2019associations r\u00e9sidentes<\/strong> (parmi lesquelles <strong><a href=\"https:\/\/www.filactions.org\/\" type=\"link\" id=\"https:\/\/www.filactions.org\/\" target=\"_blank\" rel=\"noreferrer noopener nofollow\">Filactions<\/a><\/strong>, <strong><a href=\"https:\/\/www.instagram.com\/balafre__\/\" type=\"link\" id=\"https:\/\/www.instagram.com\/balafre__\/\" target=\"_blank\" rel=\"noreferrer noopener nofollow\">Balafre<\/a><\/strong>, <strong><a href=\"https:\/\/ecofemina.fr\/\" type=\"link\" id=\"https:\/\/ecofemina.fr\/\" target=\"_blank\" rel=\"noreferrer noopener nofollow\">Ecofemina<\/a><\/strong>, <strong><a href=\"https:\/\/www.hfauvergnerhonealpes.org\/\" type=\"link\" id=\"https:\/\/www.hfauvergnerhonealpes.org\/\" target=\"_blank\" rel=\"noreferrer noopener nofollow\">HFX France<\/a><\/strong> ou <strong><a href=\"https:\/\/asso-impact.org\/\" type=\"link\" id=\"https:\/\/asso-impact.org\/\" target=\"_blank\" rel=\"noreferrer noopener nofollow\">Impact<\/a><\/strong>) et se veut accessible \u00e0 tous. Le<strong> caf\u00e9-bar<\/strong> est notamment ouvert aux travailleurs nomades et aussi aux curieux curieuses de passage. \u00ab On peut tout \u00e0 fait venir avec son ordinateur, travailler, prendre un caf\u00e9 et ainsi rester l\u2019apr\u00e8s-midi sur place \u00bb, pr\u00e9cise <strong>Fanny Ch\u00e2teau<\/strong>.<\/p>\n<p class=\"wp-block-paragraph\">L\u2019ambition est double : toucher le public du quartier. Tout en rayonnant \u00e0 l\u2019\u00e9chelle de la M\u00e9tropole de Lyon comme un <strong>centre de ressources incontournable<\/strong>.<\/p>\n<p><img loading=\"lazy\" decoding=\"async\" width=\"1200\" height=\"675\" src=\"https:\/\/www.europesays.com\/fr\/wp-content\/uploads\/2026\/06\/La-Mediane-coworking-des-associations.jpg\" alt=\"La M\u00e9diane\" class=\"wp-image-254820\"  \/>le coworking des associations<\/p>\n<p class=\"wp-block-paragraph\">\u00ab Le concept en lui-m\u00eame est connu. Mais comment l\u2019appliquer \u00e0 soi-m\u00eame ? Comment travailler sur ses comportements, r\u00e9fl\u00e9chir aux autres, int\u00e9grer d\u2019autres formes de discriminations envers les personnes LGBTQIA+ ou racis\u00e9es ? Tout \u00e7a, ce sont des sujets qui restent \u00e0 travailler. Notre posture, c\u2019est de se dire que c\u2019est en se regroupant qu\u2019on peut ainsi toucher un maximum de monde. \u00bb explique Fanny Ch\u00e2teau, fondatrice.<\/p>\n<p class=\"wp-block-paragraph\">Ecoutez aussi : <a href=\"https:\/\/www.lyondemain.fr\/jeunes-aidants-la-pause-brindille-tribu-festival\/\" type=\"link\" id=\"https:\/\/www.lyondemain.fr\/jeunes-aidants-la-pause-brindille-tribu-festival\/\" target=\"_blank\" rel=\"noreferrer noopener nofollow\">Jeunes aidants : grandir avec une responsabilit\u00e9 invisible\u2026<\/a><\/p>\n<p><img loading=\"lazy\" decoding=\"async\" width=\"1200\" height=\"675\" src=\"https:\/\/www.europesays.com\/fr\/wp-content\/uploads\/2026\/06\/La-Mediane-Fanny-Chateau.jpg\" alt=\"Fanny Chateau\" class=\"wp-image-254819\"  \/>Fanny Chateau<\/p>\n<p>S\u00e9curit\u00e9 et pr\u00e9vention : l\u2019exemple de l\u2019association Purple Effect<\/p>\n<p class=\"wp-block-paragraph\">Au c\u0153ur de cette synergie associative, l\u2019organisme <strong>Purple Effect<\/strong> y a install\u00e9 ses quartiers. Sp\u00e9cialis\u00e9e dans <strong>la pr\u00e9vention et la m\u00e9diation en milieu festif<\/strong>, l\u2019association trouve \u00e0 <strong>La M\u00e9diane<\/strong> un<strong> ancrage logistique majeur<\/strong> apr\u00e8s cinq ans d\u2019existence enti\u00e8rement b\u00e9n\u00e9vole.<\/p>\n<p class=\"wp-block-paragraph\"><strong>Roxana Piatkowska-Wu<\/strong>, cofondatrice et pr\u00e9sidente de <strong><a href=\"https:\/\/linktr.ee\/purpleeffect\" type=\"link\" id=\"https:\/\/linktr.ee\/purpleeffect\" target=\"_blank\" rel=\"noreferrer noopener nofollow\">Purple Effect<\/a><\/strong>, explique comment ses \u00e9quipes \u2013 affectueusement baptis\u00e9es les \u00ab <strong>copains-copines de la nuit <\/strong>\u00bb \u2013 interviennent. A savoir, <strong>en amont et pendant les \u00e9v\u00e9nements festifs lyonnais<\/strong> pour<strong> lutter contre les Violences Sexistes et Sexuelles (VSS)<\/strong>. Et aussi <strong>r\u00e9duire les risques li\u00e9s aux usages de produits ou aux pratiques sexuelles<\/strong>.<\/p>\n<blockquote class=\"instagram-media\" data-instgrm-captioned=\"\" data-instgrm-permalink=\"https:\/\/www.instagram.com\/p\/DaDN_nOiFD7\/?utm_source=ig_embed&amp;utm_campaign=loading\" data-instgrm-version=\"14\" style=\" background:#FFF; border:0; border-radius:3px; box-shadow:0 0 1px 0 rgba(0,0,0,0.5),0 1px 10px 0 rgba(0,0,0,0.15); margin: 1px; max-width:540px; min-width:326px; padding:0; width:99.375%; width:-webkit-calc(100% - 2px); width:calc(100% - 2px);\"\/>\n<p class=\"wp-block-paragraph\">\u00ab L\u2019id\u00e9e, c\u2019est que le public soit libre de venir nous voir, sans tabou. Les b\u00e9n\u00e9voles sont l\u00e0 pour que les gens aient confiance. Qu\u2019ils se sentent libres, autonomes, et aussi ne se sentent pas jug\u00e9s. On essaie de <strong>pallier la peur du milieu de la nuit<\/strong> et aussi de <strong>lib\u00e9rer la parole<\/strong>. \u00bb<\/p>\n<p class=\"wp-block-paragraph\">Pour<strong> Roxana Piatkowska-Wu<\/strong>, int\u00e9grer <strong>La M\u00e9diane<\/strong> rompt l\u2019isolement associatif et permet aussi une mutualisation cruciale \u00e0 l\u2019heure o\u00f9 les financements s\u2019amenuisent. \u00ab Avoir un cadre fixe, un local o\u00f9 l\u2019on sait que Purple loge ici, \u00e7a fait du bien. On est identifi\u00e9s \u00e0 cet endroit-l\u00e0 et plus\u2026 chez mes parents ! \u00bb, ajoute-t-elle dans un sourire.<\/p>\n<p class=\"wp-block-paragraph\">Ecoutez aussi : <a href=\"https:\/\/www.lyondemain.fr\/sos-homophobie-rapport-2026-lgbtiphobies\/\" type=\"link\" id=\"https:\/\/www.lyondemain.fr\/sos-homophobie-rapport-2026-lgbtiphobies\/\" target=\"_blank\" rel=\"noreferrer noopener nofollow\">Homophobie : \u00ab\u00a0la r\u00e9ponse publique n\u2019est pas \u00e0 la hauteur\u00a0\u00bb<\/a><\/p>\n<p><img loading=\"lazy\" decoding=\"async\" width=\"1200\" height=\"675\" src=\"https:\/\/www.europesays.com\/fr\/wp-content\/uploads\/2026\/06\/La-Mediane-equipe-de-Purple-Effect.jpg\" alt=\"\u00e9quipe de Purple Effect\" class=\"wp-image-254821\"  \/>Roxana Piatkowska-Wu<\/p>\n<p>Un mod\u00e8le \u00e9conomique collaboratif<\/p>\n<p class=\"wp-block-paragraph\">Pour assurer sa p\u00e9rennit\u00e9 mat\u00e9rielle, <strong>La M\u00e9diane<\/strong> s\u2019appuie sur un mod\u00e8le \u00e9conomique pluriel. L\u2019<strong>exploitation de son caf\u00e9-bar <\/strong>responsable, la <strong>location d\u2019espaces de coworking<\/strong>\u2026 Et l\u2019<strong>organisation de formations professionnelles payantes sur l\u2019\u00e9galit\u00e9 et les discriminations<\/strong>.<\/p>\n<p class=\"wp-block-paragraph\">Le projet a pu voir le jour gr\u00e2ce \u00e0 une forte mobilisation citoyenne. Via une campagne de crowdfunding (financement participatif), compl\u00e9t\u00e9e par des soutiens majeurs. Comme la <strong><a href=\"https:\/\/fondationdesfemmes.org\/\" type=\"link\" id=\"https:\/\/fondationdesfemmes.org\/\" target=\"_blank\" rel=\"noreferrer noopener nofollow\">Fondation des Femmes<\/a><\/strong>, la <strong>Ville de Lyon<\/strong> et aussi des m\u00e9c\u00e8nes priv\u00e9s.<\/p>\n<p class=\"wp-block-paragraph\">Ecoutez aussi : <a href=\"https:\/\/www.lyondemain.fr\/ellesup-accompagnement-digital-solidaire-femmes\/\" type=\"link\" id=\"https:\/\/www.lyondemain.fr\/ellesup-accompagnement-digital-solidaire-femmes\/\" target=\"_blank\" rel=\"noreferrer noopener nofollow\">Elles\u2019Up : l\u2019accompagnement digital solidaire pour les femmes<\/a><\/p>\n<p>Informations pratiques :<\/p>\n<ul class=\"wp-block-list\">\n<li><strong>Adresse :<\/strong> 255 Rue de Cr\u00e9qui, 69003 Lyon (M\u00e9tro Saxe-Gambetta)<\/li>\n<li><strong>Activit\u00e9s :<\/strong> \u00c9v\u00e9nements culturels, tables rondes, bar solidaire, ateliers d\u2019autod\u00e9fense.<\/li>\n<li><strong>Site internet officiel :<\/strong> <a href=\"https:\/\/www.la-mediane.fr\" type=\"link\" id=\"www.la-mediane.fr\" target=\"_blank\" rel=\"noreferrer noopener nofollow\">ici<\/a><\/li>\n<\/ul>\n<p class=\"wp-block-paragraph\">Ecoutez aussi : <a href=\"https:\/\/www.lyondemain.fr\/enjoue-jouets-seconde-main-emploi-sans-prerequis\/\" type=\"link\" id=\"https:\/\/www.lyondemain.fr\/enjoue-jouets-seconde-main-emploi-sans-prerequis\/\" target=\"_blank\" rel=\"noreferrer noopener nofollow\">Enjou\u00e9 : quand la seconde main cr\u00e9e de l\u2019emploi sans pr\u00e9requis<\/a><\/p>\n<p><img loading=\"lazy\" decoding=\"async\" width=\"1200\" height=\"675\" src=\"https:\/\/www.europesays.com\/fr\/wp-content\/uploads\/2026\/06\/La-Mediane-rue-de-Crequi.jpg\" alt=\"La M\u00e9diane\" class=\"wp-image-254822\"  \/><br \/>\n\t<script async src=\"\/\/www.instagram.com\/embed.js\"><\/script><\/p>\n","protected":false},"excerpt":{"rendered":"Le Quart d&rsquo;heure Lyonnais La M\u00e9diane : nouveau tiers-lieu f\u00e9ministe et engag\u00e9, \u00e0 Lyon Play Episode Pause Episode&hellip;\n","protected":false},"author":2,"featured_media":1029653,"comment_status":"","ping_status":"","sticky":false,"template":"","format":"standard","meta":{"footnotes":"","_share_on_mastodon":"0"},"categories":[1889],"tags":[1111,11,2430,21374,28792,1777,674,12193,24191,1011,27,5226,23173,106418,2428,12,106420,25,36045,3291,304,797],"class_list":["post-1029652","post","type-post","status-publish","format-standard","has-post-thumbnail","category-lyon","tag-actu","tag-actualites","tag-auvergne-rhone-alpes","tag-coworking","tag-egalite-hommes-femmes","tag-eu","tag-europe","tag-feministes","tag-formations","tag-fr","tag-france","tag-gregory-doucet","tag-guillotiere","tag-la-mediane","tag-lyon","tag-news","tag-purple-effect","tag-republique-francaise","tag-tiers-lieu","tag-ville-de-lyon","tag-violences-sexistes-et-sexuelles","tag-violences-faites-aux-femmes"],"share_on_mastodon":{"url":"https:\/\/pubeurope.com\/@fr\/116826921745783284","error":""},"_links":{"self":[{"href":"https:\/\/www.europesays.com\/fr\/wp-json\/wp\/v2\/posts\/1029652","targetHints":{"allow":["GET"]}}],"collection":[{"href":"https:\/\/www.europesays.com\/fr\/wp-json\/wp\/v2\/posts"}],"about":[{"href":"https:\/\/www.europesays.com\/fr\/wp-json\/wp\/v2\/types\/post"}],"author":[{"embeddable":true,"href":"https:\/\/www.europesays.com\/fr\/wp-json\/wp\/v2\/users\/2"}],"replies":[{"embeddable":true,"href":"https:\/\/www.europesays.com\/fr\/wp-json\/wp\/v2\/comments?post=1029652"}],"version-history":[{"count":0,"href":"https:\/\/www.europesays.com\/fr\/wp-json\/wp\/v2\/posts\/1029652\/revisions"}],"wp:featuredmedia":[{"embeddable":true,"href":"https:\/\/www.europesays.com\/fr\/wp-json\/wp\/v2\/media\/1029653"}],"wp:attachment":[{"href":"https:\/\/www.europesays.com\/fr\/wp-json\/wp\/v2\/media?parent=1029652"}],"wp:term":[{"taxonomy":"category","embeddable":true,"href":"https:\/\/www.europesays.com\/fr\/wp-json\/wp\/v2\/categories?post=1029652"},{"taxonomy":"post_tag","embeddable":true,"href":"https:\/\/www.europesays.com\/fr\/wp-json\/wp\/v2\/tags?post=1029652"}],"curies":[{"name":"wp","href":"https:\/\/api.w.org\/{rel}","templated":true}]}}