{"id":102970,"date":"2025-05-15T22:31:08","date_gmt":"2025-05-15T22:31:08","guid":{"rendered":"https:\/\/www.europesays.com\/fr\/102970\/"},"modified":"2025-05-15T22:31:08","modified_gmt":"2025-05-15T22:31:08","slug":"les-vehicules-servant-a-des-rodeos-urbains-de-la-rue-a-la-casse","status":"publish","type":"post","link":"https:\/\/www.europesays.com\/fr\/102970\/","title":{"rendered":"les v\u00e9hicules servant \u00e0 des rod\u00e9os urbains, de la rue \u00e0 la casse"},"content":{"rendered":"<p>            Par<br \/>\n        <strong><br \/>\n            <a href=\"https:\/\/actu.fr\/auteur\/c-nithard\" title=\"Consulter tous les articles de C\u00e9dric Nithard\" target=\"_blank\" rel=\"noopener\">C\u00e9dric Nithard<\/a><br \/>\n        <\/strong><\/p>\n<p>        Publi\u00e9 le<\/p>\n<p>            15 mai 2025 \u00e0 18h33        <\/p>\n<p>Ce jeudi 15 mai, <strong>le procureur de la R\u00e9publique Fabrice Belargent<\/strong> et <strong>le maire de Montpellier Micha\u00ebl Delafosse<\/strong> ont proc\u00e9d\u00e9 \u00e0 <strong>la destruction de deux v\u00e9hicules<\/strong> ayant servi \u00e0 <strong>des rod\u00e9os urbains<\/strong>. Une op\u00e9ration plus symbolique que spectaculaire destin\u00e9e \u00e0 envoyer <strong>un message commun de fermet\u00e9<\/strong> : \u00ab\u00a0Face \u00e0 ce ph\u00e9nom\u00e8ne, nous agissons\u00a0\u00bb.<\/p>\n<p>Une infraction sp\u00e9cifique<\/p>\n<p class=\" wall-content\">Les rod\u00e9os urbains ne cessent de d\u00e9frayer la chronique. Samedi dernier \u00e0 <a href=\"https:\/\/actu.fr\/auvergne-rhone-alpes\/evian-les-bains_74119\/rodeo-urbain-en-haute-savoie-un-pompier-volontaire-grievement-blesse_62619081.html\" target=\"_blank\" rel=\"noopener\">\u00c9vian un sapeur-pompier volontaire \u00e9tait renvers\u00e9 devant sa caserne par un conducteur de 19 ans<\/a>. Le samedi d\u2019avant, c\u2019est <a href=\"https:\/\/actu.fr\/nouvelle-aquitaine\/gauriaguet_33183\/un-elu-roue-de-coups-lors-d-un-rodeo-urbain-en-gironde-quatre-suspects-places-en-garde-a-vue_62596466.html\" target=\"_blank\" rel=\"noopener\">un \u00e9lu de Gauriaguet en Gironde qui a \u00e9t\u00e9 agress\u00e9 pour avoir tent\u00e9 d\u2019arr\u00eater un rod\u00e9o urbain<\/a>. S\u2019il n\u2019y a pas toujours des agressions ou des accidents, le ph\u00e9nom\u00e8ne inqui\u00e8te, car il touche toutes les villes et m\u00eame d\u00e9sormais les campagnes avec plusieurs signalements d\u2019agriculteurs. \u00ab\u00a0Je suis membre de l\u2019Association des Maires de France et tout le monde en parle\u00a0\u00bb confirme Micha\u00ebl Delafosse, dont la commune n\u2019\u00e9chappe pas \u00e0 la r\u00e8gle. C\u2019est pourquoi depuis deux ans un travail sp\u00e9cifique est op\u00e9r\u00e9 conjointement entre le procureur de la R\u00e9publique, la police nationale et la police municipale.<\/p>\n<p class=\" wall-content\">Des op\u00e9rations de contr\u00f4le sont men\u00e9es r\u00e9guli\u00e8rement donnant l\u2019occasion de saisir des v\u00e9hicules lorsque l\u2019infraction est constat\u00e9e. Des infractions qui peuvent \u00e9galement \u00eatre observ\u00e9es par les cam\u00e9ras de vid\u00e9oprotection. Ainsi, depuis l\u2019ann\u00e9e derni\u00e8re, 21 v\u00e9hicules ont \u00e9t\u00e9 saisis. \u00ab\u00a0Nous agissons face \u00e0 ce ph\u00e9nom\u00e8ne qui est irresponsable, car il met en danger la vie d\u2019autrui et celle des pratiquants de rod\u00e9o urbain. Nous devons avoir une r\u00e9ponse d\u2019action face \u00e0 cette pratique ill\u00e9gale\u00a0\u00bb pointe Micha\u00ebl Delafosse. Fabrice Belargent compl\u00e9tant : \u00ab\u00a0Ce type d\u2019infraction m\u00e9rite une proc\u00e9dure p\u00e9nale sp\u00e9cifique, ferme et effective. Ce n\u2019est pas qu\u2019un refus d\u2019obtemp\u00e9rer, c\u2019est une infraction bien sp\u00e9cifique avec des gens qui multiplient les infractions au code de la route avec des mises en danger de personne et des services de police\u00a0\u00bb.<\/p>\n<p>Confiscation et destruction<\/p>\n<p class=\" wall-content\">Une convention a ainsi \u00e9t\u00e9 pass\u00e9e entre la Ville de Montpellier et le parquet du tribunal judiciaire permettant d\u2019effectuer le gardiennage gratuit des v\u00e9hicules en fourri\u00e8re le temps de proc\u00e9dures voulues les plus rapides possibles puis d\u2019en assurer la destruction. Une convention \u00e0 laquelle a \u00e9galement souscrit la Ville de P\u00e9rols. Pour la premi\u00e8re fois, ce jeudi 15 mais, une mini moto et un scooter ont \u00e9t\u00e9 r\u00e9duits en miettes. Des destructions plut\u00f4t que des ventes car, selon la procureur de la R\u00e9publique, \u00ab\u00a0ce type d\u2019engins ne repr\u00e9sentent pas une grande valeur marchande et sont fr\u00e9quemment utilis\u00e9s pour commettre des infractions\u00a0\u00bb. Outre les motos, quads et scooters, les trottinettes \u00e9lectriques sont \u00e9galement concern\u00e9es, ainsi que les voitures.<\/p>\n<p>Vid\u00e9os : en ce moment sur Actu<\/p>\n<p class=\" wall-content\">Fabrice Belargent met en avant \u00ab\u00a0une sanction concr\u00e8te et rapide qui pr\u00e9serve les deniers publiques\u00a0\u00bb, quand Micha\u00ebl Delafosse souhaite envoyer un message : \u00ab\u00a0Nous faisons comprendre que c\u2019est dangereux et qu\u2019il n\u2019y a pas d\u2019impunit\u00e9. Les auteurs de rod\u00e9os urbains mettent en danger la vie des autres et empoisonnent la vie des habitants\u00a0\u00bb. La confiscation et la destruction des v\u00e9hicules interviennent par ailleurs en compl\u00e9ment de la sanction p\u00e9nale \u00e0 l\u2019\u00e9gard du conducteur et selon les cas avant m\u00eame qu\u2019elle ne soit prononc\u00e9e. Et, si ce n\u2019\u00e9tait pas lui qui tenait le guidon, le propri\u00e9taire peut \u00e9galement \u00eatre inqui\u00e9t\u00e9 si sa mauvaise foi est \u00e9tablie. Le message ferme est pass\u00e9, les m\u00e2choires du grappin sont pr\u00eates \u00e0 entrer en action\u2026<\/p>\n<p class=\" wall-content\">Suivez toute l\u2019actualit\u00e9 de vos villes et m\u00e9dias favoris en vous inscrivant \u00e0 <a href=\"https:\/\/moncompte.actu.fr\" title=\"D\u00e9couvez Mon Actu\" rel=\"nofollow noopener\" data-trk=\"{&quot;cta&quot;:{&quot;action&quot;:&quot;https:\\\/\\\/moncompte.actu.fr&quot;,&quot;category&quot;:&quot;mon compte&quot;,&quot;from&quot;:&quot;article footer&quot;,&quot;name&quot;:&quot;Mon actu&quot;,&quot;type&quot;:&quot;cta&quot;}}\" target=\"_blank\">Mon Actu<\/a>.<\/p>\n","protected":false},"excerpt":{"rendered":"Par C\u00e9dric Nithard Publi\u00e9 le 15 mai 2025 \u00e0 18h33 Ce jeudi 15 mai, le procureur de la&hellip;\n","protected":false},"author":2,"featured_media":102971,"comment_status":"","ping_status":"","sticky":false,"template":"","format":"standard","meta":{"footnotes":""},"categories":[9599],"tags":[1111,11,1777,674,1011,27,303,2208,12,2680,1072,25,5575,104],"class_list":{"0":"post-102970","1":"post","2":"type-post","3":"status-publish","4":"format-standard","5":"has-post-thumbnail","7":"category-montpellier","8":"tag-actu","9":"tag-actualites","10":"tag-eu","11":"tag-europe","12":"tag-fr","13":"tag-france","14":"tag-justice","15":"tag-montpellier","16":"tag-news","17":"tag-occitanie","18":"tag-police","19":"tag-republique-francaise","20":"tag-rodeos-urbains","21":"tag-societe"},"share_on_mastodon":{"url":"https:\/\/pubeurope.com\/@fr\/114514223609104544","error":""},"_links":{"self":[{"href":"https:\/\/www.europesays.com\/fr\/wp-json\/wp\/v2\/posts\/102970","targetHints":{"allow":["GET"]}}],"collection":[{"href":"https:\/\/www.europesays.com\/fr\/wp-json\/wp\/v2\/posts"}],"about":[{"href":"https:\/\/www.europesays.com\/fr\/wp-json\/wp\/v2\/types\/post"}],"author":[{"embeddable":true,"href":"https:\/\/www.europesays.com\/fr\/wp-json\/wp\/v2\/users\/2"}],"replies":[{"embeddable":true,"href":"https:\/\/www.europesays.com\/fr\/wp-json\/wp\/v2\/comments?post=102970"}],"version-history":[{"count":0,"href":"https:\/\/www.europesays.com\/fr\/wp-json\/wp\/v2\/posts\/102970\/revisions"}],"wp:featuredmedia":[{"embeddable":true,"href":"https:\/\/www.europesays.com\/fr\/wp-json\/wp\/v2\/media\/102971"}],"wp:attachment":[{"href":"https:\/\/www.europesays.com\/fr\/wp-json\/wp\/v2\/media?parent=102970"}],"wp:term":[{"taxonomy":"category","embeddable":true,"href":"https:\/\/www.europesays.com\/fr\/wp-json\/wp\/v2\/categories?post=102970"},{"taxonomy":"post_tag","embeddable":true,"href":"https:\/\/www.europesays.com\/fr\/wp-json\/wp\/v2\/tags?post=102970"}],"curies":[{"name":"wp","href":"https:\/\/api.w.org\/{rel}","templated":true}]}}