{"id":102978,"date":"2025-05-15T22:37:15","date_gmt":"2025-05-15T22:37:15","guid":{"rendered":"https:\/\/www.europesays.com\/fr\/102978\/"},"modified":"2025-05-15T22:37:15","modified_gmt":"2025-05-15T22:37:15","slug":"pour-louverture-du-festival-de-cannes-le-cinema-de-cesson-sevigne-a-deroule-le-tapis-rouge","status":"publish","type":"post","link":"https:\/\/www.europesays.com\/fr\/102978\/","title":{"rendered":"Pour l\u2019ouverture du festival de Cannes, le cin\u00e9ma de Cesson-S\u00e9vign\u00e9 a d\u00e9roul\u00e9 le tapis rouge"},"content":{"rendered":"<p>\u00c0 l\u2019occasion de l\u2019ouverture du <a href=\"https:\/\/www.ouest-france.fr\/cinema\/festival\/festival-de-cannes\/\" target=\"_blank\" rel=\"noopener\">festival de Cannes<\/a>, une centaine de spectateurs se sont donn\u00e9 rendez-vous mardi 13\u00a0mai 2025 au cin\u00e9ma de Cesson-S\u00e9vign\u00e9 pour assister \u00e0 la mont\u00e9e des marches en direct. Ils ont visiblement appr\u00e9ci\u00e9 de fouler le <a href=\"https:\/\/www.ouest-france.fr\/leditiondusoir\/2025-05-12\/que-deviennent-les-tapis-rouges-apres-le-festival-de-cannes-on-a-mene-l-enquete-bbf8bec8-f721-4a10-aa24-b7a6300cf244\" target=\"_blank\" rel=\"noopener\">tapis rouge<\/a>, d\u00e9roul\u00e9 pour l\u2019occasion, par l\u2019\u00e9quipe du S\u00e9vign\u00e9.<\/p>\n<p>Une haie d\u2019honneur<\/p>\n<p>Accueillis par les b\u00e9n\u00e9voles qui s\u2019\u00e9taient mis sur leur 31\u00a0pour leur faire une haie d\u2019honneur, ils ont d\u2019abord assist\u00e9 \u00e0 la c\u00e9r\u00e9monie transmise en direct de Cannes, avant d\u2019assister \u00e0 la projection du film d\u2019ouverture du festival.<\/p>\n<p>\u00a0L\u2019\u00e9motion \u00e9tait palpable dans l\u2019\u00e9quipe du S\u00e9vign\u00e9 lorsqu\u2019ils ont \u00e9t\u00e9 chaleureusement applaudis, devant la sc\u00e8ne, \u00e0 la fin du g\u00e9n\u00e9rique\u00a0, se f\u00e9licite Jean-Pierre Houdeau le pr\u00e9sident de l\u2019association \u00e9ponyme.<\/p>\n<p>\u00a0<\/p>\n","protected":false},"excerpt":{"rendered":"\u00c0 l\u2019occasion de l\u2019ouverture du festival de Cannes, une centaine de spectateurs se sont donn\u00e9 rendez-vous mardi 13\u00a0mai&hellip;\n","protected":false},"author":2,"featured_media":102979,"comment_status":"","ping_status":"","sticky":false,"template":"","format":"standard","meta":{"footnotes":""},"categories":[2821],"tags":[1111,11,829,7306,4099,650,18755,1777,674,849,1011,27,12,14570,584,25,7289,3728,19392],"class_list":{"0":"post-102978","1":"post","2":"type-post","3":"status-publish","4":"format-standard","5":"has-post-thumbnail","7":"category-rennes","8":"tag-actu","9":"tag-actualites","10":"tag-bretagne","11":"tag-cannes","12":"tag-cesson-sevigne","13":"tag-cinema","14":"tag-deroule","15":"tag-eu","16":"tag-europe","17":"tag-festival","18":"tag-fr","19":"tag-france","20":"tag-news","21":"tag-ouverture","22":"tag-rennes","23":"tag-republique-francaise","24":"tag-rouge","25":"tag-saint-malo","26":"tag-tapis"},"share_on_mastodon":{"url":"https:\/\/pubeurope.com\/@fr\/114514247247990953","error":""},"_links":{"self":[{"href":"https:\/\/www.europesays.com\/fr\/wp-json\/wp\/v2\/posts\/102978","targetHints":{"allow":["GET"]}}],"collection":[{"href":"https:\/\/www.europesays.com\/fr\/wp-json\/wp\/v2\/posts"}],"about":[{"href":"https:\/\/www.europesays.com\/fr\/wp-json\/wp\/v2\/types\/post"}],"author":[{"embeddable":true,"href":"https:\/\/www.europesays.com\/fr\/wp-json\/wp\/v2\/users\/2"}],"replies":[{"embeddable":true,"href":"https:\/\/www.europesays.com\/fr\/wp-json\/wp\/v2\/comments?post=102978"}],"version-history":[{"count":0,"href":"https:\/\/www.europesays.com\/fr\/wp-json\/wp\/v2\/posts\/102978\/revisions"}],"wp:featuredmedia":[{"embeddable":true,"href":"https:\/\/www.europesays.com\/fr\/wp-json\/wp\/v2\/media\/102979"}],"wp:attachment":[{"href":"https:\/\/www.europesays.com\/fr\/wp-json\/wp\/v2\/media?parent=102978"}],"wp:term":[{"taxonomy":"category","embeddable":true,"href":"https:\/\/www.europesays.com\/fr\/wp-json\/wp\/v2\/categories?post=102978"},{"taxonomy":"post_tag","embeddable":true,"href":"https:\/\/www.europesays.com\/fr\/wp-json\/wp\/v2\/tags?post=102978"}],"curies":[{"name":"wp","href":"https:\/\/api.w.org\/{rel}","templated":true}]}}