{"id":102982,"date":"2025-05-15T22:39:38","date_gmt":"2025-05-15T22:39:38","guid":{"rendered":"https:\/\/www.europesays.com\/fr\/102982\/"},"modified":"2025-05-15T22:39:38","modified_gmt":"2025-05-15T22:39:38","slug":"a-strasbourg-17-evenements-pour-finir-mai-en-beaute","status":"publish","type":"post","link":"https:\/\/www.europesays.com\/fr\/102982\/","title":{"rendered":"\u00e0 Strasbourg, 17 \u00e9v\u00e9nements pour finir mai en beaut\u00e9"},"content":{"rendered":"<p><b>Du soleil, des jours f\u00e9ri\u00e9s, des terrasses, et des festivals en pagaille : \u00e0 Strasbourg, le mois de mai continue de nous r\u00e9galer. Si tu n\u2019as pas d\u00e9j\u00e0 tes places pour <a href=\"https:\/\/pokaa.fr\/2025\/05\/07\/bieres-soleil-et-pres-de-50-concerts-le-pelpass-festival-revient-faire-danser-strasbourg\/\" target=\"_blank\" rel=\"noopener\">Pelpass<\/a>, les week-ends pris par <a href=\"https:\/\/pokaa.fr\/2025\/05\/13\/atelier-de-nu-brunch-et-bingo-ecolo-dans-une-semaine-un-festival-va-colorer-le-quartier-coop\/\" target=\"_blank\" rel=\"noopener\">Kal\u00e9idoscoopie <\/a>ou<a href=\"https:\/\/pokaa.fr\/2025\/05\/09\/ateliers-ouverts-des-samedi-367-artistes-devoilent-leurs-creations-a-strasbourg-et-alentours\/\" target=\"_blank\" rel=\"noopener\"> les Ateliers Ouverts<\/a>, on a de quoi te remplir l\u2019agenda jusqu\u2019\u00e0 la fin du mois. Dragshow, stand-up, teufs, open-air et concerts\u00a0: y a de quoi faire. Et m\u00eame des \u00e9v\u00e9nements sportifs ou cr\u00e9atifs \u00e0 faire avec ta mif.<\/b><\/p>\n<p>Les festivals et teufs<\/p>\n<p>\u00ab\u00a0Festival K-Watt\u00a0\u00bb \u00e0 Kawati Studio<\/p>\n<p>Pour attaquer le week-end, on s\u2019arr\u00eatera <b>aux Kawatti Studios (au Port du Rhin) <\/b>o\u00f9 se tiendra la<b> nouvelle \u00e9dition du festival K-Watt jusqu\u2019\u00e0 samedi<\/b>. S\u2019il propose des activit\u00e9s orient\u00e9es pour les musicien(ne)s amateur(e)s ou bient\u00f4t pro, le public retrouvera aussi<b> des concerts et DJ sets en ext\u00e9rieur, la brasserie Roue Libre, de la petite restauration<\/b><b> \u00ab\u00a0et tout \u00e7a\u00a0: \u00c0 PRIX LIBRE\u00a0!\u00a0\u00bb<\/b>, nous dit-on.<\/p>\n<p>On y croisera <b>Joceline<\/b> (pop folk), <b>Petseleh<\/b> (indie folk rock) et <b>Burning Birds <\/b>(desert rock) le vendredi\u00a0; et samedi, <b>Exod<\/b> (pop rock), <b>Except One<\/b> (indie rock), <b>Fiizy<\/b> (Shoegaze), <b>Larsen Bangers<\/b>, et un DJ set de <b>Midva<\/b> et <b>Natsu<\/b>.<\/p>\n<p align=\"CENTER\"><b>Quand et o\u00f9\u00a0?<br \/><\/b>Vendredi 16 et samedi 17 mai<br \/>\u00c0 Kawati Studio<br \/><a href=\"https:\/\/fb.me\/e\/6HhBXvBL2\" target=\"_blank\" rel=\"noopener\">L\u2019\u00e9v\u00e9nement Facebook<\/a><\/p>\n<\/p>\n<p>\u00ab\u00a0Disco Pinot\u00a0\u00bb \u00e0 Miro<\/p>\n<p>Pour s\u2019a\u00e9rer les id\u00e9es ce samedi\u00a0? <b>Direction Ostwald, dans les pelouses du Miro pour son \u00ab\u00a0Disco Pinot\u00a0\u00bb <\/b>(un \u00e9v\u00e9nement <b>gratuit<\/b> sur inscription). \u00c0 la carte\u00a0? Du <b>pinot<\/b> \u2013 \u00e9videmment \u2013 (de plusieurs domaines alsaciens), mais aussi <b>des burgers et tartes flamb\u00e9es<\/b>\u2026 Et de la musique\u00a0!<\/p>\n<p>Pour t\u2019ambiancer<b> de 13h \u00e0 22h<\/b>, le Miro confie ainsi ses platines \u00e0 la DJ <b>Makar<\/b> (Cymatique Records, Compagnie Watt), \u00e0 <b>Javier<\/b> (Contre Temps), <b>Kl\u00e9o<\/b> (Merci Beaucoup), et <b>Hiroshi Sanchez<\/b> pour des sets groovy et solaires. Entre deux parties \u00ab\u00a0de p\u00e9tanque, M\u00f6lkky ou Jenga g\u00e9ant dans le parc\u00a0\u00bb.<\/p>\n<p align=\"CENTER\"><b>Quand et o\u00f9\u00a0?<br \/><\/b>Samedi 17 mai de 13h \u00e0 22h<br \/>Au Miro (Ostwald)<br \/><a href=\"https:\/\/fb.me\/e\/HFyTX1YvS\" target=\"_blank\" rel=\"noopener\">L\u2019\u00e9v\u00e9nement Facebook<\/a><\/p>\n<p>    <img width=\"800\" height=\"450\" src=\"https:\/\/www.europesays.com\/fr\/wp-content\/uploads\/2025\/05\/thomas-dorgler-miro-miro-festival-31.jpg\" class=\"attachment-image-size-L size-image-size-L\" alt=\"Miro + Miro festival 3(1)\" decoding=\"async\" loading=\"lazy\"  \/>         Miro vu de haut \u00a9 Thomas Dorgler \/ Document remis <\/p>\n<p>\u00ab\u00a0Ra\u00ef de Femmes\u00a0\u00bb \u00e9dition 2\u00a0: mini-festival de ra\u00ef \u00e0 l&rsquo;Or\u00e9e 85<\/p>\n<p>Apr\u00e8s une premi\u00e8re \u00e9dition l\u2019an pass\u00e9, <b>L\u2019Or\u00e9e 85 relance son micro-festival \u00ab\u00a0Ra\u00ef de Femmes\u00a0\u00bb du 23 au 25 mai<\/b>. Un focus sur le ra\u00ef, n\u00e9 en Alg\u00e9rie au travers des femmes\u2026 Et \u00ab\u00a0patrimoine immat\u00e9riel de l\u2019humanit\u00e9, [qui] chante l\u2019amour, le d\u00e9sespoir, la libert\u00e9, et d\u00e9peint les r\u00e9alit\u00e9s sociales\u00a0\u00bb.<\/p>\n<p>Si l\u2019an pass\u00e9, il mettait \u00e0 l\u2019honneur la chanteuse de ra\u00ef et actrice alg\u00e9rienne Cheba Fadela, cette \u00e9dition invite la jeune artiste parisienne <b>Patronaxxs<\/b>, qui viendra pr\u00e9senter son premier album Trapmaghrebitch.<\/p>\n<p>En sus, des DJ sets de <b>Nass<\/b> (bass music, trance, club, hard drum et latincore), \u00e0 retrouver le vendredi\u00a0; et le samedi, d\u2019<b>Algerian Vinyl<\/b> (sur vinyles), <b>Mama Ace <\/b>et <b>Mystique<\/b> ; et le dimanche, table ronde avec<b> Hajar Ouahbizhar <\/b>et <b>DJ set de Zhar<\/b>.<\/p>\n<p align=\"CENTER\"><b>Quand et o\u00f9\u00a0?<br \/><\/b>Du vendredi 23 au dimanche 24 mai<br \/>\u00c0 L\u2019Or\u00e9e 85<br \/><a href=\"https:\/\/fb.me\/e\/4LaejfnLX\" target=\"_blank\" rel=\"noopener\">L\u2019\u00e9v\u00e9nement Facebook<\/a><\/p>\n<\/p>\n<p> Merci Beaucoup Festival aux Studios du Rhin<\/p>\n<p>Apr\u00e8s deux \u00e9ditions \u00e0 succ\u00e8s, <b>Merci Beaucoup revient du 23 au 25 mai secouer les Studios du Rhin pour son festival.<\/b><\/p>\n<p>\u00c0 l\u2019affiche : <b>trois jours <\/b>\u00ab\u00a0pour une dose triple de culture, de musique et de good vibes\u00a0\u00bb, et une programmation qui m\u00ealera <b>\u00ab\u00a0des p\u00e9pites internationales et talents locaux\u00a0\u00bb<\/b>. Avec \u2013 entre autres \u2013\u00a0: <b>de la <\/b><b>house, de la techno, trance, new beat, progressive, EBM, italo-disco<\/b>.<\/p>\n<p>Aux platines ? On citera la DJ <b>Amaliah <\/b>\u00ab<b>\u00a0<\/b>exp\u00e9riment\u00e9e dans les raves anglaises\u00a0\u00bb, le DJ Berlinois <b>Spray <\/b>(vu sur Soulseekers Allowance et H\u00f6r), la Colombienne <b>THC <\/b>r\u00e9sidente sur Rinse FM et pass\u00e9e par le Panorama Bar, l\u2019Australienne <b>Aldonna <\/b>(cr\u00e9atrice du label Re-Leaf Records), ou l\u2019\u00a0\u00ab\u00a0ovni de la sc\u00e8ne \u00e9lectronique allemande\u00a0\u00bb <b>Bielefeld Murder Boys<\/b>, et l\u2019Italien <b>Younger Than Me<\/b>.<\/p>\n<p align=\"CENTER\"><b>Quand et o\u00f9\u00a0?<br \/><\/b>Du vendredi 23 au dimanche 25 mai (gratuit le dimanche de 12h \u00e0 15h)<br \/>Aux Studios du Rhin<br \/><a href=\"https:\/\/fb.me\/e\/9Jhscv3mZ\" target=\"_blank\" rel=\"noopener\">L\u2019\u00e9v\u00e9nement Facebook<\/a><\/p>\n<p>                <img width=\"333\" height=\"500\" src=\"https:\/\/www.europesays.com\/fr\/wp-content\/uploads\/2025\/05\/dsc00136-e1715088707415-333x500.jpg\" class=\"attachment-gallery size-gallery\" alt=\"Merci beaucoup festival\" data-full-url=\"https:\/\/pokaa.fr\/wp-content\/uploads\/2024\/05\/07\/dsc00136-e1715088707415.jpg\" decoding=\"async\" loading=\"lazy\"  \/>            <\/p>\n<p>                <img width=\"333\" height=\"500\" src=\"https:\/\/www.europesays.com\/fr\/wp-content\/uploads\/2025\/05\/dsc00313-e1715088759804-333x500.jpg\" class=\"attachment-gallery size-gallery\" alt=\"Merci beaucoup festival + perruche\" data-full-url=\"https:\/\/pokaa.fr\/wp-content\/uploads\/2024\/05\/07\/dsc00313-e1715088759804.jpg\" decoding=\"async\" loading=\"lazy\"  \/>            <\/p>\n<p>                <img width=\"333\" height=\"500\" src=\"https:\/\/www.europesays.com\/fr\/wp-content\/uploads\/2025\/05\/dsc00585-e1715088682130-333x500.jpg\" class=\"attachment-gallery size-gallery\" alt=\"Merci beaucoup festival\" data-full-url=\"https:\/\/pokaa.fr\/wp-content\/uploads\/2024\/05\/07\/dsc00585-e1715088682130.jpg\" decoding=\"async\" loading=\"lazy\"  \/>            <\/p>\n<p>                    Merci Beaucoup Festival \u00a9 Robin Tomasetto \/ Documents remis<\/p>\n<p>NL Contest \u00e0 la Rotonde<\/p>\n<p>Plus historique encore et \u00e9galement<b> du 23 au 25 mai<\/b>\u00a0:<b> le NL Contest<\/b>, festival de sports et cultures urbaines de retour pour une 19e \u00e9dition au skatepark de la Rotonde. Un \u00e9v\u00e9nement aussi rassembleur que populaire avec pas moins de <b>500 athl\u00e8tes et artistes invit\u00e9(e)s<\/b>, et <b>40.000 personnes attendues<\/b>.<\/p>\n<p>Entre<b> les comp\u00e9titions et les performances artistiques<\/b>, \u00e7a va rider s\u00e9v\u00e8re\u00a0! On y verra des shows en roller, BMX, skateboard, freestyle scooter, streetball et breakdance, des <b>d\u00e9mos de Parkour<\/b>, du<b> graffiti en live<\/b>, et <b>des concerts et DJ sets<\/b>. Sans oublier <b>le village des exposant(e)s<\/b>, et des <b>animations<\/b> pour toute la mif\u2019.<\/p>\n<p>Les temps forts du week-ends\u00a0: <b>le concert de Puppetmastaz<\/b> (et <b>G\u00e9ab\u00e9<\/b> en premi\u00e8re partie) le vendredi, la \u00ab\u00a0grosse bamboche avec DJ Fly, entre hip hop et \u00e9lectro\u00a0\u00bb le samedi, et le dimanche, le show final et ses \u00ab\u00a0comp\u00e8tes \u00e0 gogo\u00a0\u00bb.<\/p>\n<p>Pour compl\u00e9ter la prog\u2019\u00a0:<b> des afterparties au Wagon Souk et au Fat <\/b><b>\u00ab\u00a0pour danser jusqu\u2019au bout de la night\u00a0\u00bb\u00a0<\/b>; ainsi que des OFF en amont de l\u2019\u00e9v\u00e9nement (expos, performances, soir\u00e9es).<\/p>\n<p align=\"CENTER\"><b>Quand et o\u00f9\u00a0?<br \/><\/b>Du vendredi 23 au dimanche 25 mai<br \/>Au Skatepark de la Rotonde \u00e0 Strasbourg<br \/><a href=\"https:\/\/fb.me\/e\/4kUUT1cBQ\" target=\"_blank\" rel=\"noopener\">L\u2019\u00e9v\u00e9nement Facebook<\/a><br \/><a href=\"http:\/\/nlcontest.com\/\" target=\"_blank\" rel=\"noopener\">+ d\u2019infos<\/a><\/p>\n<p>                <img width=\"717\" height=\"500\" src=\"https:\/\/www.europesays.com\/fr\/wp-content\/uploads\/2025\/05\/nl-contest-nouvelle-ligne-strasbourg-rotonde-skate-martin-lelievre-festival-22.jpg\" class=\"attachment-gallery size-gallery\" alt=\"NL contest nouvelle ligne strasbourg rotonde skate martin lelievre festival (22)\" data-full-url=\"https:\/\/www.europesays.com\/fr\/wp-content\/uploads\/2025\/05\/nl-contest-nouvelle-ligne-strasbourg-rotonde-skate-martin-lelievre-festival-22.jpg\" decoding=\"async\" loading=\"lazy\"  \/>            <\/p>\n<p>                <img width=\"645\" height=\"500\" src=\"https:\/\/www.europesays.com\/fr\/wp-content\/uploads\/2025\/05\/nl-contest-nouvelle-ligne-strasbourg-rotonde-skate-martin-lelievre-festival-21.jpg\" class=\"attachment-gallery size-gallery\" alt=\"NL contest nouvelle ligne strasbourg rotonde skate martin lelievre festival (21)\" data-full-url=\"https:\/\/www.europesays.com\/fr\/wp-content\/uploads\/2025\/05\/nl-contest-nouvelle-ligne-strasbourg-rotonde-skate-martin-lelievre-festival-21.jpg\" decoding=\"async\" loading=\"lazy\"  \/>            <\/p>\n<p>                <img width=\"770\" height=\"500\" src=\"https:\/\/www.europesays.com\/fr\/wp-content\/uploads\/2025\/05\/nl-contest-nouvelle-ligne-strasbourg-rotonde-skate-martin-lelievre-festival-16.jpg\" class=\"attachment-gallery size-gallery\" alt=\"NL contest nouvelle ligne strasbourg rotonde skate martin lelievre festival (16)\" data-full-url=\"https:\/\/www.europesays.com\/fr\/wp-content\/uploads\/2025\/05\/nl-contest-nouvelle-ligne-strasbourg-rotonde-skate-martin-lelievre-festival-16.jpg\" decoding=\"async\" loading=\"lazy\"  \/>            <\/p>\n<p>                <img width=\"810\" height=\"500\" src=\"https:\/\/www.europesays.com\/fr\/wp-content\/uploads\/2025\/05\/nl-contest-nouvelle-ligne-strasbourg-rotonde-skate-martin-lelievre-festival-8.jpg\" class=\"attachment-gallery size-gallery\" alt=\"NL contest nouvelle ligne strasbourg rotonde skate martin lelievre festival (8)\" data-full-url=\"https:\/\/www.europesays.com\/fr\/wp-content\/uploads\/2025\/05\/nl-contest-nouvelle-ligne-strasbourg-rotonde-skate-martin-lelievre-festival-8.jpg\" decoding=\"async\" loading=\"lazy\"  \/>            <\/p>\n<p>                <img width=\"835\" height=\"500\" src=\"https:\/\/www.europesays.com\/fr\/wp-content\/uploads\/2025\/05\/nl-contest-nouvelle-ligne-strasbourg-rotonde-skate-martin-lelievre-festival-2.jpg\" class=\"attachment-gallery size-gallery\" alt=\"NL contest nouvelle ligne strasbourg rotonde skate martin lelievre festival (2)\" data-full-url=\"https:\/\/www.europesays.com\/fr\/wp-content\/uploads\/2025\/05\/nl-contest-nouvelle-ligne-strasbourg-rotonde-skate-martin-lelievre-festival-2.jpg\" decoding=\"async\" loading=\"lazy\"  \/>            <\/p>\n<p>                    NL Contest \u00a9 Martin Leli\u00e8vre \/ Pokaa<\/p>\n<p>Strasbourg Music Week \u00e0 La Grenze et au Molodo\u00ef<\/p>\n<p>Mai sera d\u00e9cid\u00e9ment un mois musical, notamment avec la troisi\u00e8me \u00e9dition de la <b>Strasbourg Music Week<\/b>, un<b> festival de musiques actuelles \u00e9mergentes et convention professionnelle <\/b>(qui a pour but de faire d\u00e9couvrir de nouveaux talents).<\/p>\n<p>Au programme\u00a0:<b> des ponts faits entre la France, l\u2019Allemagne, la Suisse, la Belgique et le Luxembourg <\/b>(dans un rayon de 300 km autour de Strasbourg), avec<b> 22 artistes \u00e0 l\u2019affiche<\/b>.<\/p>\n<p>Parmi les nombreux rendez-vous\u00a0: <b>des concerts \u00e0 la Grenze (les 26 et 27 mai), au Molodo\u00ef (le 28 mai), et une \u00ab\u00a0soundwalk\u00a0\u00bb <\/b>(une balade sonore citadine dans un lieu tenu secret)<b> les 27 et 29 mai<\/b>.<\/p>\n<p align=\"CENTER\"><b>Quand et o\u00f9\u00a0?<br \/><\/b>Du 26 au 29 mai<br \/>Dans plusieurs lieux \u00e0 Strasbourg<br \/><a href=\"https:\/\/strasbourgmusicweek.eu\/\" target=\"_blank\" rel=\"noopener\">+ d\u2019infos<\/a><\/p>\n<p>                <img width=\"750\" height=\"500\" src=\"https:\/\/www.europesays.com\/fr\/wp-content\/uploads\/2025\/05\/copie-de-24-05-22-smw-2024-d2-bartosch-salmanski-0140-750x500.jpg\" class=\"attachment-gallery size-gallery\" alt=\"strasbourg music week\" data-full-url=\"https:\/\/pokaa.fr\/wp-content\/uploads\/2025\/05\/15\/copie-de-24-05-22-smw-2024-d2-bartosch-salmanski-0140.jpg\" decoding=\"async\" loading=\"lazy\"  \/>            <\/p>\n<p>                <img width=\"749\" height=\"500\" src=\"https:\/\/www.europesays.com\/fr\/wp-content\/uploads\/2025\/05\/8u8a9709curbain-105-749x500.jpeg\" class=\"attachment-gallery size-gallery\" alt=\"Strasbourg Music Week\" data-full-url=\"https:\/\/pokaa.fr\/wp-content\/uploads\/2025\/05\/15\/8u8a9709curbain-105.jpeg\" decoding=\"async\" loading=\"lazy\"  \/>            <\/p>\n<p>                    Strasbourg Music Week \u00a9 Bartosch Salmanski \/ Document remis ; \u00a9 Christophe Urbain \/ Document remis<\/p>\n<p>La Finca\u00a0: \u00ab\u00a0La Fen\u00eatre rose\u00a0\u00bb au Carton<\/p>\n<p>Le <b>mercredi 28 mai<\/b>, le collectif <b>La Finca <\/b>profitera d\u2019une <b>\u00ab\u00a0nuit libre\u00a0\u00bb, veille de jour f\u00e9ri\u00e9 <\/b>pour \u00ab\u00a0se permet[tre] toutes les libert\u00e9s\u00a0\u00bb. Habitu\u00e9 \u00e0 se coucher plus t\u00f4t, <b>le Carton lui ouvrira exceptionnellement ses portes jusqu\u2019\u00e0 4h pour une soir\u00e9e immersive d\u00e9di\u00e9e au \u00ab\u00a0flower power\u00a0\u00bb<\/b>.<\/p>\n<p>Avec<b> \u00ab\u00a0La Fen\u00eatre Rose\u00a0\u00bb<\/b> (un hommage \u00e0 la premi\u00e8re nuit <b>psych\u00e9d\u00e9lique<\/b>), La Finca ose et s\u2019ouvre \u00e0 \u00ab\u00a0l\u2019exploration aussi bien visuelle que musicale\u00a0\u00bb. En d\u00e9but de soir\u00e9e\u00a0:<b> une <\/b><b>jam session<\/b><b> hybride en compagnie du DJ Iyass<\/b>. Suivie d\u2019<b>un live de Mydryaz<\/b>, puis des DJ sets (house vers hardgroove, trance)<b> <\/b>avec<b> Peut Etre<\/b>, <b>Seliph<\/b>, <b>Apu\u00a0<\/b>; et<b> leur <\/b><b>guest<\/b><b> parisienne Stella McCartois<\/b>.<\/p>\n<p>Sans oublier, une <b>expo d\u2019affiches de l\u2019illustratrice et graphiste Elisa Guerra<\/b>, et des paillettes pour s\u2019en mettre plein les mirettes.<\/p>\n<p align=\"CENTER\"><b>Quand et o\u00f9\u00a0?<br \/><\/b>Mercredi 28 mai (veille de jour f\u00e9ri\u00e9) de 20h \u00e0 4h<br \/>Au Carton<br \/><a href=\"https:\/\/fb.me\/e\/8luHmjjAC\" target=\"_blank\" rel=\"noopener\">L\u2019\u00e9v\u00e9nement Facebook<\/a><\/p>\n<p>                <img width=\"750\" height=\"500\" src=\"https:\/\/www.europesays.com\/fr\/wp-content\/uploads\/2025\/05\/peut-etre-sophigraphie-750x500.jpg\" class=\"attachment-gallery size-gallery\" alt=\"Peut Etre + La Finca + Magic Vision\" data-full-url=\"https:\/\/pokaa.fr\/wp-content\/uploads\/2024\/12\/13\/peut-etre-sophigraphie-1500x1000.jpg\" decoding=\"async\" loading=\"lazy\"  \/>            <\/p>\n<p>                <img width=\"749\" height=\"500\" src=\"https:\/\/www.europesays.com\/fr\/wp-content\/uploads\/2025\/05\/lafinca0224-web-54-scaled-e1712887271685-749x500.jpg\" class=\"attachment-gallery size-gallery\" alt=\"La Finca + Mydryaz + Iyass\" data-full-url=\"https:\/\/pokaa.fr\/wp-content\/uploads\/2024\/04\/12\/lafinca0224-web-54-1500x1000.jpg\" decoding=\"async\" loading=\"lazy\"  \/>            <\/p>\n<p>                <img width=\"749\" height=\"500\" src=\"https:\/\/www.europesays.com\/fr\/wp-content\/uploads\/2025\/05\/lafinca0224-web-38-min-scaled-e1712887284979-749x500.jpg\" class=\"attachment-gallery size-gallery\" alt=\"La Finca\" data-full-url=\"https:\/\/pokaa.fr\/wp-content\/uploads\/2024\/04\/12\/lafinca0224-web-38-min-1500x1000.jpg\" decoding=\"async\" loading=\"lazy\"  \/>            <\/p>\n<p>                    La Finca (avec Peut Etre en 1., Iyass et Mydryaz en 2.) \u00a9 Sophigraphie \/ Documents remis<\/p>\n<p>\u00ab\u00a0Block Party\u00a0\u00bb \u00e0 la Presqu&rsquo;\u00eele Malraux<\/p>\n<p>Si les hirondelles ne font pas le printemps, la <b>Block Party <\/b>annonce, elle, chaque ann\u00e9e<b> le retour de Contre-temps<\/b>. Les <b>samedi 31 mai et dimanche 1er juin<\/b>, le festival strasbourgeois ainsi que <b>Creative Playground <\/b>et <b>Illusion Crew<\/b> nous redonnent<b> rendez-vous Presqu\u2019\u00eele Malraux <\/b>pour un week-end <b>gratuit<\/b> autour de la <b>street culture<\/b>.<\/p>\n<p>Sur le parvis de la M\u00e9diath\u00e8que, de 14h \u00e0 20h\u00a0: des <b>street-artistes <\/b>d\u2019Allemagne, Suisse et Espagne, USA et France <b>peignant en <\/b><b>live<\/b><b> <\/b>les blocks, <b>des DJ <\/b>mixant \u00ab\u00a0leurs classiques hip-hop old &amp; new school\u00a0\u00bb, et \u00ab\u00a0des danseurs et danseuses s\u2019affront[ant] sur sc\u00e8ne lors de <b>battles spectaculaires<\/b>\u00a0\u00bb.<\/p>\n<p>En bonus\u00a0: son <b>afterparty<\/b> (payante),<b> le samedi 31 au Quai de Sc\u00e8ne<\/b> avec DJ Jaek El Diablo, DJ Peck et DJ Tallrocks.<\/p>\n<p align=\"CENTER\"><b>Quand et o\u00f9\u00a0?<br \/><\/b>Samedi 31 mai et dimanche 1er juin<br \/>Parvis de la M\u00e9diath\u00e8que Malraux, Presqu\u2019\u00eele Andr\u00e9 Malraux<br \/><a href=\"https:\/\/fb.me\/e\/6qJWPvKA3\" target=\"_blank\" rel=\"noopener\">L\u2019\u00e9v\u00e9nement Facebook<\/a><\/p>\n<p>                <img width=\"785\" height=\"500\" src=\"https:\/\/www.europesays.com\/fr\/wp-content\/uploads\/2025\/05\/block-party-tag-graffiti-hip-hop-7-785x500.png\" class=\"attachment-gallery size-gallery\" alt=\"Block Party tag graffiti hip hop (7)\" data-full-url=\"https:\/\/pokaa.fr\/wp-content\/uploads\/2024\/05\/15\/block-party-tag-graffiti-hip-hop-7.png\" decoding=\"async\" loading=\"lazy\"  \/>            <\/p>\n<p>                <img width=\"751\" height=\"500\" src=\"https:\/\/www.europesays.com\/fr\/wp-content\/uploads\/2025\/05\/block-party-break-dance-1-751x500.png\" class=\"attachment-gallery size-gallery\" alt=\"Block party break dance (1)\" data-full-url=\"https:\/\/pokaa.fr\/wp-content\/uploads\/2024\/05\/15\/block-party-break-dance-1.png\" decoding=\"async\" loading=\"lazy\"  \/>            <\/p>\n<p>                <img width=\"832\" height=\"500\" src=\"https:\/\/www.europesays.com\/fr\/wp-content\/uploads\/2025\/05\/block-party-tag-graffiti-hip-hop-1-832x500.png\" class=\"attachment-gallery size-gallery\" alt=\"Block Party tag graffiti hip hop (1)\" data-full-url=\"https:\/\/pokaa.fr\/wp-content\/uploads\/2024\/05\/15\/block-party-tag-graffiti-hip-hop-1.png\" decoding=\"async\" loading=\"lazy\"  \/>            <\/p>\n<p>                    \u00a9 Block Party \/ Documents remis<\/p>\n<p>Les spectacles et concerts<br \/>\nL&rsquo;Escale dans les nuages\u00a0: festival jeune public \u00e0 Entzheim<\/p>\n<p>Pour faire r\u00eaver les enfants comme les parents, on s\u2019envole vers <b>Entzheim<\/b> qui organise <b>jusqu\u2019au 18 mai<\/b> sa 4e <b>Escale dans les Nuages<\/b>, son festival jeune public\u2026 <b>Gratuit\u00a0<\/b>!<\/p>\n<p>Entre<b> le spectacle musical <\/b><b>Retropolis<\/b><b> du Weepers Circus <\/b>(samedi 17 mai), et <b>la journ\u00e9e festive de dimanche<\/b> avec des d\u00e9ambulations musicales, du jonglage, des performances burlesques, dans\u00e9es et autres animations\u2026 C\u2019est un bien joli voyage que nous promet cette Escale dans les Nuages.<\/p>\n<p align=\"CENTER\"><b>Quand et o\u00f9\u00a0?<br \/><\/b>Jusqu\u2019au 18 mai<br \/>\u00c0 Entzheim<br \/><a href=\"https:\/\/fb.me\/e\/4kUUT1cBQ\" target=\"_blank\" rel=\"noopener\">L\u2019\u00e9v\u00e9nement Facebook<\/a><br \/><a href=\"https:\/\/www.entzheim.fr\/agenda\/festival-lescale-dans-les-nuages\/\" target=\"_blank\" rel=\"noopener\">+ d\u2019infos<\/a><\/p>\n<\/p>\n<p>\u00ab\u00a0Aim\u00e9\u00a0\u00bb\u00a0: St\u00e9phane Dubaron \u00e0 la Grenze<\/p>\n<p>Certain(e)s l\u2019auront d\u00e9j\u00e0 crois\u00e9 sur des plateaux d\u2019humour strasbourgeois ou de t\u00e9l\u00e9 locale, et m\u00eame au TNS (Th\u00e9\u00e2tre national de Strasbourg) avec Le Plato ce jeudi\u2026 <b>St\u00e9phane Dubaron, chimiste le jour, humoriste la nuit<\/b>, a plusieurs casquettes (qu\u2019il collectionne et assortit toujours avec go\u00fbt). Malgr\u00e9 son agenda tr\u00e8s rempli, il a r\u00e9ussi \u00e0 \u00e9crire <strong>s<\/strong><b>on premier spectacle : \u00ab\u00a0Aim\u00e9\u00a0\u00bb, qu\u2019il pr\u00e9sentera en exclusivit\u00e9 le samedi 24 mai \u00e0 La Grenze<\/b> (avec <b>Margaux Lagleize en premi\u00e8re partie<\/b>).<\/p>\n<p>Sur sc\u00e8ne, il y pose ses doutes et r\u00e9flexions \u00ab\u00a0sur des sujets tant existentiels que futiles\u00a0: <b>les pens\u00e9es des animaux, les cadeaux pourris, l\u2019homophobie, l\u2019amour ou la mort<\/b>\u00a0\u00bb\u00a0; y \u00ab\u00a0raconte son pass\u00e9 et son quotidien, jalonn\u00e9s de bonheur et de lose en tentant toujours de r\u00e9pondre \u00e0 l\u2019ultime question\u00a0: \u00eatre aim\u00e9\u00a0?\u00a0\u00bb. Vas-y\u00a0: promis, c\u2019est mieux qu\u2019un \u00ab\u00a0TedX philo\u00a0\u00bb.<\/p>\n<p align=\"CENTER\"><b>Quand et o\u00f9\u00a0?<br \/><\/b>Samedi 24 mai \u00e0 20h30<br \/>\u00c0 La Grenze<br \/><a href=\"https:\/\/fb.me\/e\/2VzH8llVH\" target=\"_blank\" rel=\"noopener\">L\u2019\u00e9v\u00e9nement Facebook<\/a><\/p>\n<p>    <img width=\"800\" height=\"534\" src=\"https:\/\/www.europesays.com\/fr\/wp-content\/uploads\/2025\/05\/img-96961-800x534.jpeg\" class=\"attachment-image-size-L size-image-size-L\" alt=\"St\u00e9phane Dubaron\" decoding=\"async\" loading=\"lazy\"  \/>         St\u00e9phane Dubaron \u00a9 Beno\u00eet Dupont &#8211; Collectif DR \/ Document remis <\/p>\n<p>Concert \u00ab\u00a0Best Of\u00a0\u00bb de l&rsquo;ensemble vocal Catharsis au Palais des F\u00eates<\/p>\n<p>Donnant de la voix \u00e0 <b>120 choristes,<\/b> <b>l\u2019ensemble vocal Catharsis <\/b>s\u2019invite<b> le dimanche 25 mai au Palais des F\u00eates de Strasbourg<\/b> pour y livrer son \u00ab\u00a0best of\u00a0\u00bb.<\/p>\n<p>Comme un orchestre, et \u00ab\u00a0dans des arrangements originaux et in\u00e9dits\u00a0\u00bb, Catharsis nous donnera \u00e0 entendre et red\u00e9couvrir<b> des classiques du r\u00e9pertoire pop rock des ann\u00e9es 70 \u00e0 nos jours<\/b>. Eurythmics, Imagine Dragons, Radiohead, Depeche Mode, Red Hot Chili Peppers, System of A Down, Linkin Park\u2026 \u00ab\u00a0Comme [on] ne les [a] encore jamais entend[us]\u00a0\u00bb.<\/p>\n<p align=\"CENTER\"><b>Quand et o\u00f9\u00a0?<br \/><\/b>Dimanche 25 mai \u00e0 16h et 19h<br \/>Au Palais des F\u00eates de Strasbourg<br \/><a href=\"https:\/\/fb.me\/e\/7OZ4FpcyZ\" target=\"_blank\" rel=\"noopener\">L\u2019\u00e9v\u00e9nement Facebook<\/a><\/p>\n<p>    <img width=\"800\" height=\"532\" src=\"https:\/\/www.europesays.com\/fr\/wp-content\/uploads\/2025\/05\/catharsis-thomas-022-800x532.jpg\" class=\"attachment-image-size-L size-image-size-L\" alt=\"Chorale Catharsis au z\u00e9nith\" decoding=\"async\" loading=\"lazy\"  \/>         \u00a9 Ensemble Vocal Catharsis \/ Document remis <\/p>\n<p>Carte blanche \u00e0 Najim Ziani au Sapin Vert<\/p>\n<p><b>Mardi 27 mai, le Sapin Vert<\/b> (\u00e0 Bischheim) d\u00e9gaine sa meilleure carte\u00a0: une <b>carte blanche \u00e0 Najim Ziani<\/b>. L\u2019humoriste y \u00ab\u00a0partage ses d\u00e9buts et <b>son regard sur l\u2019Alsace<\/b>\u00a0\u00bb dans un seul-en-sc\u00e8ne bien tenu, et invite deux comp\u00e8res \u00ab\u00a0aux univers bien tremp\u00e9s\u00a0\u00bb.<\/p>\n<p>Tout d\u2019abord <b>Eric fait des projets<\/b>, \u00ab\u00a0entre r\u00e9flexions existentielles et vid\u00e9os de pandas, il [nous] embarque dans un monde o\u00f9 la philosophie c\u00f4toie l\u2019absurde\u2026 ou pas\u00a0\u00bb. Et enfin <b>Manuela Gross<\/b>, qui nous partagera ses aventures de \u00ab\u00a0vie de couple, enfants et plans B\u00a0\u00bb.<\/p>\n<p align=\"CENTER\"><b>Quand et o\u00f9\u00a0?<br \/><\/b>Mardi 27 mai \u00e0 20h<br \/>Au Sapin Vert (Bischheim)<br \/><a href=\"https:\/\/fb.me\/e\/5xdQcNmue\" target=\"_blank\" rel=\"noopener\">L\u2019\u00e9v\u00e9nement Facebook<\/a><\/p>\n<p>    <img width=\"452\" height=\"600\" src=\"https:\/\/www.europesays.com\/fr\/wp-content\/uploads\/2025\/05\/pxl-20241221-2118046091-452x600.jpg\" class=\"attachment-image-size-M size-image-size-M\" alt=\"Najim + stand up\" decoding=\"async\" loading=\"lazy\"  \/>         Najim Ziani (\u00e0 gauche) \u00a9 Fanny Soriano \/ Pokaa <\/p>\n<p>House of Diamonds\u00a0: \u00ab\u00a0Phare Citad.ielle Drag show\u00a0\u00bb<\/p>\n<p>Aussi fac\u00e9tieuse qu\u2019elle est brillante, <b>la House of Diamonds <\/b>compte une nouvelle fois \u00ab\u00a0non-binariser le port du Rhin avec son Phare Citad\u00b7ielle Drag Show\u00a0\u00bb.<\/p>\n<p>\u00c0 quelques jours du mois des fiert\u00e9s, <b>le mercredi 28 mai<\/b>, elle d\u00e9ploiera au Phare Citadelle ses \u00ab\u00a0cr\u00e9atures troubles et troubadourxesques pr\u00e9f\u00e9r\u00e9xes\u00a0\u00bb\u00a0: <b>Marl\u00e8ne Waxhouse<\/b>, <b>Graphic Dee<\/b>,<b> Frida Crado<\/b>, <b>Cotte De Maille<\/b>, <b>Moon Alishaa <\/b>et <b>Mizkeen\u00a0<\/b>; avant d\u2019encha\u00eener sur un <b>DJ set de Fearless Alfredo<\/b>.<\/p>\n<p align=\"CENTER\"><b>Quand et o\u00f9\u00a0?<br \/><\/b>Mercredi 28 mai \u00e0 19h30<br \/>Au Phare Citadelle<br \/><a href=\"https:\/\/fb.me\/e\/4FYjbO9fv\" target=\"_blank\" rel=\"noopener\">L\u2019\u00e9v\u00e9nement Facebook<\/a><\/p>\n<p>    <img width=\"452\" height=\"600\" src=\"https:\/\/www.europesays.com\/fr\/wp-content\/uploads\/2025\/05\/pxl-20240511-1959530212-scaled-e1718208860472-452x600.jpg\" class=\"attachment-image-size-M size-image-size-M\" alt=\"House of Diamonds\" decoding=\"async\" loading=\"lazy\"  \/>         Graphic Dee \u00e0 La House of Diamonds au Phare Citadelle (mai 2024) \u00a9 Fanny Soriano \/ Pokaa <\/p>\n<p>Les week-ends chill<br \/>\n\u00ab\u00a0Sauvages !\u00a0\u00bb\u00a0: March\u00e9 aux Plantes &amp; aux Cr\u00e9ateurs au Garage du Graffalgar<\/p>\n<p>Pas trop la t\u00eate aux grosses f\u00eates\u00a0? Y en a pour tous les go\u00fbts par ici\u2026<b> <\/b>Comme avec la seconde \u00e9dition de <b>\u00ab\u00a0Sauvages\u00a0!\u00a0\u00bb<\/b>, un march\u00e9 aux plantes et cr\u00e9ateurs\/rices qui se tiendra ce week-end <b>au Garage du Graffalgar<\/b>. Un \u00e9v\u00e9nement organis\u00e9 par<b> la jardinerie urbaine Tchungle<\/b>, <b>son Atelier<\/b> et les boutiques <b>Le G\u00e9n\u00e9rateur<\/b> et <b>L\u2019\u00c9crin<\/b>.<\/p>\n<p><b>Ces samedi 17 et dimanche 18 mai<\/b>, t\u2019y trouveras <b>des fleurs s\u00e9ch\u00e9es, des plantes originales et des cr\u00e9ations locales <\/b>pour refaire ta garde-robe, comme ton salon du sol au plafond. Avec, \u2013 entre autres \u2013 les bijoux de <b>Charlotte Olivia Picard <\/b>ou <b>Amabilis bijou<\/b>, les cr\u00e9ations en papier de <b>Limyla<\/b>, les illustrations de <b>Nastassia B.<\/b>, <b>Val\u00e9rie Etterlen<\/b> ou le <b>Page Novembre<\/b>\u2026<\/p>\n<p>Mais aussi<b> des ateliers DIY<\/b> (<b>lactofermentation<\/b> avec Mes Mets dans les Orties, <b>broderie<\/b> avec Lulushka,<b> d\u00e9cor sur c\u00e9ramique<\/b> avec 2X2mains et Lisa D\u00e9bat, de barrette de fleurs s\u00e9ch\u00e9es avec L\u2019Atelier Tchungle<\/p>\n<p align=\"CENTER\"><b>Quand et o\u00f9\u00a0?<br \/><\/b>Samedi 17 et dimanche 18 mai<br \/>Au Garage du Graffalgar<br \/><a href=\"https:\/\/fb.me\/e\/5Bdj5KipP\" target=\"_blank\" rel=\"noopener\">L\u2019\u00e9v\u00e9nement Facebook<\/a><\/p>\n<p>                <img width=\"667\" height=\"500\" src=\"https:\/\/www.europesays.com\/fr\/wp-content\/uploads\/2025\/05\/decoration-plantes-sechees-tchungle-image00022.jpeg\" class=\"attachment-gallery size-gallery\" alt=\"Atelier tchungle\" data-full-url=\"https:\/\/www.europesays.com\/fr\/wp-content\/uploads\/2025\/05\/decoration-plantes-sechees-tchungle-image00022.jpeg\" decoding=\"async\" loading=\"lazy\"  \/>            <\/p>\n<p>                <img width=\"750\" height=\"500\" src=\"https:\/\/www.europesays.com\/fr\/wp-content\/uploads\/2025\/05\/tchungle-plantes-commerces-calendrier-avent18.jpg\" class=\"attachment-gallery size-gallery\" alt=\"tchungle\" data-full-url=\"https:\/\/www.europesays.com\/fr\/wp-content\/uploads\/2025\/05\/tchungle-plantes-commerces-calendrier-avent18.jpg\" decoding=\"async\" loading=\"lazy\"  \/>            <\/p>\n<p>                <img width=\"750\" height=\"500\" src=\"https:\/\/www.europesays.com\/fr\/wp-content\/uploads\/2025\/05\/tchungle-plantes-commerces-calendrier-avent11.jpg\" class=\"attachment-gallery size-gallery\" alt=\"plantes cactus nature \u00e9cologie\" data-full-url=\"https:\/\/www.europesays.com\/fr\/wp-content\/uploads\/2025\/05\/tchungle-plantes-commerces-calendrier-avent11.jpg\" decoding=\"async\" loading=\"lazy\"  \/>            <\/p>\n<p>                    Tchungle 1. \u00a9 Bastien Pietronave \/ Pokaa ; 2. et 3. \u00a9 Samuel Compion \/ Pokaa<\/p>\n<p>Hop Festival au Shadok<\/p>\n<p>Et hop\u00a0! Un autre festival\u00a0:<b> le Hop Festival, au Shadok<\/b>. Les <b>samedi 17 et dimanche 18 mai<\/b>, celui-ci ouvrira ses portes \u00e0<b> une trentaine d\u2019artisan(e)s et cr\u00e9ateurs\/rices<\/b>, avec des <b>stands de leurs cr\u00e9ations<\/b>, des <b>ateliers d\u2019initiations<\/b>, des <b>exp\u00e9riences artistiques immersives <\/b>et de la musique.<\/p>\n<p>On pourra s\u2019essayer \u00e0\u00a0: la peinture sur c\u00e9ramique, la couture, la broderie num\u00e9rique, la vannerie, la cr\u00e9ation d\u2019affiche, la fabrication d\u2019objet en plastique recycl\u00e9, le tufting, le macram\u00e9, la musique \u00e9lectronique et bien d\u2019autres activit\u00e9s (pour certaines\u00a0: gratuites!).<\/p>\n<p align=\"CENTER\"><b>Quand et o\u00f9\u00a0?<br \/><\/b>Samedi 17 et dimanche 18 mai de 10h \u00e0 18h<br \/>Au Shadok<br \/><a href=\"https:\/\/fb.me\/e\/5zUT0UdFh\" target=\"_blank\" rel=\"noopener\">L\u2019\u00e9v\u00e9nement Facebook<\/a><\/p>\n<p>                <img width=\"667\" height=\"500\" src=\"https:\/\/www.europesays.com\/fr\/wp-content\/uploads\/2025\/05\/shadok-jan-kounen-image00045.jpeg\" class=\"attachment-gallery size-gallery\" alt=\"SHadok jan Kounen image00045\" data-full-url=\"https:\/\/www.europesays.com\/fr\/wp-content\/uploads\/2025\/05\/shadok-jan-kounen-image00045.jpeg\" decoding=\"async\" loading=\"lazy\"  \/>            <\/p>\n<p>                <img width=\"327\" height=\"500\" src=\"https:\/\/www.europesays.com\/fr\/wp-content\/uploads\/2025\/05\/longevity-festival-musique-strasbourg-2019-techno-house-martin-lelievre-65.jpg\" class=\"attachment-gallery size-gallery\" alt=\"Longevity Festival musique strasbourg 2019 techno house @Martin Lelievre (65)\" data-full-url=\"https:\/\/www.europesays.com\/fr\/wp-content\/uploads\/2025\/05\/longevity-festival-musique-strasbourg-2019-techno-house-martin-lelievre-65.jpg\" decoding=\"async\" loading=\"lazy\"  \/>            <\/p>\n<p>                    \u00a9 Bastien Pietronave \/ Pokaa ; \u00a9 Martin Leli\u00e8vre \/ Pokaa<\/p>\n<p>La nuit europ\u00e9enne des mus\u00e9es<\/p>\n<p>\u00c9v\u00e9nement original, familial, <b>gratuit et national<\/b>, l\u2019annuelle <b>Nuit europ\u00e9enne des Mus\u00e9es<\/b> se tiendra ce <b>samedi 17 mai <\/b>pour <b>la 21e \u00e9dition<\/b>\u00a0!<\/p>\n<p>Si elle aura lieu <b>partout en France<\/b>, \u00e0 Strasbourg, elle nous invitera dans la dizaine de mus\u00e9es que compte la ville (du MAMCS (mus\u00e9e d\u2019art moderne et contemporain de Strasbourg), au Mus\u00e9e Alsacien, en passant par le Palais des Rohan, Tomi Ungerer, etc.).<\/p>\n<p><b>Au programme\u00a0: les expositions temporaires et collections permanentes<\/b> \u00e0 d\u00e9couvrir, mais aussi des<b> animations musicales, spectaculaires, ludiques<\/b>, et autres <b>visites<\/b> pr\u00e9vues pour cette nuit \u00e0 part.<\/p>\n<p align=\"CENTER\"><b>Quand et o\u00f9\u00a0?<br \/><\/b>Samedi 17 mai de 19h \u00e0 minuit<br \/>Dans les mus\u00e9es (\u00e0 Strasbourg comme partout en France)<br \/><a href=\"https:\/\/www.musees.strasbourg.eu\/-\/nuit-europ%C3%A9enne-des-mus%C3%A9es\" target=\"_blank\" rel=\"noopener\">+ d\u2019infos<\/a><\/p>\n<p>                <img width=\"667\" height=\"500\" src=\"https:\/\/www.europesays.com\/fr\/wp-content\/uploads\/2025\/05\/img-20220225-120703-667x500.jpg\" class=\"attachment-gallery size-gallery\" alt=\"mus\u00e9e alsacien + strasbourg\" data-full-url=\"https:\/\/pokaa.fr\/wp-content\/uploads\/2022\/10\/img-20220225-120703-1500x1125.jpg\" decoding=\"async\" loading=\"lazy\"  \/>            <\/p>\n<p>                <img width=\"667\" height=\"500\" src=\"https:\/\/www.europesays.com\/fr\/wp-content\/uploads\/2025\/05\/img-20231019-172616-scaled-e1698333116906-667x500.jpg\" class=\"attachment-gallery size-gallery\" alt=\"MAMCS + FAILE + mus\u00e9e art moderne et contemporain + mus\u00e9e\" data-full-url=\"https:\/\/pokaa.fr\/wp-content\/uploads\/2023\/10\/25\/img-20231019-172616-1500x1125.jpg\" decoding=\"async\" loading=\"lazy\"  \/>            <\/p>\n<p>                    Mus\u00e9e Alsacien et MAMCS \u00a9 Fanny Soriano \/ Pokaa<\/p>\n<p>Le Festin du Turfu au Phare Citadelle<\/p>\n<p>Autre curiosit\u00e9 de l\u2019agenda\u00a0: la seconde \u00e9dition du <b>Festin du Turfu, au Phare Citadelle<\/b>. Un <b>festival de cuisine v\u00e9g\u00e9tale <\/b>qui se tiendra<b> le dimanche 25 mai<\/b> toute la journ\u00e9e.<\/p>\n<p>Au menu\u00a0?<b> Un brunch v\u00e9g\u00e9tal, des ateliers culinaires cr\u00e9atifs, des tables rondes, un village associatif, des produits locaux, des foodtrucks <\/b>et \u00ab\u00a0plein d\u2019autres joyeuset\u00e9s 100% v\u00e9g\u00e9tales et gourmandes \u00e0 savourer en solo, entre ami\u00b7es ou en famille\u00a0\u00bb. On ne sait pas pour toi mais on en salive d\u00e9j\u00e0\u00a0!<\/p>\n<p align=\"CENTER\"><b>Quand et o\u00f9\u00a0?<br \/><\/b>Dimanche 25 mai de 11h \u00e0 21h<br \/>Au Phare Citadelle<br \/><a href=\"https:\/\/fb.me\/e\/2nxfhdbSB\" target=\"_blank\" rel=\"noopener\">L\u2019\u00e9v\u00e9nement Facebook<\/a><\/p>\n<p>                <img width=\"381\" height=\"500\" src=\"https:\/\/www.europesays.com\/fr\/wp-content\/uploads\/2025\/04\/img-9755-381x500.jpg\" class=\"attachment-gallery size-gallery\" alt=\"phare citadelle\" data-full-url=\"https:\/\/pokaa.fr\/wp-content\/uploads\/2025\/02\/11\/img-9755.jpg\" decoding=\"async\" loading=\"lazy\"  \/>            <\/p>\n<p>                <img width=\"387\" height=\"500\" src=\"https:\/\/www.europesays.com\/fr\/wp-content\/uploads\/2025\/04\/img-9749-387x500.jpg\" class=\"attachment-gallery size-gallery\" alt=\"phare citadelle\" data-full-url=\"https:\/\/pokaa.fr\/wp-content\/uploads\/2025\/02\/11\/img-9749.jpg\" decoding=\"async\" loading=\"lazy\"  \/>            <\/p>\n<p>                    \u00a9 Coraline Lafon \/ Pokaa<\/p>\n","protected":false},"excerpt":{"rendered":"Du soleil, des jours f\u00e9ri\u00e9s, des terrasses, et des festivals en pagaille : \u00e0 Strasbourg, le mois de&hellip;\n","protected":false},"author":2,"featured_media":102983,"comment_status":"","ping_status":"","sticky":false,"template":"","format":"standard","meta":{"footnotes":""},"categories":[2820],"tags":[1111,11,4763,3734,4396,1697,16829,1777,674,652,849,1011,27,775,326,6653,873,12,21919,3907,25,7492,640,4064],"class_list":{"0":"post-102982","1":"post","2":"type-post","3":"status-publish","4":"format-standard","5":"has-post-thumbnail","7":"category-strasbourg","8":"tag-actu","9":"tag-actualites","10":"tag-agenda","11":"tag-art","12":"tag-atelier","13":"tag-concert","14":"tag-drag-show","15":"tag-eu","16":"tag-europe","17":"tag-famille","18":"tag-festival","19":"tag-fr","20":"tag-france","21":"tag-grand-est","22":"tag-gratuit","23":"tag-jeune-public","24":"tag-musique","25":"tag-news","26":"tag-ou-sortir","27":"tag-que-faire","28":"tag-republique-francaise","29":"tag-stand-up","30":"tag-strasbourg","31":"tag-week-end"},"share_on_mastodon":{"url":"https:\/\/pubeurope.com\/@fr\/114514255631743041","error":""},"_links":{"self":[{"href":"https:\/\/www.europesays.com\/fr\/wp-json\/wp\/v2\/posts\/102982","targetHints":{"allow":["GET"]}}],"collection":[{"href":"https:\/\/www.europesays.com\/fr\/wp-json\/wp\/v2\/posts"}],"about":[{"href":"https:\/\/www.europesays.com\/fr\/wp-json\/wp\/v2\/types\/post"}],"author":[{"embeddable":true,"href":"https:\/\/www.europesays.com\/fr\/wp-json\/wp\/v2\/users\/2"}],"replies":[{"embeddable":true,"href":"https:\/\/www.europesays.com\/fr\/wp-json\/wp\/v2\/comments?post=102982"}],"version-history":[{"count":0,"href":"https:\/\/www.europesays.com\/fr\/wp-json\/wp\/v2\/posts\/102982\/revisions"}],"wp:featuredmedia":[{"embeddable":true,"href":"https:\/\/www.europesays.com\/fr\/wp-json\/wp\/v2\/media\/102983"}],"wp:attachment":[{"href":"https:\/\/www.europesays.com\/fr\/wp-json\/wp\/v2\/media?parent=102982"}],"wp:term":[{"taxonomy":"category","embeddable":true,"href":"https:\/\/www.europesays.com\/fr\/wp-json\/wp\/v2\/categories?post=102982"},{"taxonomy":"post_tag","embeddable":true,"href":"https:\/\/www.europesays.com\/fr\/wp-json\/wp\/v2\/tags?post=102982"}],"curies":[{"name":"wp","href":"https:\/\/api.w.org\/{rel}","templated":true}]}}