{"id":1029892,"date":"2026-06-28T11:57:15","date_gmt":"2026-06-28T11:57:15","guid":{"rendered":"https:\/\/www.europesays.com\/fr\/1029892\/"},"modified":"2026-06-28T11:57:15","modified_gmt":"2026-06-28T11:57:15","slug":"frappes-de-liran-au-bahrein-et-koweit-en-riposte-aux-attaques-aeriennes-americaines","status":"publish","type":"post","link":"https:\/\/www.europesays.com\/fr\/1029892\/","title":{"rendered":"Frappes de l&rsquo;Iran au Bahre\u00efn et Kowe\u00eft en riposte aux attaques a\u00e9riennes am\u00e9ricaines"},"content":{"rendered":"<p>L\u2019Iran a lanc\u00e9 dimanche des attaques de drones et de missiles visant le Bahre\u00efn et le Kowe\u00eft, en riposte aux frappes a\u00e9riennes am\u00e9ricaines qui ont touch\u00e9 la R\u00e9publique islamique, et a menac\u00e9 de \u00absuspendre compl\u00e8tement\u00bb les n\u00e9gociations visant \u00e0 mettre fin \u00e0 la guerre si Washington poursuivait ses attaques.<\/p>\n<p>Les efforts visant \u00e0 rouvrir le d\u00e9troit d\u2019Ormuz sans la supervision directe de l\u2019Iran ont d\u00e9clench\u00e9 les \u00e9changes de tirs qui secouent actuellement la r\u00e9gion et ont compromis les n\u00e9gociations en vue d\u2019un cessez-le-feu durable. Un organisme maritime multinational supervis\u00e9 par la marine am\u00e9ricaine a d\u00e9clar\u00e9 samedi qu\u2019il allait \u00e9largir une voie de navigation pr\u00e8s d\u2019Oman pour le trafic entrant et sortant, cr\u00e9ant ainsi un nouveau point de friction avec T\u00e9h\u00e9ran. <\/p>\n<p>La communaut\u00e9 internationale consid\u00e8re depuis longtemps ce d\u00e9troit comme une voie de passage internationale, bien qu\u2019il se trouve dans les eaux territoriales de l\u2019Iran et d\u2019Oman. Ces derniers jours, l\u2019Iran a attaqu\u00e9 \u00e0 deux reprises des navires empruntant une voie de navigation situ\u00e9e du c\u00f4t\u00e9 omanais du d\u00e9troit, avec le soutien d\u2019une agence des Nations unies.<\/p>\n<p>L\u2019Iran insiste sur le fait qu\u2019il doit \u00eatre le seul \u00e0 contr\u00f4ler le d\u00e9troit, cette \u00e9troite embouchure du golfe Persique qui acheminait autrefois un cinqui\u00e8me du p\u00e9trole et du gaz naturel mondiaux. Le ministre iranien des Affaires \u00e9trang\u00e8res, Abbas Araghchi, a r\u00e9it\u00e9r\u00e9 cette revendication dimanche lors d\u2019une visite d\u2019\u00c9tat en Irak.<\/p>\n<p>\u00abToute ing\u00e9rence dans cette affaire, toute tentative visant \u00e0 \u00e9tablir des dispositions nouvelles ou distinctes de celles actuellement mises en \u0153uvre par la R\u00e9publique islamique d\u2019Iran, ne fera que compliquer davantage la situation, retarder la r\u00e9ouverture du d\u00e9troit d\u2019Ormuz et accro\u00eetre le niveau de tension, tout comme ces deux derni\u00e8res nuits o\u00f9 nous avons assist\u00e9 \u00e0 des incidents dans le d\u00e9troit d\u2019Ormuz qui ont conduit \u00e0 une mont\u00e9e de la tension et des affrontements\u00bb, a-t-il d\u00e9clar\u00e9 \u00e0 Bagdad. <\/p>\n<p>Les \u00c9tats-Unis et l\u2019Iran continuent de d\u00e9battre des termes d\u2019un accord de paix provisoire, notamment des modalit\u00e9s de navigation dans le d\u00e9troit, de la lev\u00e9e du blocus et des sanctions am\u00e9ricaines, ainsi que de l\u2019avenir des stocks d\u2019uranium hautement enrichi de l\u2019Iran. En vertu du protocole d\u2019accord sign\u00e9 au d\u00e9but du mois, les \u00c9tats-Unis et l\u2019Iran disposent de 60\u00a0jours pour r\u00e9gler les d\u00e9tails. <\/p>\n<p>Ces frappes risquent de faire d\u00e9railler l\u2019accord avant m\u00eame qu\u2019il ne soit finalis\u00e9. La poursuite des combats au Liban, o\u00f9 un soldat isra\u00e9lien a \u00e9t\u00e9 tu\u00e9 dimanche matin par des tirs du Hezbollah, menace \u00e9galement cet accord.<\/p>\n<p><b>Frappes visant les \u00c9tats accueillant des forces militaires am\u00e9ricaines<\/b><\/p>\n<p>L\u2019arm\u00e9e kowe\u00eftienne a d\u00e9clar\u00e9 que ses d\u00e9fenses a\u00e9riennes avaient intercept\u00e9 des drones et des missiles iraniens dimanche matin, juste apr\u00e8s les frappes am\u00e9ricaines.<\/p>\n<p>Le Kowe\u00eft, qui abrite une importante base de l\u2019arm\u00e9e am\u00e9ricaine, a d\u00e9clar\u00e9 avoir d\u00e9tect\u00e9 et intercept\u00e9 deux missiles balistiques, sans qu\u2019aucun bless\u00e9 ni d\u00e9g\u00e2t n\u2019ait \u00e9t\u00e9 signal\u00e9. <\/p>\n<p>Le minist\u00e8re de l\u2019Int\u00e9rieur du Bahre\u00efn a indiqu\u00e9 que les frappes iraniennes avaient endommag\u00e9 un immeuble r\u00e9sidentiel situ\u00e9 pr\u00e8s de l\u2019a\u00e9roport international et qu\u2019il n\u2019y avait pas eu de morts. Le minist\u00e8re a publi\u00e9 des photos d\u2019un immeuble de huit \u00e9tages, dont le dernier \u00e9tage a \u00e9t\u00e9 d\u00e9truit, rempli de d\u00e9combres et dont les fen\u00eatres ont \u00e9t\u00e9 souffl\u00e9es.<\/p>\n<p>Le Bahre\u00efn abrite la 5e\u00a0flotte de la marine am\u00e9ricaine, dont la base a fait l\u2019objet d\u2019attaques r\u00e9p\u00e9t\u00e9es pendant la guerre. L\u2019immeuble endommag\u00e9 dimanche ne se trouvait pas \u00e0 proximit\u00e9 du quartier g\u00e9n\u00e9ral de la flotte, situ\u00e9 dans le centre-ville de Manama.<\/p>\n<p>Le minist\u00e8re des Affaires \u00e9trang\u00e8res du Bahre\u00efn a d\u00e9nonc\u00e9 ce qu\u2019il a qualifi\u00e9 d\u2019\u00abescalade dangereuse qui r\u00e9v\u00e8le que les agissements de T\u00e9h\u00e9ran ne constituent ni un acte ponctuel, ni un incident isol\u00e9, mais bien une approche d\u00e9lib\u00e9r\u00e9e et un sch\u00e9ma syst\u00e9matique d\u2019agressions r\u00e9p\u00e9t\u00e9es\u00bb.<\/p>\n<p>La Garde r\u00e9volutionnaire iranienne, une force paramilitaire, a revendiqu\u00e9 la responsabilit\u00e9 de ces deux attaques.<\/p>\n<p><b>Trump accuse l\u2019Iran d\u2019avoir viol\u00e9 le cessez-le-feu<\/b><\/p>\n<p>Les derni\u00e8res frappes am\u00e9ricaines font suite \u00e0 un \u00e9change d\u2019attaques entre les \u00c9tats-Unis et l\u2019Iran plus t\u00f4t dans le week-end. <\/p>\n<p>Le Commandement central de l\u2019arm\u00e9e am\u00e9ricaine a d\u00e9clar\u00e9 avoir frapp\u00e9 dimanche des \u00abinfrastructures de surveillance, des syst\u00e8mes de communication, des sites de d\u00e9fense a\u00e9rienne, des installations de stockage de drones et des moyens de pose de mines\u00bb de l\u2019arm\u00e9e iranienne, \u00e0 la suite d\u2019une attaque contre un navire en mer t\u00f4t samedi matin. Ce navire, le p\u00e9trolier Kiku, battant pavillon panam\u00e9en, transportait du p\u00e9trole brut pour l\u2019entreprise \u00e9nerg\u00e9tique publique du Qatar, un m\u00e9diateur cl\u00e9 entre l\u2019Iran et les \u00c9tats-Unis.<\/p>\n<p>Dans un message publi\u00e9 sur les r\u00e9seaux sociaux, le pr\u00e9sident Donald Trump a d\u00e9clar\u00e9 que les \u00c9tats-Unis avaient \u00abfrapp\u00e9 des sites de stockage de missiles et de drones iraniens, ainsi que des sites radar c\u00f4tiers, pour avoir viol\u00e9, ENCORE UNE FOIS, l\u2019accord de cessez-le-feu\u00a0!\u00bb Il a mis en garde contre un moment o\u00f9 les \u00c9tats-Unis pourraient ne plus \u00eatre en mesure de faire preuve de raison \u00abet seraient contraints de mener \u00e0 bien cette mission par la voie militaire\u00bb.<\/p>\n<p>\u00abSi cela se produit, la R\u00e9publique islamique d\u2019Iran cessera d\u2019exister!\u00bb a \u00e9crit M.\u00a0Trump sur Truth Social.<\/p>\n<p>Cet incident fait suite \u00e0 un \u00e9change similaire survenu quelques jours auparavant, lorsqu\u2019un drone iranien avait frapp\u00e9 un navire marchand au large des c\u00f4tes d\u2019Oman jeudi, et que l\u2019arm\u00e9e am\u00e9ricaine avait ripost\u00e9 par des frappes<\/p>\n<p><b>Le conflit se poursuit au Liban<\/b><\/p>\n<p>L\u2019Iran n\u2019a cess\u00e9 de r\u00e9affirmer que le cessez-le-feu devait inclure l\u2019arr\u00eat des combats au Liban, o\u00f9 Isra\u00ebl affronte le groupe militant du Hezbollah, soutenu par l\u2019Iran.<\/p>\n<p>Quelques jours apr\u00e8s le d\u00e9clenchement de la guerre contre l\u2019Iran par les \u00c9tats-Unis et Isra\u00ebl, le Hezbollah a commenc\u00e9 \u00e0 tirer sur Isra\u00ebl en signe de solidarit\u00e9 avec ses alli\u00e9s iraniens. Isra\u00ebl a ripost\u00e9 par une invasion qui a conduit \u00e0 l\u2019occupation de vastes portions du sud du Liban et au d\u00e9placement de centaines de milliers de personnes. Isra\u00ebl a d\u00e9clar\u00e9 qu\u2019il ne retirerait pas ses troupes tant que le Hezbollah ne serait pas d\u00e9sarm\u00e9.<\/p>\n<p>La semaine derni\u00e8re, Isra\u00ebl et le gouvernement libanais ont sign\u00e9 un accord-cadre visant \u00e0 mettre fin au conflit, mais cet accord n\u2019incluait ni le Hezbollah ni l\u2019Iran. Le Hezbollah a critiqu\u00e9 cet accord et rejet\u00e9 les appels au d\u00e9sarmement.<\/p>\n<p>Dimanche, M.\u00a0Araghchi a r\u00e9it\u00e9r\u00e9, lors d\u2019une visite en Irak, que les \u00c9tats-Unis devaient contraindre Isra\u00ebl \u00e0 cesser ses attaques et \u00e0 se retirer. Isra\u00ebl occupe environ 600\u00a0kilom\u00e8tres carr\u00e9s dans le sud du Liban, qu\u2019il estime n\u00e9cessaires pour constituer une zone tampon de s\u00e9curit\u00e9 afin de mettre un terme aux attaques du Hezbollah. <\/p>\n<p>Toutefois, des affrontements sporadiques se sont poursuivis entre Isra\u00ebl et le Hezbollah. Dans la nuit de samedi \u00e0 dimanche, des militants du Hezbollah ont tu\u00e9 un soldat isra\u00e9lien dans le village de Deir Seriane, dans le sud du Liban, selon l\u2019arm\u00e9e isra\u00e9lienne. <\/p>\n<p>Le Hezbollah n\u2019a fait aucun commentaire dans l\u2019imm\u00e9diat. <\/p>\n","protected":false},"excerpt":{"rendered":"L\u2019Iran a lanc\u00e9 dimanche des attaques de drones et de missiles visant le Bahre\u00efn et le Kowe\u00eft, en&hellip;\n","protected":false},"author":2,"featured_media":972678,"comment_status":"","ping_status":"","sticky":false,"template":"","format":"standard","meta":{"footnotes":"","_share_on_mastodon":"0"},"categories":[1589],"tags":[11,73,1866,4574,15788,17886,1854,17887,12,1864,1865,1863,308],"class_list":["post-1029892","post","type-post","status-publish","format-standard","has-post-thumbnail","category-etats-unis","tag-actualites","tag-etats-unis","tag-etats-unis-damerique","tag-https-lactualite-com-sujet-affaires","tag-https-lactualite-com-sujet-environnement","tag-https-lactualite-com-sujet-hydrocarbures","tag-https-lactualite-com-sujet-international","tag-https-lactualite-com-sujet-services-publics","tag-news","tag-united-states","tag-united-states-of-america","tag-us","tag-usa"],"share_on_mastodon":{"url":"https:\/\/pubeurope.com\/@fr\/116827616166751594","error":""},"_links":{"self":[{"href":"https:\/\/www.europesays.com\/fr\/wp-json\/wp\/v2\/posts\/1029892","targetHints":{"allow":["GET"]}}],"collection":[{"href":"https:\/\/www.europesays.com\/fr\/wp-json\/wp\/v2\/posts"}],"about":[{"href":"https:\/\/www.europesays.com\/fr\/wp-json\/wp\/v2\/types\/post"}],"author":[{"embeddable":true,"href":"https:\/\/www.europesays.com\/fr\/wp-json\/wp\/v2\/users\/2"}],"replies":[{"embeddable":true,"href":"https:\/\/www.europesays.com\/fr\/wp-json\/wp\/v2\/comments?post=1029892"}],"version-history":[{"count":0,"href":"https:\/\/www.europesays.com\/fr\/wp-json\/wp\/v2\/posts\/1029892\/revisions"}],"wp:featuredmedia":[{"embeddable":true,"href":"https:\/\/www.europesays.com\/fr\/wp-json\/wp\/v2\/media\/972678"}],"wp:attachment":[{"href":"https:\/\/www.europesays.com\/fr\/wp-json\/wp\/v2\/media?parent=1029892"}],"wp:term":[{"taxonomy":"category","embeddable":true,"href":"https:\/\/www.europesays.com\/fr\/wp-json\/wp\/v2\/categories?post=1029892"},{"taxonomy":"post_tag","embeddable":true,"href":"https:\/\/www.europesays.com\/fr\/wp-json\/wp\/v2\/tags?post=1029892"}],"curies":[{"name":"wp","href":"https:\/\/api.w.org\/{rel}","templated":true}]}}