{"id":1029995,"date":"2026-06-28T13:07:28","date_gmt":"2026-06-28T13:07:28","guid":{"rendered":"https:\/\/www.europesays.com\/fr\/1029995\/"},"modified":"2026-06-28T13:07:28","modified_gmt":"2026-06-28T13:07:28","slug":"mortalite-en-periode-de-canicule-les-tensions-se-concentrent-sur-paris-ou-les-deux-funerariums-sont-complets","status":"publish","type":"post","link":"https:\/\/www.europesays.com\/fr\/1029995\/","title":{"rendered":"Mortalit\u00e9 en p\u00e9riode de canicule : \u00abLes tensions se concentrent sur Paris, o\u00f9 les deux fun\u00e9rariums sont complets\u00bb"},"content":{"rendered":"<p>\n    <strong>ENTRETIEN<\/strong> &#8211; D\u00e9l\u00e9gu\u00e9e g\u00e9n\u00e9rale de la F\u00e9d\u00e9ration nationale du fun\u00e9raire, \u00c9lisabeth Charrier fait le point aupr\u00e8s du Figaro sur le taux d\u2019occupation des infrastructures fun\u00e9raires en France. Elle \u00e9voque une \u00abforte activit\u00e9\u00bb, mais pas de \u00absaturation\u00bb.<\/p>\n<p class=\"fig-paragraph\">La canicule met le secteur fun\u00e9raire \u00e0 l\u2019\u00e9preuve. Les premiers chiffres officiels commencent \u00e0 remonter dimanche sur les effets de la\u00a0<a href=\"https:\/\/www.lefigaro.fr\/actualite-france\/en-direct-canicule-deja-environ-1000-deces-de-plus-que-la-normale-recenses-depuis-mercredi-selon-sante-publique-france-20260628\" data-fig-type=\"Live\" data-gtm-custom-categorie=\"navigation\" data-gtm-custom-action=\"crossclick\" data-gtm-custom-label=\"Contextuel\" data-gtm-event=\"customEventSPE\" data-fig-domain=\"LEFIGARO\" rel=\"nofollow noopener\" target=\"_blank\">vague de chaleur exceptionnelle<\/a>\u00a0qui a frapp\u00e9 la France ces derniers jours. Un premier bilan encore tr\u00e8s partiel de Sant\u00e9 publique France a fait \u00e9tat de \u00ab1000 d\u00e9c\u00e8s suppl\u00e9mentaires\u00bb par rapport \u00e0 la normale. D\u00e9l\u00e9gu\u00e9e g\u00e9n\u00e9rale de la F\u00e9d\u00e9ration nationale du fun\u00e9raire, \u00c9lisabeth Charrier fait le point aupr\u00e8s du Figaro sur le taux d\u2019occupation des infrastructures fun\u00e9raires en France, les d\u00e9fis pos\u00e9s par la chaleur et les le\u00e7ons tir\u00e9es de la canicule de 2003.<\/p>\n<p class=\"fig-paragraph\"><strong>LE FIGARO. &#8211; Constatez-vous une saturation des fun\u00e9rariums ces derniers jours du fait de la canicule\u00a0?<\/strong><\/p>\n<p class=\"fig-paragraph\"><strong>\u00c9LISABETH CHARRIER<\/strong>. &#8211; Je ne parlerais pas de saturation, plut\u00f4t de forte activit\u00e9, qu\u2019on aurait d\u00fb conna\u00eetre \u00e0 la fin du week-end mais qui est arriv\u00e9e au d\u00e9but. Le sondage que nous avons effectu\u00e9 aupr\u00e8s de nos entreprises r\u00e9parties partout sur le territoire fait remonter un taux d\u2019occupation de 66% des\u2026<\/p>\n<p class=\"fig-premium-paywall__infos\">\n        Cet article est r\u00e9serv\u00e9 aux abonn\u00e9s.        Il vous reste 76% \u00e0 d\u00e9couvrir.\n    <\/p>\n<p>                <img  data- alt=\"Le Figaro\" class=\"fig-img--complete fig-img\"\/><\/p>\n<p class=\"fig-premium-paywall__title\">Vente Flash<\/p>\n<p class=\"fig-premium-paywall__subtitle\">-70% sur votre abonnement. Sans engagement.<\/p>\n<p class=\"fig-premium-paywall__connect\">\n                D\u00e9j\u00e0 abonn\u00e9\u00a0?                <a class=\"fig-premium-paywall__connect-link\" href=\"https:\/\/connect.lefigaro.fr\/login?client=horizon_web&amp;type=main&amp;redirect_uri=https%3A%2F%2Fwww.lefigaro.fr%2Factualite-france%2Fmortalite-en-periode-de-canicule-les-tensions-se-concentrent-sur-paris-ou-les-deux-funerariums-sont-complets-20260628\" data-js-gtm=\"{&quot;event&quot;:&quot;customEventGA4&quot;,&quot;eventName&quot;:&quot;click_action&quot;,&quot;feature&quot;:&quot;paywall&quot;,&quot;location&quot;:&quot;paywall&quot;,&quot;button_action&quot;:&quot;connect&quot;,&quot;click_text&quot;:&quot;Connectez-vous&quot;}\" rel=\"nofollow noopener\" target=\"_blank\"><br \/>\n                    Connectez-vous<br \/>\n                <\/a>\n            <\/p>\n","protected":false},"excerpt":{"rendered":"ENTRETIEN &#8211; D\u00e9l\u00e9gu\u00e9e g\u00e9n\u00e9rale de la F\u00e9d\u00e9ration nationale du fun\u00e9raire, \u00c9lisabeth Charrier fait le point aupr\u00e8s du Figaro&hellip;\n","protected":false},"author":2,"featured_media":1029996,"comment_status":"","ping_status":"","sticky":false,"template":"","format":"standard","meta":{"footnotes":"","_share_on_mastodon":"0"},"categories":[1888],"tags":[11,6698,1777,674,1011,27,12,626,25,66411],"class_list":["post-1029995","post","type-post","status-publish","format-standard","has-post-thumbnail","category-paris","tag-actualites","tag-canicule","tag-eu","tag-europe","tag-fr","tag-france","tag-news","tag-paris","tag-republique-francaise","tag-rites-funeraires"],"share_on_mastodon":{"url":"https:\/\/pubeurope.com\/@fr\/116827891161420504","error":""},"_links":{"self":[{"href":"https:\/\/www.europesays.com\/fr\/wp-json\/wp\/v2\/posts\/1029995","targetHints":{"allow":["GET"]}}],"collection":[{"href":"https:\/\/www.europesays.com\/fr\/wp-json\/wp\/v2\/posts"}],"about":[{"href":"https:\/\/www.europesays.com\/fr\/wp-json\/wp\/v2\/types\/post"}],"author":[{"embeddable":true,"href":"https:\/\/www.europesays.com\/fr\/wp-json\/wp\/v2\/users\/2"}],"replies":[{"embeddable":true,"href":"https:\/\/www.europesays.com\/fr\/wp-json\/wp\/v2\/comments?post=1029995"}],"version-history":[{"count":0,"href":"https:\/\/www.europesays.com\/fr\/wp-json\/wp\/v2\/posts\/1029995\/revisions"}],"wp:featuredmedia":[{"embeddable":true,"href":"https:\/\/www.europesays.com\/fr\/wp-json\/wp\/v2\/media\/1029996"}],"wp:attachment":[{"href":"https:\/\/www.europesays.com\/fr\/wp-json\/wp\/v2\/media?parent=1029995"}],"wp:term":[{"taxonomy":"category","embeddable":true,"href":"https:\/\/www.europesays.com\/fr\/wp-json\/wp\/v2\/categories?post=1029995"},{"taxonomy":"post_tag","embeddable":true,"href":"https:\/\/www.europesays.com\/fr\/wp-json\/wp\/v2\/tags?post=1029995"}],"curies":[{"name":"wp","href":"https:\/\/api.w.org\/{rel}","templated":true}]}}