{"id":103005,"date":"2025-05-15T22:53:14","date_gmt":"2025-05-15T22:53:14","guid":{"rendered":"https:\/\/www.europesays.com\/fr\/103005\/"},"modified":"2025-05-15T22:53:14","modified_gmt":"2025-05-15T22:53:14","slug":"3-stands-pour-favoriser-le-recrutement-sur-la-ligne-de-tramway","status":"publish","type":"post","link":"https:\/\/www.europesays.com\/fr\/103005\/","title":{"rendered":"3 stands pour favoriser le recrutement sur la ligne de tramway"},"content":{"rendered":"<p>\u00c0 la station de tramway des R\u00e9form\u00e9s, Murielle, habitante des <a href=\"https:\/\/www.laprovence.com\/article\/region\/27059942368053\/video-un-nouveau-souffle-pour-le-tore-aux-chutes-lavie-lune-des-pepites-patrimoniales-marseillaises\" target=\"_blank\" rel=\"noopener\">Chutes-Lavie<\/a>, passe de stand en stand en scannant du regard les diff\u00e9rentes offres de formations et d\u2019emploi. \u00ab\u00a0\u00c7a fait deux ans que je cherche\u00a0\u00bb, d\u00e9sesp\u00e8re cette Marseillaise, au <a href=\"https:\/\/www.laprovence.com\/article\/economie\/58324020847542\/le-chomage-en-hausse-au-premier-trimestre-en-provence-alpes-cote-dazur\" target=\"_blank\" rel=\"noopener\">ch\u00f4mage<\/a> apr\u00e8s 35\u00a0ans de carri\u00e8re dans la vente, alors qu\u2019elle participe au premier festival d\u00e9di\u00e9 \u00e0 l\u2019\u00e9galit\u00e9 des chances, organis\u00e9 par <a href=\"https:\/\/www.laprovence.com\/article\/societe\/27077120458077\/controle-des-chomeurs-france-travail-modifie-son-systeme-de-radiation-automatique\" target=\"_blank\" rel=\"noopener\">France Travail<\/a> en partenariat avec l\u2019association Diversidays.<\/p>\n<p>Uniques s\u2019est d\u00e9ploy\u00e9, ce jeudi 15\u00a0mai, le long de la ligne de tramway T2, sur les stations Joliette (2e), Belsunce-Alcazar et R\u00e9form\u00e9s-Canebi\u00e8re (1er).<\/p>\n<p>Le rendez-vous insolite a permis aux usagers des transports en commun ou aux simples passants de peaufiner leur CV, trouver une formation ou de d\u00e9crocher un entretien d\u2019embauche.<\/p>\n<p>\u00ab\u00a0Plus de 100\u00a0000\u00a0entreprises sont mobilis\u00e9es dans toute la France pour favoriser l\u2019acc\u00e8s \u00e0 l\u2019emploi\u00a0\u00bb, souligne Sylvain Reymond, directeur de la communaut\u00e9 Les entreprises s\u2019engagent, dont une trentaine \u00e0 Marseille, avec plus de 170\u00a0emplois \u00e0 la cl\u00e9.<\/p>\n<p>Le taux de ch\u00f4mage des moins de 25\u00a0ans \u00e0 14,5%<\/p>\n<p>\u00ab\u00a0Les entreprises marseillaises sont pr\u00e9sentes pour recruter directement sur place comme la RTM ou Aldi\u00a0\u00bb, pr\u00e9cise <a href=\"https:\/\/www.laprovence.com\/article\/economie\/28252233155316\/le-mot-de-pascal-blain-directeur-de-france-travail\" target=\"_blank\" rel=\"noopener\">Pascal Blain, directeur r\u00e9gional de France Travail<\/a>. L\u2019entreprise de discount a d\u00e9j\u00e0 r\u00e9cup\u00e9r\u00e9 une dizaine de CV. \u00ab\u00a0Nous allons faire passer des entretiens la semaine prochaine\u00a0\u00bb, affirme Shannon, manager RH. C\u2019est d\u2019ailleurs ce que Lina, \u00e9tudiante de 25\u00a0ans, a obtenu. \u00ab\u00a0Ce n\u2019est pas \u00e9vident de trouver un travail qui colle avec les cours. Mais ici j\u2019ai r\u00e9ussi \u00e0 obtenir un entretien pour un 14\u00a0h\/semaine chez Aldi\u00a0\u00bb, se r\u00e9jouit-elle, alors que le taux de ch\u00f4mage des moins de 25\u00a0ans atteignait 14,5% en mars dernier.<\/p>\n<p><strong>Vendredi 16\u00a0mai, les stands \u00ab\u00a0Danser et dunker pour trouver son job\u00a0\u00bb et \u00ab\u00a0Booste ta carri\u00e8re musicale\u00a0\u00bb seront d\u00e9ploy\u00e9s \u00e0 la Friche de la Belle-de-Mai (3e) de 9\u00a0h \u00e0 17\u00a0h.<\/strong><\/p>\n","protected":false},"excerpt":{"rendered":"\u00c0 la station de tramway des R\u00e9form\u00e9s, Murielle, habitante des Chutes-Lavie, passe de stand en stand en scannant&hellip;\n","protected":false},"author":2,"featured_media":103006,"comment_status":"","ping_status":"","sticky":false,"template":"","format":"standard","meta":{"footnotes":""},"categories":[2814],"tags":[17,1111,11,1777,674,21925,849,1011,27,884,12,471,882,7099,16,25,21924,21923],"class_list":{"0":"post-103005","1":"post","2":"type-post","3":"status-publish","4":"format-standard","5":"has-post-thumbnail","7":"category-marseille","8":"tag-17","9":"tag-actu","10":"tag-actualites","11":"tag-eu","12":"tag-europe","13":"tag-favoriser","14":"tag-festival","15":"tag-fr","16":"tag-france","17":"tag-marseille","18":"tag-news","19":"tag-pour","20":"tag-provence-alpes-cote-dazur","21":"tag-recrutement","22":"tag-region","23":"tag-republique-francaise","24":"tag-stands","25":"tag-uniques"},"share_on_mastodon":{"url":"https:\/\/pubeurope.com\/@fr\/114514310176843336","error":""},"_links":{"self":[{"href":"https:\/\/www.europesays.com\/fr\/wp-json\/wp\/v2\/posts\/103005","targetHints":{"allow":["GET"]}}],"collection":[{"href":"https:\/\/www.europesays.com\/fr\/wp-json\/wp\/v2\/posts"}],"about":[{"href":"https:\/\/www.europesays.com\/fr\/wp-json\/wp\/v2\/types\/post"}],"author":[{"embeddable":true,"href":"https:\/\/www.europesays.com\/fr\/wp-json\/wp\/v2\/users\/2"}],"replies":[{"embeddable":true,"href":"https:\/\/www.europesays.com\/fr\/wp-json\/wp\/v2\/comments?post=103005"}],"version-history":[{"count":0,"href":"https:\/\/www.europesays.com\/fr\/wp-json\/wp\/v2\/posts\/103005\/revisions"}],"wp:featuredmedia":[{"embeddable":true,"href":"https:\/\/www.europesays.com\/fr\/wp-json\/wp\/v2\/media\/103006"}],"wp:attachment":[{"href":"https:\/\/www.europesays.com\/fr\/wp-json\/wp\/v2\/media?parent=103005"}],"wp:term":[{"taxonomy":"category","embeddable":true,"href":"https:\/\/www.europesays.com\/fr\/wp-json\/wp\/v2\/categories?post=103005"},{"taxonomy":"post_tag","embeddable":true,"href":"https:\/\/www.europesays.com\/fr\/wp-json\/wp\/v2\/tags?post=103005"}],"curies":[{"name":"wp","href":"https:\/\/api.w.org\/{rel}","templated":true}]}}