{"id":10301,"date":"2025-04-08T13:27:08","date_gmt":"2025-04-08T13:27:08","guid":{"rendered":"https:\/\/www.europesays.com\/fr\/10301\/"},"modified":"2025-04-08T13:27:08","modified_gmt":"2025-04-08T13:27:08","slug":"lue-pourrait-presenter-sa-reponse-a-trump-en-debut-de-semaine-prochaine","status":"publish","type":"post","link":"https:\/\/www.europesays.com\/fr\/10301\/","title":{"rendered":"l\u2019UE pourrait pr\u00e9senter sa r\u00e9ponse \u00e0 Trump \u201cen d\u00e9but de semaine prochaine\u201d"},"content":{"rendered":"<p class=\"latino-300b text-grey-800\">\n<p>  Par<br \/>\nLe Nouvel Obs avec AFP          <\/p>\n<p class=\"latino-300r text-grey-600\">\n      Publi\u00e9 le<\/p>\n<p>    8 avril 2025 \u00e0 14h51<\/p>\n<p>      <img fetchpriority=\"high\" decoding=\"async\" class=\"mx-auto\" src=\"data:image\/svg+xml,%3Csvg%20xmlns%3D%27http%3A%2F%2Fwww.w3.org%2F2000%2Fsvg%27%20fill%3D%22%23e4e4e4%22%20viewBox%3D%270%200%20510%20340%27%20width%3D%22510%22%20height%3D%22340%22%3E%3Cpath%20d%3D%27M0%200h510v340H0z%27%2F%3E%3C%2Fsvg%3E\"  loading=\"eager\" width=\"510\" height=\"340\" data-oncrawl-image-size=\"510x340\" alt=\"La pr\u00e9sidente de la Commission europ\u00e9enne Ursula von der Leyen lors d\u2019une conf\u00e9rence de presse \u00e0 Bruxelles, le 7\u00a0avril 2025.\"\/>      <\/p>\n<p class=\"latino-100m text-grey-600\">\n            La pr\u00e9sidente de la Commission europ\u00e9enne Ursula von der Leyen lors d\u2019une conf\u00e9rence de presse \u00e0 Bruxelles, le 7\u00a0avril 2025.\u00a0NICOLAS TUCAT \/ AFP        <\/p>\n<p>    Lire\u00a0plus\u00a0tard  <\/p>\n<p><a aria-label=\"Nous suivre sur Google News\" href=\"https:\/\/news.google.com\/publications\/CAAqBwgKMJe4nQkw3dFs?hl=fr&amp;gl=FR&amp;ceid=FR%3Afr\" target=\"_blank\" data-piano=\"Page_Article,Sous_date_publi,Nous_suivre_sur_google_news,1er_clic,action\" class=\"btn btn--small btn--secondary\" rel=\"noopener\"><\/p>\n<p>      Google Actualit\u00e9s<br \/>\n  <\/a><\/p>\n<p>  Partager<\/p>\n<p>        Facebook<\/p>\n<p>        Bluesky<\/p>\n<p>        E-mail<\/p>\n<p>        Copier le lien<\/p>\n<p>      Envoyer<\/p>\n<p>    Temps de lecture\u00a0:\u00a01\u00a0min.<\/p>\n<p class=\"node__paragraphe antonia-750r text-grey-800 pb-20 pb-md-30\">\nL\u2019Union europ\u00e9enne pourrait pr\u00e9senter sa r\u00e9ponse <a href=\"https:\/\/www.nouvelobs.com\/economie\/20250403.OBS102278\/donald-trump-declare-la-guerre-commerciale-au-monde-en-pilonnant-surtout-l-asie-et-l-europe.html\" target=\"_blank\" rel=\"noopener\">aux droits de douane de 20\u00a0% d\u00e9cr\u00e9t\u00e9s par Donald Trump<\/a> \u00ab\u00a0en d\u00e9but de semaine prochaine\u00a0\u00bb, a affirm\u00e9 mardi 8\u00a0avril un porte-parole de la Commission.<\/p>\n<p class=\"latino-500b text-grey-600 pb-15\">A lire aussi<\/p>\n<p><a href=\"https:\/\/www.nouvelobs.com\/economie\/20250312.OBS101346\/guerre-commerciale-le-pari-delirant-de-donald-trump.html\" data-article-key=\"20250312.OBS101346\" class=\"link--box flex-grow-1\" data-piano=\"Page_Article,Lire_aussi,,Lien1,navigation\" target=\"_blank\" rel=\"noopener\"><\/p>\n<p>                <img decoding=\"async\" src=\"data:image\/svg+xml,%3Csvg%20xmlns%3D%27http%3A%2F%2Fwww.w3.org%2F2000%2Fsvg%27%20fill%3D%22%23e4e4e4%22%20viewBox%3D%270%200%20120%2080%27%20width%3D%22120%22%20height%3D%2280%22%3E%3Cpath%20d%3D%27M0%200h120v80H0z%27%2F%3E%3C%2Fsvg%3E\"  width=\"120\" height=\"79\" loading=\"lazy\" alt=\"  \"\/><\/p>\n<p class=\"latino-300r latino-lg-600m text-grey-800\">\n                      <strong class=\"latino-300b latino-lg-600m text-grey-500\">D\u00e9cryptage\u00a0<\/strong><br \/>\n                    Guerre commerciale\u00a0: le pari d\u00e9lirant de Donald Trump        <\/p>\n<p class=\"latino-100m text-uppercase text-grey-600 py-10\">\n          Abonn\u00e9        <\/p>\n<p><\/a><\/p>\n<p>    Lire\u00a0plus\u00a0tard  <\/p>\n<p class=\"node__paragraphe antonia-750r text-grey-800 pb-20 pb-md-30\">\n\u00ab\u00a0Je m\u2019attends \u00e0 ce que ce soit d\u00e8s le d\u00e9but de la semaine prochaine\u00a0\u00bb, a indiqu\u00e9 lors d\u2019un point presse. Par ailleurs, la pr\u00e9sidente de la Commission europ\u00e9enne, Ursula von der Leyen, a appel\u00e9  \u00e0\u00a0\u00ab\u00a0\u00e9viter l\u2019escalade\u00a0\u00bb, apr\u00e8s les droits de douane impos\u00e9s par les Etats-Unis, lors d\u2019un entretien t\u00e9l\u00e9phonique avec le Premier ministre chinois Li Qiang, a indiqu\u00e9 l\u2019UE dans un communiqu\u00e9.<\/p>\n<p>\u00ab\u00a0Perturbations globales\u00a0\u00bb<\/p>\n<p class=\"node__paragraphe antonia-750r text-grey-800 pb-20 pb-md-30\">\nA l\u2019occasion de cet entretien,\u00a0\u00ab\u00a0la pr\u00e9sidente a appel\u00e9 \u00e0 une r\u00e9solution n\u00e9goci\u00e9e de la situation actuelle, en soulignant la n\u00e9cessit\u00e9 d\u2019\u00e9viter une nouvelle escalade\u00a0\u00bb, a pr\u00e9cis\u00e9 la Commission.<\/p>\n<p class=\"node__paragraphe antonia-750r text-grey-800 pb-20 pb-md-30\">\nLa Chine a promis mardi de combattre les droits de douane am\u00e9ricains\u00a0\u00ab\u00a0jusqu\u2019au bout\u00a0\u00bb\u00a0malgr\u00e9 la menace de Donald Trump de nouvelles surtaxes, \u00e0 hauteur de 50% sur les importations chinoises, si P\u00e9kin ne renonce pas \u00e0 appliquer des droits de douane suppl\u00e9mentaires de 34% sur les produits am\u00e9ricains d\u00e8s jeudi.<\/p>\n<p class=\"node__paragraphe antonia-750r text-grey-800 pb-20 pb-md-30\">\nFace aux\u00a0\u00ab\u00a0perturbations globales\u00a0\u00bb\u00a0provoqu\u00e9es par les annonces am\u00e9ricaines, Ursula von der Leyen a \u00e9galement soulign\u00e9\u00a0\u00ab\u00a0la responsabilit\u00e9 de l\u2019Europe et de la Chine\u00a0\u00bb\u00a0pour\u00a0\u00ab\u00a0soutenir un syst\u00e8me d\u2019\u00e9changes commerciaux r\u00e9form\u00e9, libre, \u00e9quitable et fond\u00e9 sur des conditions de concurrence \u00e9gales\u00a0\u00bb, selon ce texte.<\/p>\n<p class=\"latino-600m text-grey-800\">\n<p>  Par<br \/>\nLe Nouvel Obs avec AFP    <\/p>\n","protected":false},"excerpt":{"rendered":"Par Le Nouvel Obs avec AFP Publi\u00e9 le 8 avril 2025 \u00e0 14h51 La pr\u00e9sidente de la Commission&hellip;\n","protected":false},"author":2,"featured_media":10302,"comment_status":"","ping_status":"","sticky":false,"template":"","format":"standard","meta":{"footnotes":""},"categories":[1586],"tags":[17,11,1869,981,2483,1777,674,1779,1011,27,74,12,5032,5033,25,467,1778,364],"class_list":{"0":"post-10301","1":"post","2":"type-post","3":"status-publish","4":"format-standard","5":"has-post-thumbnail","7":"category-europe","8":"tag-17","9":"tag-actualites","10":"tag-debut","11":"tag-douane","12":"tag-droits","13":"tag-eu","14":"tag-europe","15":"tag-european-union","16":"tag-fr","17":"tag-france","18":"tag-monde","19":"tag-news","20":"tag-presenter","21":"tag-reponse","22":"tag-republique-francaise","23":"tag-trump","24":"tag-ue","25":"tag-union-europeenne"},"share_on_mastodon":{"url":"https:\/\/pubeurope.com\/@fr\/114302579091782503","error":""},"_links":{"self":[{"href":"https:\/\/www.europesays.com\/fr\/wp-json\/wp\/v2\/posts\/10301","targetHints":{"allow":["GET"]}}],"collection":[{"href":"https:\/\/www.europesays.com\/fr\/wp-json\/wp\/v2\/posts"}],"about":[{"href":"https:\/\/www.europesays.com\/fr\/wp-json\/wp\/v2\/types\/post"}],"author":[{"embeddable":true,"href":"https:\/\/www.europesays.com\/fr\/wp-json\/wp\/v2\/users\/2"}],"replies":[{"embeddable":true,"href":"https:\/\/www.europesays.com\/fr\/wp-json\/wp\/v2\/comments?post=10301"}],"version-history":[{"count":0,"href":"https:\/\/www.europesays.com\/fr\/wp-json\/wp\/v2\/posts\/10301\/revisions"}],"wp:featuredmedia":[{"embeddable":true,"href":"https:\/\/www.europesays.com\/fr\/wp-json\/wp\/v2\/media\/10302"}],"wp:attachment":[{"href":"https:\/\/www.europesays.com\/fr\/wp-json\/wp\/v2\/media?parent=10301"}],"wp:term":[{"taxonomy":"category","embeddable":true,"href":"https:\/\/www.europesays.com\/fr\/wp-json\/wp\/v2\/categories?post=10301"},{"taxonomy":"post_tag","embeddable":true,"href":"https:\/\/www.europesays.com\/fr\/wp-json\/wp\/v2\/tags?post=10301"}],"curies":[{"name":"wp","href":"https:\/\/api.w.org\/{rel}","templated":true}]}}