{"id":103020,"date":"2025-05-15T23:02:09","date_gmt":"2025-05-15T23:02:09","guid":{"rendered":"https:\/\/www.europesays.com\/fr\/103020\/"},"modified":"2025-05-15T23:02:09","modified_gmt":"2025-05-15T23:02:09","slug":"poutine-limoge-le-commandant-des-forces-terrestres-de-larmee-russe","status":"publish","type":"post","link":"https:\/\/www.europesays.com\/fr\/103020\/","title":{"rendered":"Poutine limoge le commandant des forces terrestres de l\u2019arm\u00e9e russe"},"content":{"rendered":"<p>Oleg Salioukov est nomm\u00e9 secr\u00e9taire adjoint du Conseil de s\u00e9curit\u00e9 russe, un important organe consultatif qui se r\u00e9unit r\u00e9guli\u00e8rement autour de Vladimir Poutine, et \u00ab\u00a0est d\u00e9charg\u00e9 de ses fonctions actuelles\u00a0\u00bb, peut-on lire dans ce d\u00e9cret.<\/p>\n<p>Le secr\u00e9taire de ce Conseil de s\u00e9curit\u00e9 est l\u2019ancien ministre de la D\u00e9fense, Sergue\u00ef Cho\u00efgou, qui y avait \u00e9t\u00e9 nomm\u00e9 l\u2019ann\u00e9e derni\u00e8re. Apr\u00e8s son remplacement au minist\u00e8re par un \u00e9conomiste de formation, Andre\u00ef Beloussov, plusieurs g\u00e9n\u00e9raux ou responsables de la d\u00e9fense avaient \u00e9t\u00e9 arr\u00eat\u00e9s pour des accusations de corruption, dans ce qui a \u00e9t\u00e9 per\u00e7u comme une purge.<\/p>\n<p>Le Kremlin avait, de son c\u00f4t\u00e9, d\u00e9menti toute campagne de purges, assurant qu\u2019il s\u2019agissait d\u2019une op\u00e9ration anticorruption classique, le secteur de la d\u00e9fense russe \u00e9tant min\u00e9 par les scandales depuis de nombreuses ann\u00e9es.<\/p>\n<p>La semaine derni\u00e8re, Oleg Salioukov avait command\u00e9 le grand d\u00e9fil\u00e9 militaire du 9-Mai sur la Place Rouge, marquant les 80 ans de la victoire sur l\u2019Allemagne nazie.<\/p>\n<p>Il \u00e9tait le commandant des forces terrestres russes depuis 2014. Il a ainsi supervis\u00e9 l\u2019intervention militaire dans la guerre en Syrie et l\u2019offensive \u00e0 grande \u00e9chelle contre l\u2019Ukraine.<\/p>\n<p>Avant cela, il a occup\u00e9 le poste de chef d\u2019\u00e9tat-major adjoint pendant quatre ans.<\/p>\n","protected":false},"excerpt":{"rendered":"Oleg Salioukov est nomm\u00e9 secr\u00e9taire adjoint du Conseil de s\u00e9curit\u00e9 russe, un important organe consultatif qui se r\u00e9unit&hellip;\n","protected":false},"author":2,"featured_media":103021,"comment_status":"","ping_status":"","sticky":false,"template":"","format":"standard","meta":{"footnotes":""},"categories":[1591],"tags":[11,765,1887,2069,74,12,1885,1886,132],"class_list":{"0":"post-103020","1":"post","2":"type-post","3":"status-publish","4":"format-standard","5":"has-post-thumbnail","7":"category-russie","8":"tag-actualites","9":"tag-en-continu","10":"tag-federation-de-russie","11":"tag-guerre-ukraine-russie","12":"tag-monde","13":"tag-news","14":"tag-russia","15":"tag-russian-federation","16":"tag-russie"},"share_on_mastodon":{"url":"https:\/\/pubeurope.com\/@fr\/114514345532051663","error":""},"_links":{"self":[{"href":"https:\/\/www.europesays.com\/fr\/wp-json\/wp\/v2\/posts\/103020","targetHints":{"allow":["GET"]}}],"collection":[{"href":"https:\/\/www.europesays.com\/fr\/wp-json\/wp\/v2\/posts"}],"about":[{"href":"https:\/\/www.europesays.com\/fr\/wp-json\/wp\/v2\/types\/post"}],"author":[{"embeddable":true,"href":"https:\/\/www.europesays.com\/fr\/wp-json\/wp\/v2\/users\/2"}],"replies":[{"embeddable":true,"href":"https:\/\/www.europesays.com\/fr\/wp-json\/wp\/v2\/comments?post=103020"}],"version-history":[{"count":0,"href":"https:\/\/www.europesays.com\/fr\/wp-json\/wp\/v2\/posts\/103020\/revisions"}],"wp:featuredmedia":[{"embeddable":true,"href":"https:\/\/www.europesays.com\/fr\/wp-json\/wp\/v2\/media\/103021"}],"wp:attachment":[{"href":"https:\/\/www.europesays.com\/fr\/wp-json\/wp\/v2\/media?parent=103020"}],"wp:term":[{"taxonomy":"category","embeddable":true,"href":"https:\/\/www.europesays.com\/fr\/wp-json\/wp\/v2\/categories?post=103020"},{"taxonomy":"post_tag","embeddable":true,"href":"https:\/\/www.europesays.com\/fr\/wp-json\/wp\/v2\/tags?post=103020"}],"curies":[{"name":"wp","href":"https:\/\/api.w.org\/{rel}","templated":true}]}}