{"id":103022,"date":"2025-05-15T23:03:08","date_gmt":"2025-05-15T23:03:08","guid":{"rendered":"https:\/\/www.europesays.com\/fr\/103022\/"},"modified":"2025-05-15T23:03:08","modified_gmt":"2025-05-15T23:03:08","slug":"la-france-avec-la-norvege-la-tchequie-et-lukraine-a-leuro-2026","status":"publish","type":"post","link":"https:\/\/www.europesays.com\/fr\/103022\/","title":{"rendered":"la France avec la Norv\u00e8ge, la Tch\u00e9quie et l&rsquo;Ukraine \u00e0 l\u2019Euro 2026"},"content":{"rendered":"<p>Ce jeudi avait lieu le tirage au sort des groupes pour l\u2019Euro 2026 de Handball. La France se retrouve avec la Norv\u00e8ge, la R\u00e9publique tch\u00e8que et l\u2019Ukraine.<\/p>\n<p class=\"fig-paragraph\">L&rsquo;\u00e9quipe de France de handball affrontera la Norv\u00e8ge, la R\u00e9publique tch\u00e8que et l&rsquo;Ukraine en phase de groupes de l&rsquo;Euro 2026, organis\u00e9 conjointement par la Norv\u00e8ge, la Su\u00e8de et le Danemark, \u00e0 l&rsquo;issue du tirage au sort effectu\u00e9 jeudi.<\/p>\n<p class=\"fig-paragraph\">La France, tenante du titre, est qualifi\u00e9e d&rsquo;office pour cette comp\u00e9tition qui se tiendra du 15 janvier au 1er f\u00e9vrier. Elle se retrouve avec l&rsquo;un des pays h\u00f4tes et disputera ses matches \u00e0 Oslo. Les Bleus d\u00e9buteront face aux Tch\u00e8ques le 15 janvier, puis affronteront l&rsquo;Ukraine le 17 janvier, enfin la Norv\u00e8ge le 19.<\/p>\n<p class=\"fig-paragraph\">L&rsquo;objectif des Fran\u00e7ais sera d&rsquo;abord de terminer aux deux premi\u00e8res places pour s&rsquo;ouvrir le chemin du tour principal disput\u00e9 \u00e0 Herning, au Danemark. Ils pourraient y retrouver le Danemark, l&rsquo;Allemagne, l&rsquo;Espagne ou encore le Portugal. \u00abOn observe une partie de haut tableau tr\u00e8s solide o\u00f9 nous sommes plac\u00e9s. Cela promet de sacr\u00e9s combats et, forc\u00e9ment, de grandes performances \u00e0 d\u00e9livrer pour se frayer un chemin dans cette comp\u00e9tition\u00bb, a comment\u00e9 le s\u00e9lectionneur Guillaume Gille.<\/p>\n<p class=\"fig-paragraph\">Les Bleus viennent de remporter l&rsquo;EHF Euro Cup 2026 qui r\u00e9unissait les pays exempt\u00e9s des fen\u00eatres de qualification, soit la France (tenante du titre), la Norv\u00e8ge, la Su\u00e8de et le Danemark (pays organisateurs).<\/p>\n<p>Composition de la phase de groupes de l&rsquo;Euro-2026\u00a0:<\/p>\n<p class=\"fig-paragraph\">Groupe A: Allemagne, Espagne, Autriche, Serbie<\/p>\n<p class=\"fig-paragraph\">Groupe B: Danemark, Portugal, Mac\u00e9doine du nord, Roumanie<\/p>\n<p class=\"fig-paragraph\">Groupe C: France, Norv\u00e8ge, R\u00e9publique tch\u00e8que, Ukraine<\/p>\n<p class=\"fig-paragraph\">Groupe D: Slov\u00e9nie, Iles F\u00e9ro\u00e9, Mont\u00e9n\u00e9gro, Suisse<\/p>\n<p class=\"fig-paragraph\">Groupe E: Su\u00e8de, Croatie, Pays-Bas, G\u00e9orgie<\/p>\n<p class=\"fig-paragraph\">Groupe F: Hongrie, Islande, Pologne, Italie<\/p>\n","protected":false},"excerpt":{"rendered":"Ce jeudi avait lieu le tirage au sort des groupes pour l\u2019Euro 2026 de Handball. La France se&hellip;\n","protected":false},"author":2,"featured_media":103023,"comment_status":"","ping_status":"","sticky":false,"template":"","format":"standard","meta":{"footnotes":""},"categories":[1590],"tags":[11,2207,69,525,2211,2212,2210,1981,2206,64,1777,674,1792,2209,447,2208,12,1980,220],"class_list":{"0":"post-103022","1":"post","2":"type-post","3":"status-publish","4":"format-standard","5":"has-post-thumbnail","7":"category-ukraine","8":"tag-actualites","9":"tag-bleus","10":"tag-bundesliga","11":"tag-calendrier","12":"tag-championnat-deurope","13":"tag-championnat-du-monde","14":"tag-ciudad-real","15":"tag-classement","16":"tag-division-1","17":"tag-equipe-de-france","18":"tag-eu","19":"tag-europe","20":"tag-handball","21":"tag-kiel","22":"tag-ligue-des-champions","23":"tag-montpellier","24":"tag-news","25":"tag-resultats","26":"tag-ukraine"},"share_on_mastodon":{"url":"https:\/\/pubeurope.com\/@fr\/114514349527278123","error":""},"_links":{"self":[{"href":"https:\/\/www.europesays.com\/fr\/wp-json\/wp\/v2\/posts\/103022","targetHints":{"allow":["GET"]}}],"collection":[{"href":"https:\/\/www.europesays.com\/fr\/wp-json\/wp\/v2\/posts"}],"about":[{"href":"https:\/\/www.europesays.com\/fr\/wp-json\/wp\/v2\/types\/post"}],"author":[{"embeddable":true,"href":"https:\/\/www.europesays.com\/fr\/wp-json\/wp\/v2\/users\/2"}],"replies":[{"embeddable":true,"href":"https:\/\/www.europesays.com\/fr\/wp-json\/wp\/v2\/comments?post=103022"}],"version-history":[{"count":0,"href":"https:\/\/www.europesays.com\/fr\/wp-json\/wp\/v2\/posts\/103022\/revisions"}],"wp:featuredmedia":[{"embeddable":true,"href":"https:\/\/www.europesays.com\/fr\/wp-json\/wp\/v2\/media\/103023"}],"wp:attachment":[{"href":"https:\/\/www.europesays.com\/fr\/wp-json\/wp\/v2\/media?parent=103022"}],"wp:term":[{"taxonomy":"category","embeddable":true,"href":"https:\/\/www.europesays.com\/fr\/wp-json\/wp\/v2\/categories?post=103022"},{"taxonomy":"post_tag","embeddable":true,"href":"https:\/\/www.europesays.com\/fr\/wp-json\/wp\/v2\/tags?post=103022"}],"curies":[{"name":"wp","href":"https:\/\/api.w.org\/{rel}","templated":true}]}}