{"id":103026,"date":"2025-05-15T23:05:09","date_gmt":"2025-05-15T23:05:09","guid":{"rendered":"https:\/\/www.europesays.com\/fr\/103026\/"},"modified":"2025-05-15T23:05:09","modified_gmt":"2025-05-15T23:05:09","slug":"chris-brown-arrete-au-royaume-uni-pour-lagression-dun-producteur-de-musique-liberation","status":"publish","type":"post","link":"https:\/\/www.europesays.com\/fr\/103026\/","title":{"rendered":"Chris Brown arr\u00eat\u00e9 au Royaume-Uni pour l\u2019agression d\u2019un producteur de musique \u2013 Lib\u00e9ration"},"content":{"rendered":"<p class=\"sc-ksZaOG ehjQrN text-element\">Ce n\u2019est pas <a href=\"https:\/\/www.liberation.fr\/musique\/2014\/03\/18\/chris-brown-en-prison_987945\/?redirected=1\" target=\"_blank\" rel=\"noopener\" title=\"https:\/\/www.liberation.fr\/musique\/2014\/03\/18\/chris-brown-en-prison_987945\/?redirected=1\">la premi\u00e8re accusation de violences<\/a> dont fait l\u2019objet l\u2019ex-petit ami de Rihanna, notamment reconnu coupable d\u2019avoir battu la star en 2009. Chris Brown a \u00e9t\u00e9 arr\u00eat\u00e9 ce jeudi 15 mai \u00e0 Manchester en Angleterre, soup\u00e7onn\u00e9 d\u2019avoir agress\u00e9 un producteur de musique dans une bo\u00eete de nuit \u00e0 Londres en 2023, rapportent des m\u00e9dias britanniques.<\/p>\n<p class=\"sc-ksZaOG ehjQrN text-element\">La police londonienne a confirm\u00e9 \u00e0 l\u2019AFP, sans nommer le chanteur de r\u2019n\u2019b am\u00e9ricain, avoir arr\u00eat\u00e9 \u00abun homme de 36 ans [\u2026] dans un h\u00f4tel de Manchester peu apr\u00e8s 2 heures [3 heures \u00e0 Paris] jeudi 15 mai, soup\u00e7onn\u00e9 de coups et blessures graves\u00bb. L\u2019arrestation \u00abest li\u00e9e \u00e0 un incident survenu le 19 f\u00e9vrier 2023 dans un \u00e9tablissement de Hanover Square\u00bb place situ\u00e9e dans le tr\u00e8s chic quartier de Mayfair \u00e0 Londres, a pr\u00e9cis\u00e9 la police.<\/p>\n<p class=\"sc-ksZaOG ehjQrN text-element\">Selon le tablo\u00efd <a href=\"https:\/\/www.thesun.co.uk\/tvandshowbiz\/34955560\/chris-brown-arrested-manchester-airport-breezy-bowl\/\" target=\"_blank\" rel=\"noopener\" title=\"https:\/\/www.thesun.co.uk\/tvandshowbiz\/34955560\/chris-brown-arrested-manchester-airport-breezy-bowl\/\">The Sun<\/a>, Chris Brown est accus\u00e9 par le producteur de musique Abe Diaw de l\u2019avoir attaqu\u00e9 cette nuit-l\u00e0 dans la bo\u00eete de nuit Tape. Il lui aurait notamment jet\u00e9 une bouteille \u00e0 la t\u00eate et l\u2019aurait frapp\u00e9 alors qu\u2019il se trouvait au sol. Le chanteur am\u00e9ricain, qui a commenc\u00e9 sa carri\u00e8re dans les ann\u00e9es 2000 et a vendu des dizaines de millions de disques dans le monde, \u00e9tait \u00e0 l\u2019\u00e9poque en tourn\u00e9e. Il doit entamer le mois prochain une nouvelle tourn\u00e9e mondiale, avec pr\u00e8s de dix concerts pr\u00e9vus en juin et juillet au Royaume-Uni.<\/p>\n<p class=\"sc-ksZaOG ehjQrN text-element\">D\u00e9but 2025, le trentenaire a intent\u00e9 un proc\u00e8s contre Warner Bros. Discovery et d\u2019autres soci\u00e9t\u00e9s \u00e0 l\u2019origine d\u2019un documentaire intitul\u00e9 Chris Brown : une histoire de violences, diffus\u00e9 en octobre 2024 par la cha\u00eene Investigation Discovery. Il leur r\u00e9clame 500 millions de dollars.<\/p>\n","protected":false},"excerpt":{"rendered":"Ce n\u2019est pas la premi\u00e8re accusation de violences dont fait l\u2019objet l\u2019ex-petit ami de Rihanna, notamment reconnu coupable&hellip;\n","protected":false},"author":2,"featured_media":103027,"comment_status":"","ping_status":"","sticky":false,"template":"","format":"standard","meta":{"footnotes":""},"categories":[1588],"tags":[11,271,1777,674,1227,12,473,1853,1851,1850,1852],"class_list":{"0":"post-103026","1":"post","2":"type-post","3":"status-publish","4":"format-standard","5":"has-post-thumbnail","7":"category-royaume-uni","8":"tag-actualites","9":"tag-crime","10":"tag-eu","11":"tag-europe","12":"tag-horizontal","13":"tag-news","14":"tag-royaume-uni","15":"tag-royaume-uni-de-grande-bretagne-et-dirlande-du-nord","16":"tag-uk","17":"tag-united-kingdom","18":"tag-united-kingdom-of-great-britain-and-northern-ireland"},"share_on_mastodon":{"url":"https:\/\/pubeurope.com\/@fr\/114514357319592686","error":""},"_links":{"self":[{"href":"https:\/\/www.europesays.com\/fr\/wp-json\/wp\/v2\/posts\/103026","targetHints":{"allow":["GET"]}}],"collection":[{"href":"https:\/\/www.europesays.com\/fr\/wp-json\/wp\/v2\/posts"}],"about":[{"href":"https:\/\/www.europesays.com\/fr\/wp-json\/wp\/v2\/types\/post"}],"author":[{"embeddable":true,"href":"https:\/\/www.europesays.com\/fr\/wp-json\/wp\/v2\/users\/2"}],"replies":[{"embeddable":true,"href":"https:\/\/www.europesays.com\/fr\/wp-json\/wp\/v2\/comments?post=103026"}],"version-history":[{"count":0,"href":"https:\/\/www.europesays.com\/fr\/wp-json\/wp\/v2\/posts\/103026\/revisions"}],"wp:featuredmedia":[{"embeddable":true,"href":"https:\/\/www.europesays.com\/fr\/wp-json\/wp\/v2\/media\/103027"}],"wp:attachment":[{"href":"https:\/\/www.europesays.com\/fr\/wp-json\/wp\/v2\/media?parent=103026"}],"wp:term":[{"taxonomy":"category","embeddable":true,"href":"https:\/\/www.europesays.com\/fr\/wp-json\/wp\/v2\/categories?post=103026"},{"taxonomy":"post_tag","embeddable":true,"href":"https:\/\/www.europesays.com\/fr\/wp-json\/wp\/v2\/tags?post=103026"}],"curies":[{"name":"wp","href":"https:\/\/api.w.org\/{rel}","templated":true}]}}