{"id":103030,"date":"2025-05-15T23:07:12","date_gmt":"2025-05-15T23:07:12","guid":{"rendered":"https:\/\/www.europesays.com\/fr\/103030\/"},"modified":"2025-05-15T23:07:12","modified_gmt":"2025-05-15T23:07:12","slug":"bayeux-se-pare-de-jaune-et-de-bleu-du-16-au-26-mai-2025","status":"publish","type":"post","link":"https:\/\/www.europesays.com\/fr\/103030\/","title":{"rendered":"Bayeux se pare de jaune et de bleu du 16 au 26 mai 2025\u00a0!"},"content":{"rendered":"<p>            Par<br \/>\n        <strong><br \/>\n            <a href=\"https:\/\/actu.fr\/auteur\/juliette-trouinard\" title=\"Consulter tous les articles de Juliette Trouinard\" target=\"_blank\" rel=\"noopener\">Juliette Trouinard<\/a><br \/>\n        <\/strong><\/p>\n<p>        Publi\u00e9 le<\/p>\n<p>            15 mai 2025 \u00e0 20h40        <\/p>\n<p><b>Du vendredi 16 au lundi 26 mai 2025<\/b>, la ville de <a href=\"https:\/\/actu.fr\/normandie\/bayeux_14047\" target=\"_blank\" rel=\"noopener\">Bayeux<\/a> (Calvados) se parera de bleu et de jaune pour c\u00e9l\u00e9brer les <a href=\"https:\/\/www.bayeux.fr\/fr\/actualite\/journees-de-leurope-dix-jours-danimations#:~:text=Rendez%2Dvous%20du%2016%20au,des%20bourses%20de%20voyage%202025.\" target=\"_blank\" rel=\"noopener\">Journ\u00e9es de l\u2019Europe<\/a> <a href=\"https:\/\/www.bayeux.fr\/fr\/semaine-de-leurope\" target=\"_blank\" rel=\"noopener\">en ce mois de mai, o\u00f9 la France comm\u00e9more la naissance de l\u2019Union europ\u00e9enne.\u00a0<\/p>\n<p class=\" wall-content\">Chaque ann\u00e9e, Bayeux se conjugue dans toutes les langues \u00e0 travers une diversit\u00e9 d\u2019activit\u00e9s. Au programme : ateliers, initiations, conf\u00e9rences, temps d\u2019\u00e9change ou encore jeux seront propos\u00e9s au 3 Dix-Huit, \u00e0 la m\u00e9diath\u00e8que Les 7 Lieux et \u00e0 l\u2019Espace Saint-Patrice.<\/p>\n<p>Onze bourses \u00e0 destination des jeunes\u00a0<\/p>\n<p class=\" wall-content\">Depuis plusieurs ann\u00e9es, l\u2019association Bayeux-Norv\u00e8ge propose chaque \u00e9t\u00e9 aux lyc\u00e9ens de Bayeux une aide pour d\u00e9couvrir la Norv\u00e8ge. Depuis 2022, la Ville de Bayeux s\u2019associe au jumelage pour valoriser le dispositif existant et l\u2019\u00e9largir \u00e0 l\u2019ensemble de ses villes jumelles. En 2025, la collectivit\u00e9 et les associations de jumelage proposent ainsi onze bourses de voyage.<\/p>\n<p class=\" wall-content\">Le dispositif est ouvert \u00e0 tous les lyc\u00e9ens en classe de seconde, premi\u00e8re et terminale, ou \u00e9tudiant de BTS, scolaris\u00e9s ou domicili\u00e9s \u00e0 Bayeux.<\/p>\n<p class=\" wall-content\">Les r\u00e9sultats seront communiqu\u00e9s pendant les Journ\u00e9es de l\u2019Europe. \u00a0<\/p>\n<p>Le programme\u00a0Vendredi 16 mai\u00a0<\/p>\n<p class=\" wall-content\"><b>Lancement des journ\u00e9es de l\u2019Europe<\/b><\/p>\n<ul class=\" wall-content\">\n<li>Inauguration et annonce des laur\u00e9ats des bourses de voyage \u00ab\u00a0D\u00e9couverte de l\u2019Europe\u00a0\u00bb<\/li>\n<li>Ap\u00e9ritif aux couleurs de l\u2019Europe.<\/li>\n<\/ul>\n<p>Vid\u00e9os : en ce moment sur Actu<\/p>\n<p class=\" wall-content\">Hors-Sc\u00e8ne de la Halle \u00f4 Grains, \u00e0 19 h. Entr\u00e9e libre.<\/p>\n<p class=\" wall-content\"><b>\u00ab\u00a0Speak dating\u00a0\u00bb<\/b><\/p>\n<p class=\" wall-content\">Gr\u00e2ce aux associations de jumelage, apprenez \u00e0 vous pr\u00e9senter en allemand, n\u00e9erlandais, polonais, espagnol, norv\u00e9gien ou encore en grec et venez \u00e9changer sur chaque pays autour d\u2019une planche ap\u00e9ro !<\/p>\n<p class=\" wall-content\">Hors-Sc\u00e8ne de la Halle \u00f4 Grains, \u00e0 19 h 45. Entr\u00e9e libre.<\/p>\n<p>Samedi 17 mai\u00a0\u00a0<\/p>\n<p class=\" wall-content\"><b>F\u00eate nationale norv\u00e9gienne<\/b><b\/><\/p>\n<p class=\" wall-content\">D\u00e9fil\u00e9 des sections norv\u00e9giennes de Bayeux, Rouen et Lyon \u00e0 travers la ville.<\/p>\n<ul class=\" wall-content\">\n<li>11 h : D\u00e9part du d\u00e9fil\u00e9 au lyc\u00e9e Alain Chartier.<\/li>\n<li>11 h 30 : C\u00e9r\u00e9monie et discours sur le parvis de l\u2019H\u00f4tel de ville.<\/li>\n<\/ul>\n<p class=\" wall-content\"><b>Jardin en lumi\u00e8res<\/b><\/p>\n<ul class=\" wall-content\">\n<li>Rallye botanique avec \u00e9nigmes, jeux, et d\u00e9fis sportifs pour tous \u2013 petits lots \u00e0 gagner.<\/li>\n<li>Parcours du petit pompier.<\/li>\n<li>Mise en lumi\u00e8re de l\u2019engagement citoyen : associations, comit\u00e9 citoyen de Bayeux et jeunes sapeurs-pompiers.<\/li>\n<li>Go\u00fbter, pique-nique possible, food-truck.<\/li>\n<li>Concert rock-blues par le groupe Dacodac \u00e0 partir de 19h.<\/li>\n<\/ul>\n<p class=\" wall-content\">Au jardin botanique de 16 h 30 \u00e0 22 h 30\u00a0<\/p>\n<p>Lundi 19 mai\u00a0<\/p>\n<p class=\" wall-content\">Conf\u00e9rence \u2013 Actualit\u00e9s du Conseil de l\u2019Europe par Bertrand Bouyx, D\u00e9put\u00e9 de la 5e circonscription du Calvados.<\/p>\n<p class=\" wall-content\">Espace Saint-Patrice \u00e0 19h<\/p>\n<p>Mercredi 21 mai\u00a0<\/p>\n<p class=\" wall-content\">Animations au centre de loisirs du 3 Dix-Huit<\/p>\n<ul class=\" wall-content\">\n<li>10h : Caf\u00e9 des langues avec les enfants en espagnol, allemand et polonais.<\/li>\n<li>14h : Tapis-conte autour du livre italien C\u2019est quoi un enfant ?\u00a0 <\/li>\n<\/ul>\n<p class=\" wall-content\">R\u00e9serv\u00e9 aux enfants inscrits au 3 Dix-Huit<\/p>\n<p>Jeudi 22 mai\u00a0<\/p>\n<ul class=\" wall-content\">\n<li>Go\u00fbter Let\u2019s play. Venez d\u00e9couvrir le jeu Nintendo Switch A Highland song autour d\u2019un go\u00fbter.<\/li>\n<\/ul>\n<p class=\" wall-content\">M\u00e9diath\u00e8que Les 7 lieux \u00e0 15 h 30 (2 h), d\u00e8s 12 ans\u00a0<\/p>\n<p>Samedi 24 mai\u00a0<\/p>\n<ul class=\" wall-content\">\n<li>Conf\u00e9rence\u00a0 \u2013 1939-1945, l\u2019histoire dramatique de l\u2019Alsace-Moselle par l\u2019Universit\u00e9 Inter-\u00c2ge.<\/li>\n<li>Retour sur le voyage \u00e0 Strasbourg, Espace Saint-Patrice \u00e0 10 h 30<\/li>\n<li>Compte rendu du voyage en Pologne au Collegium \u00e0 14 h 30, entr\u00e9e libre.<\/li>\n<\/ul>\n<p>Lundi 26 mai\u00a0<\/p>\n<ul class=\" wall-content\">\n<li>Film \u00ab\u00a0Parth\u00e9nope\u00a0\u00bb : La vie de Parth\u00e9nope de sa naissance dans les ann\u00e9es 1950 \u00e0 nos jours. Une \u00e9pop\u00e9e f\u00e9minine d\u00e9pourvue d\u2019h\u00e9ro\u00efsme, mais \u00e9prise de libert\u00e9 et d\u2019amour dans la ville de Naples. Film pr\u00e9sent\u00e9 en comp\u00e9tition officielle lors du Festival de Cannes 2024.<\/li>\n<\/ul>\n<p class=\" wall-content\">Cin\u00e9ma Le M\u00e9li\u00e8s \u00e0 20 h 30.<\/p>\n<p>Plus d\u2019informations sur le site officiel de la ville de Bayeux.<\/p>\n<p class=\" wall-content\">Suivez toute l\u2019actualit\u00e9 de vos villes et m\u00e9dias favoris en vous inscrivant \u00e0 <a href=\"https:\/\/moncompte.actu.fr\" title=\"D\u00e9couvez Mon Actu\" rel=\"nofollow noopener\" data-trk=\"{&quot;cta&quot;:{&quot;action&quot;:&quot;https:\\\/\\\/moncompte.actu.fr&quot;,&quot;category&quot;:&quot;mon compte&quot;,&quot;from&quot;:&quot;article footer&quot;,&quot;name&quot;:&quot;Mon actu&quot;,&quot;type&quot;:&quot;cta&quot;}}\" target=\"_blank\">Mon Actu<\/a>.<\/p>\n","protected":false},"excerpt":{"rendered":"Par Juliette Trouinard Publi\u00e9 le 15 mai 2025 \u00e0 20h40 Du vendredi 16 au lundi 26 mai 2025,&hellip;\n","protected":false},"author":2,"featured_media":103031,"comment_status":"","ping_status":"","sticky":false,"template":"","format":"standard","meta":{"footnotes":""},"categories":[1586],"tags":[11,1063,1777,674,1011,27,1652,12,25],"class_list":{"0":"post-103030","1":"post","2":"type-post","3":"status-publish","4":"format-standard","5":"has-post-thumbnail","7":"category-europe","8":"tag-actualites","9":"tag-animations","10":"tag-eu","11":"tag-europe","12":"tag-fr","13":"tag-france","14":"tag-loisirs-culture","15":"tag-news","16":"tag-republique-francaise"},"share_on_mastodon":{"url":"https:\/\/pubeurope.com\/@fr\/114514365337458789","error":""},"_links":{"self":[{"href":"https:\/\/www.europesays.com\/fr\/wp-json\/wp\/v2\/posts\/103030","targetHints":{"allow":["GET"]}}],"collection":[{"href":"https:\/\/www.europesays.com\/fr\/wp-json\/wp\/v2\/posts"}],"about":[{"href":"https:\/\/www.europesays.com\/fr\/wp-json\/wp\/v2\/types\/post"}],"author":[{"embeddable":true,"href":"https:\/\/www.europesays.com\/fr\/wp-json\/wp\/v2\/users\/2"}],"replies":[{"embeddable":true,"href":"https:\/\/www.europesays.com\/fr\/wp-json\/wp\/v2\/comments?post=103030"}],"version-history":[{"count":0,"href":"https:\/\/www.europesays.com\/fr\/wp-json\/wp\/v2\/posts\/103030\/revisions"}],"wp:featuredmedia":[{"embeddable":true,"href":"https:\/\/www.europesays.com\/fr\/wp-json\/wp\/v2\/media\/103031"}],"wp:attachment":[{"href":"https:\/\/www.europesays.com\/fr\/wp-json\/wp\/v2\/media?parent=103030"}],"wp:term":[{"taxonomy":"category","embeddable":true,"href":"https:\/\/www.europesays.com\/fr\/wp-json\/wp\/v2\/categories?post=103030"},{"taxonomy":"post_tag","embeddable":true,"href":"https:\/\/www.europesays.com\/fr\/wp-json\/wp\/v2\/tags?post=103030"}],"curies":[{"name":"wp","href":"https:\/\/api.w.org\/{rel}","templated":true}]}}