{"id":103032,"date":"2025-05-15T23:08:08","date_gmt":"2025-05-15T23:08:08","guid":{"rendered":"https:\/\/www.europesays.com\/fr\/103032\/"},"modified":"2025-05-15T23:08:08","modified_gmt":"2025-05-15T23:08:08","slug":"la-petition-pour-interdire-les-therapies-de-conversion-des-lgbt-dans-lunion-europeenne-peut-elle-atteindre-son-objectif","status":"publish","type":"post","link":"https:\/\/www.europesays.com\/fr\/103032\/","title":{"rendered":"La p\u00e9tition pour interdire les th\u00e9rapies de conversion des LGBT+ dans l\u2019Union europ\u00e9enne peut-elle atteindre son objectif\u00a0?"},"content":{"rendered":"<p class=\"latino-300b text-grey-800\">\n<p>  Par\u00a0<br \/>\n<a href=\"https:\/\/www.nouvelobs.com\/journalistes\/1761\/benjamin-moisset.html\" class=\"text-decoration-none link--box d-inline\" rel=\"nofollow noopener\" target=\"_blank\">Benjamin Moisset<\/a>                <\/p>\n<p class=\"latino-300r text-grey-600\">\n      Publi\u00e9 le<\/p>\n<p>    15 mai 2025 \u00e0 20h15, mis \u00e0 jour le<\/p>\n<p>      15 mai 2025 \u00e0 20h33\n  <\/p>\n<p>      <img fetchpriority=\"high\" decoding=\"async\" class=\"mx-auto\" src=\"data:image\/svg+xml;base64,PHN2ZyB4bWxucz0iaHR0cDovL3d3dy53My5vcmcvMjAwMC9zdmciIGZpbGw9IiNlNGU0ZTQiIHZpZXdCb3g9IjAgMCA1MTAgMzQwIiB3aWR0aD0iNTEwIiBoZWlnaHQ9IjM0MCI+PHBhdGggZD0iTTAgMGg1MTB2MzQwSDB6Ii8+PC9zdmc+\"  loading=\"eager\" width=\"510\" height=\"340\" data-oncrawl-image-size=\"510x340\" alt=\"Un drapeau LGBT+ sur l\u2019op\u00e9ra de Stuttgart, en Allemagne, le 23\u00a0juin 2021. \"\/>      <\/p>\n<p class=\"latino-100m text-grey-600\">\n            Un drapeau LGBT+ sur l\u2019op\u00e9ra de Stuttgart, en Allemagne, le 23\u00a0juin 2021. \u00a0BERND WEISSBROD\/AP\/SIPA        <\/p>\n<p>    Lire\u00a0plus\u00a0tard  <\/p>\n<p><a aria-label=\"Nous suivre sur Google News\" href=\"https:\/\/news.google.com\/publications\/CAAqBwgKMJe4nQkw3dFs?hl=fr&amp;gl=FR&amp;ceid=FR%3Afr\" target=\"_blank\" data-piano=\"Page_Article,Sous_date_publi,Nous_suivre_sur_google_news,1er_clic,action\" class=\"btn btn--small btn--secondary\" rel=\"nofollow noopener\"><\/p>\n<p>      Google Actualit\u00e9s<br \/>\n  <\/a><\/p>\n<p>  Partager<\/p>\n<p>        Facebook<\/p>\n<p>        Bluesky<\/p>\n<p>        E-mail<\/p>\n<p>        Copier le lien<\/p>\n<p>      Envoyer<\/p>\n<p>    Temps de lecture\u00a0:\u00a02\u00a0min.<\/p>\n<p class=\"article__description latino-600m mb-20 mb-lg-30 \" data-oncrawl-chapo-length=\"343\">\n<p>    Les appels \u00e0 signer cette p\u00e9tition fleurissent sur Instagram depuis le d\u00e9but de la semaine. L\u2019initiative \u2013 qui doit r\u00e9colter un\u00a0million de signatures d\u2019ici samedi \u2013 vise \u00e0 \u00e9tendre l\u2019interdiction des th\u00e9rapies de conversion pour les personnes LGBTQI+ \u00e0 tous les pays de l\u2019UE. Mais m\u00eame en cas de victoire, le parcours l\u00e9gislatif s\u2019annonce long.<\/p>\n<p class=\"node__paragraphe antonia-750r text-grey-800 pb-20 pb-md-30\">\nIl ne reste plus que deux jours. Deux jours pour que l\u2019<a target=\"_blank\" href=\"https:\/\/eci.ec.europa.eu\/043\/public\/#\/screen\/home\" rel=\"nofollow noopener\">initiative d\u2019interdire les th\u00e9rapies de conversion<\/a> dans l\u2019Union europ\u00e9enne visant les personnes LGBT+ r\u00e9ussisse, avant la journ\u00e9e mondiale contre l\u2019homophobie, la transphobie et la biphobie, le 17\u00a0mai. De l\u2019eurod\u00e9put\u00e9e insoumise Manon Aubry \u00e0 la chanteuse Ang\u00e8le, en passant peut-\u00eatre par vos \u00ab\u00a0amis\u00a0\u00bb sur les r\u00e9seaux sociaux, l\u2019heure est \u00e0 la mobilisation num\u00e9rique pour interdire \u00ab\u00a0les interventions visant \u00e0 modifier, r\u00e9primer ou \u00e9radiquer l\u2019orientation sexuelle, l\u2019identit\u00e9 de genre et\/ou l\u2019expression de genre des personnes LGBTQI +\u00a0\u00bb.<\/p>\n<p class=\"node__paragraphe antonia-750r text-grey-800 pb-20 pb-md-30\">\nCes pratiques, que <a target=\"_blank\" href=\"https:\/\/www.ohchr.org\/fr\/stories\/2020\/07\/conversion-therapy-can-amount-torture-and-should-be-banned-says-un-expert#:~:text=L%27expression%20%C2%AB%20th%C3%A9rapie%20de%20conversion,de%20genre%20variant%20en%20une\" rel=\"nofollow noopener\">les Nations Unies consid\u00e8rent<\/a> comme \u00ab\u00a0intrins\u00e8quement discriminatoires\u00a0\u00bb et pouvant \u00ab\u00a0\u00eatre assimil\u00e9es \u00e0 des actes de torture\u00a0\u00bb, sont pour l\u2019instant interdites dans seulement sept pays europ\u00e9ens\u00a0: Allemagne, France, Belgique, Espagne, Gr\u00e8ce, Malte et Portugal. Et l\u2019UE n\u2019a actuellement pas l\u00e9gif\u00e9r\u00e9 pour les interdire dans les autres Etats membres, alors qu\u2019elle doit \u00ab\u00a0lutter contre toutes les pratiques inhumaines\u00a0\u00bb, veut croire <a target=\"_blank\" href=\"https:\/\/eci.ec.europa.eu\/043\/public\/#\/screen\/home\" rel=\"nofollow noopener\">le plaidoyer de l\u2019initiative<\/a>.<\/p>\n<p>\u2022\u00a0D\u2019o\u00f9 vient cette initiative citoyenne europ\u00e9enne\u00a0?<\/p>\n<p class=\"node__paragraphe antonia-750r text-grey-800 pb-20 pb-md-30\">\nUne initiative citoyenne europ\u00e9enne (ICE) permet aux citoyens europ\u00e9ens d\u2019interpeller la Commission et de l\u2019obliger \u00e0 se positionner en r\u00e9coltant plus d\u2019un million de signatures dans au moins \u2013 significativement \u2013 sept Etats membres en un an. L\u2019association Against Conversion Therapy (ACT, association \u00ab\u00a0contre les th\u00e9rapies de conversion\u00a0\u00bb en fran\u00e7ais) s\u2019est donc saisie de cet outil de d\u00e9mocratie participative pour inviter la Commission \u00ab\u00a0\u00e0 proposer une interdiction l\u00e9gale contraignante des pratiques de conversion ciblant les citoyens LGBTQ+\u00a0\u00bb.<\/p>\n<p class=\"latino-500b text-grey-600 pb-15\">A lire aussi<\/p>\n<p><a href=\"https:\/\/www.nouvelobs.com\/societe\/20211005.OBS49498\/on-m-a-rase-la-tete-de-force-les-therapies-de-conversion-examinees-a-l-assemblee.html\" data-article-key=\"20211005.OBS49498\" class=\"link--box flex-grow-1\" data-piano=\"Page_Article,Lire_aussi,,Lien1,navigation\" rel=\"nofollow noopener\" target=\"_blank\"><\/p>\n<p>                <img decoding=\"async\" src=\"data:image\/svg+xml;base64,PHN2ZyB4bWxucz0iaHR0cDovL3d3dy53My5vcmcvMjAwMC9zdmciIGZpbGw9IiNlNGU0ZTQiIHZpZXdCb3g9IjAgMCAxMjAgODAiIHdpZHRoPSIxMjAiIGhlaWdodD0iODAiPjxwYXRoIGQ9Ik0wIDBoMTIwdjgwSDB6Ii8+PC9zdmc+\"  width=\"120\" height=\"80\" loading=\"lazy\" alt=\"Lors de la marche des fiert\u00e9s entre Pantin (Seine-Saint-Denis) et Paris, le 26 juin 2021.\"\/><\/p>\n<p class=\"latino-300r latino-lg-600m text-grey-800\">\n                      <strong class=\"latino-300b latino-lg-600m text-grey-500\">D\u00e9cryptage\u00a0<\/strong><br \/>\n                    \u00ab\u00a0On m\u2019a ras\u00e9 la t\u00eate de force\u00a0\u00bb\u00a0: les \u00ab\u00a0th\u00e9rapies de conversion\u00a0\u00bb officiellement interdites        <\/p>\n<p><\/a><\/p>\n<p>    Lire\u00a0plus\u00a0tard  <\/p>\n<p class=\"node__paragraphe antonia-750r text-grey-800 pb-20 pb-md-30\">\nL\u2019id\u00e9e est notamment n\u00e9e dans l\u2019esprit de Matt\u00e9o Garguilo, un \u00e9tudiant lyonnais de 21\u00a0ans, lors de l\u2019adoption en\u00a02022\u00a0de la <a href=\"https:\/\/www.nouvelobs.com\/societe\/20220125.OBS53679\/le-parlement-adopte-la-proposition-de-loi-qui-cree-un-nouveau-delit-contre-les-therapies-de-conversion.html\" rel=\"nofollow noopener\" target=\"_blank\">loi pour interdire ces pratiques en France<\/a>. Aupr\u00e8s du \u00ab\u00a0Nouvel Obs\u00a0\u00bb, il confie avoir \u00e9t\u00e9 \u00e9mu \u00e0 ce moment par les t\u00e9moignages publi\u00e9s de personnes LGBT +qui ont subi ces pratiques. Avec des proches, Matt\u00e9o Garguilo a ensuite mont\u00e9 l\u2019association ACT \u00e0 l\u2019\u00e9t\u00e9 2023\u00a0et s\u2019est lanc\u00e9 dans l\u2019aventure de l\u2019ICE au printemps 2024. \u00ab\u00a0Nous nous sommes lanc\u00e9s dans le vide, nous voulions juste essayer\u00a0\u00bb, se rappelle-t-il.<\/p>\n<p>\u2022\u00a0Quelle chance a cette initiative d\u2019\u00eatre adopt\u00e9e\u00a0?<\/p>\n<p class=\"node__paragraphe antonia-750r text-grey-800 pb-20 pb-md-30\">\nConcr\u00e8tement, le premier crit\u00e8re, c\u2019est-\u00e0-dire avoir sept pays signant significativement en faveur de l\u2019initiative, est d\u00e9j\u00e0 atteint. L\u2019Espagne, la France, l\u2019Irlande, les Pays Bas, la Belgique, la Finlande et la Slov\u00e9nie ont d\u00e9pass\u00e9 les seuils minimaux requis, qui varient en fonction du nombre de d\u00e9put\u00e9s europ\u00e9ens par pays et donc de la population locale. Le deuxi\u00e8me crit\u00e8re du million de signatures, lui, n\u2019est pas encore atteint. Ce jeudi 15\u00a0mai au soir, il manque toujours environ 290\u00a0000\u00a0signatures.<\/p>\n<p class=\"node__paragraphe antonia-750r text-grey-800 pb-20 pb-md-30\">\nLe chiffre peut para\u00eetre important. Mais il faut savoir qu\u2019en seulement une journ\u00e9e ce jeudi 100\u00a0000 signatures ont \u00e9t\u00e9 r\u00e9colt\u00e9es, \u00e0 peu pr\u00e8s le m\u00eame nombre que la veille. La raison\u00a0? La forte mobilisation sur les r\u00e9seaux sociaux depuis le d\u00e9but de la semaine. \u00ab\u00a0Presque tout se passe sur Instagram\u00a0\u00bb, ironise Matt\u00e9o Garguilo. A noter, \u00e9galement, la tr\u00e8s grande participation en France puisque plus de la moiti\u00e9 des signatures ont pour l\u2019instant \u00e9t\u00e9 r\u00e9colt\u00e9es dans l\u2019Hexagone\u2026. o\u00f9 les pratiques de conversion sont donc d\u00e9j\u00e0 interdites\u00a0!<\/p>\n<p>\u2022\u00a0Quelles cons\u00e9quences si le seuil de signature est atteint\u00a0?<\/p>\n<p class=\"node__paragraphe antonia-750r text-grey-800 pb-20 pb-md-30\">\nSi une ICE est adopt\u00e9e et valid\u00e9e, sont alors organis\u00e9s\u00a0: une rencontre entre les organisateurs et la Commission, une pr\u00e9sentation au Parlement europ\u00e9en \u2013 avec potentiellement un d\u00e9bat en session pl\u00e9ni\u00e8re et l\u2019adoption d\u2019une r\u00e9solution \u2013 et une obligation pour la Commission d\u2019exposer son action pour donner suite \u00e0 l\u2019initiative. L\u2019institution europ\u00e9enne peut alors estimer \u00ab\u00a0qu\u2019un acte l\u00e9gislatif constitue une r\u00e9ponse appropri\u00e9e\u00a0\u00bb, explique le <a target=\"_blank\" href=\"https:\/\/citizens-initiative.europa.eu\/how-it-works_fr#Etape-5-Presenter-son-initiative\" rel=\"nofollow noopener\">site officiel de l\u2019UE<\/a>. En revanche, elle \u00ab\u00a0n\u2019est pas tenue (d\u2019en) proposer\u00a0\u00bb un, est-il encore \u00e9crit.<\/p>\n<p class=\"latino-500b text-grey-600 pb-15\">A lire aussi<\/p>\n<p><a href=\"https:\/\/www.nouvelobs.com\/societe\/20191211.OBS22181\/therapies-de-conversion-ils-ont-infiltre-ceux-qui-veulent-guerir-les-homosexuels.html\" data-article-key=\"20191211.OBS22181\" class=\"link--box flex-grow-1\" data-piano=\"Page_Article,Lire_aussi,,Lien2,navigation\" rel=\"nofollow noopener\" target=\"_blank\"><\/p>\n<p>                <img decoding=\"async\" src=\"data:image\/svg+xml;base64,PHN2ZyB4bWxucz0iaHR0cDovL3d3dy53My5vcmcvMjAwMC9zdmciIGZpbGw9IiNlNGU0ZTQiIHZpZXdCb3g9IjAgMCAxMjAgODAiIHdpZHRoPSIxMjAiIGhlaWdodD0iODAiPjxwYXRoIGQ9Ik0wIDBoMTIwdjgwSDB6Ii8+PC9zdmc+\"  width=\"120\" height=\"79\" loading=\"lazy\" alt=\"\u00ab Dieu est amour\u00a0\u00bb\"\/><\/p>\n<p class=\"latino-300r latino-lg-600m text-grey-800\">\n                      <strong class=\"latino-300b latino-lg-600m text-grey-500\">Entretien\u00a0<\/strong><br \/>\n                    \u00ab\u00a0Th\u00e9rapies de conversion\u00a0\u00bb\u00a0: ils ont infiltr\u00e9 ceux qui veulent \u00ab\u00a0gu\u00e9rir\u00a0\u00bb les homosexuels        <\/p>\n<p><\/a><\/p>\n<p>    Lire\u00a0plus\u00a0tard  <\/p>\n<p class=\"node__paragraphe antonia-750r text-grey-800 pb-20 pb-md-30\">\nQu\u2019importe, \u00ab\u00a0nous avons d\u00e9j\u00e0 gagn\u00e9 en mettant le sujet \u00e0 l\u2019agenda\u00a0\u00bb veut croire Matt\u00e9o Garguilo avant d\u2019affirmer que \u00ab\u00a0si nous avons r\u00e9ussi \u00e0 mobiliser un million de personnes en Europe, la Commission ne pourra pas s\u2019\u00e9chapper\u00a0\u00bb. Sachant par ailleurs que, <a target=\"_blank\" href=\"https:\/\/commission.europa.eu\/document\/download\/e0f32937-9ce9-40d7-880c-416321d00dc9_fr?filename=mission-letter-lahbib_FR.pdf\" rel=\"nofollow noopener\">dans la lettre de mission<\/a> de la Commissaire \u00e0 l\u2019\u00c9galit\u00e9 Hadja Lahbib, se trouvait d\u00e9j\u00e0 l\u2019annonce d\u2019une \u00ab\u00a0nouvelle strat\u00e9gie en faveur de l\u2019\u00e9galit\u00e9 des personnes LGBTIQ\u00a0\u00bb devant se concentrer notamment \u00ab\u00a0sur l\u2019interdiction de la pratique des th\u00e9rapies de conversion\u00a0\u00bb.<\/p>\n","protected":false},"excerpt":{"rendered":"Par\u00a0 Benjamin Moisset Publi\u00e9 le 15 mai 2025 \u00e0 20h15, mis \u00e0 jour le 15 mai 2025 \u00e0&hellip;\n","protected":false},"author":2,"featured_media":103033,"comment_status":"","ping_status":"","sticky":false,"template":"","format":"standard","meta":{"footnotes":""},"categories":[1586],"tags":[17,11,21928,1777,674,1779,4538,1011,27,14364,9087,12,2844,25,104,21927,1778,4403,364],"class_list":{"0":"post-103032","1":"post","2":"type-post","3":"status-publish","4":"format-standard","5":"has-post-thumbnail","7":"category-europe","8":"tag-17","9":"tag-actualites","10":"tag-conversion","11":"tag-eu","12":"tag-europe","13":"tag-european-union","14":"tag-europeenne","15":"tag-fr","16":"tag-france","17":"tag-interdire","18":"tag-lgbt","19":"tag-news","20":"tag-petition","21":"tag-republique-francaise","22":"tag-societe","23":"tag-therapies","24":"tag-ue","25":"tag-union","26":"tag-union-europeenne"},"share_on_mastodon":{"url":"https:\/\/pubeurope.com\/@fr\/114514369677131954","error":""},"_links":{"self":[{"href":"https:\/\/www.europesays.com\/fr\/wp-json\/wp\/v2\/posts\/103032","targetHints":{"allow":["GET"]}}],"collection":[{"href":"https:\/\/www.europesays.com\/fr\/wp-json\/wp\/v2\/posts"}],"about":[{"href":"https:\/\/www.europesays.com\/fr\/wp-json\/wp\/v2\/types\/post"}],"author":[{"embeddable":true,"href":"https:\/\/www.europesays.com\/fr\/wp-json\/wp\/v2\/users\/2"}],"replies":[{"embeddable":true,"href":"https:\/\/www.europesays.com\/fr\/wp-json\/wp\/v2\/comments?post=103032"}],"version-history":[{"count":0,"href":"https:\/\/www.europesays.com\/fr\/wp-json\/wp\/v2\/posts\/103032\/revisions"}],"wp:featuredmedia":[{"embeddable":true,"href":"https:\/\/www.europesays.com\/fr\/wp-json\/wp\/v2\/media\/103033"}],"wp:attachment":[{"href":"https:\/\/www.europesays.com\/fr\/wp-json\/wp\/v2\/media?parent=103032"}],"wp:term":[{"taxonomy":"category","embeddable":true,"href":"https:\/\/www.europesays.com\/fr\/wp-json\/wp\/v2\/categories?post=103032"},{"taxonomy":"post_tag","embeddable":true,"href":"https:\/\/www.europesays.com\/fr\/wp-json\/wp\/v2\/tags?post=103032"}],"curies":[{"name":"wp","href":"https:\/\/api.w.org\/{rel}","templated":true}]}}