{"id":1030367,"date":"2026-06-28T17:30:33","date_gmt":"2026-06-28T17:30:33","guid":{"rendered":"https:\/\/www.europesays.com\/fr\/1030367\/"},"modified":"2026-06-28T17:30:33","modified_gmt":"2026-06-28T17:30:33","slug":"rugby-federale-2-leucate-devient-champion-de-france-la-folie-sannonce-au-bord-de-la-mediterranee-dans-laude","status":"publish","type":"post","link":"https:\/\/www.europesays.com\/fr\/1030367\/","title":{"rendered":"Rugby \u2013 F\u00e9d\u00e9rale 2\u00a0: Leucate devient champion de France, la folie s\u2019annonce au bord de la M\u00e9diterran\u00e9e dans l\u2019Aude\u00a0!"},"content":{"rendered":"<p>\n                                                                Ce dimanche apr\u00e8s-midi, les Leucatois affrontaient les B\u00e9arnais de Pont Long \u00e0 Pamiers. Victoire des Audois, devant plus 600 de leurs supporters, sur le score de 23-18. Historique.\n                            <\/p>\n<p>Leucate avait d\u00e9j\u00e0 r\u00e9ussi sa saison, avec une finale de championnat de France ce dimanche apr\u00e8s-midi \u00e0 Pamiers face \u00e0 Pont Long, surtout une accession en F\u00e9d\u00e9rale 1 acquise sur le pr\u00e9 il y a d\u00e9j\u00e0 quelques semaines maintenant.<\/p>\n<p>Seulement, une finale, \u00e7a se gagne.\u00a0Et c\u2019est bien ce que\u00a0sont parvenus \u00e0 r\u00e9aliser les Leucatois.<\/p>\n<p>En premi\u00e8re p\u00e9riode, le Sporting\u00a0s\u2019\u00e9tait vraiment montr\u00e9\u00a0indisciplin\u00e9, \u00e9copant de deux cartons jaunes. Pourtant, les Audois avaient\u00a0parfaitement r\u00e9sist\u00e9, \u00e0 13, avec la hargne et l\u2019envie qui les ont port\u00e9s\u00a0\u00e0 ce niveau en cette saison 2025-2026.<\/p>\n<p>\u00c0 la mi-temps, ils rentraient aux vestiaires avec seulement un point de retard sur leurs adversaires b\u00e9arnais, 10-11. Avec un essai de chaque c\u00f4t\u00e9, la seconde mi-temps s\u2019annon\u00e7ait palpitante.<\/p>\n<p>Le B\u00e9arn, trop tard\u2026<\/p>\n<p>Et les Leucatois repartaient de plus belle avec un essai de l\u2019arri\u00e8re Gresle\u00a0: 17-11\u00a0! Les Audois pliaient mais ne rompaient point entam\u00e9s qu\u2019ils \u00e9taient par les assauts de Pont Long. Ils d\u00e9fendaient admirablement jusque sur leur ligne d\u2019en-but. H\u00e9ro\u00efques Leucatois.<\/p>\n<p>Gresle aggravait le score en faveur de Leucate sur p\u00e9nalit\u00e9\u00a0: 20-11. Bis repetita, 23-11. Mais Pont Long revenait dans le match avec un nouvel essai venu de tr\u00e8s loin et au bout d\u2019une longue course, 23-18. Trop tard pour les B\u00e9arnais.<\/p>\n<p>Leucate est champion de France de F\u00e9d\u00e9rale 2. C\u2019est la folie qui s\u2019annonce dans les heures qui viennent sur les bords de la M\u00e9diterran\u00e9e dans l\u2019Aude.<\/p>\n","protected":false},"excerpt":{"rendered":"Ce dimanche apr\u00e8s-midi, les Leucatois affrontaient les B\u00e9arnais de Pont Long \u00e0 Pamiers. Victoire des Audois, devant plus&hellip;\n","protected":false},"author":2,"featured_media":1030368,"comment_status":"","ping_status":"","sticky":false,"template":"","format":"standard","meta":{"footnotes":"","_share_on_mastodon":"0"},"categories":[2],"tags":[11,4086,1011,27,58449,12,2115,517],"class_list":["post-1030367","post","type-post","status-publish","format-standard","has-post-thumbnail","category-actualites","tag-actualites","tag-aude","tag-fr","tag-france","tag-leucate","tag-news","tag-rugby-a-xv","tag-sport"],"share_on_mastodon":{"url":"https:\/\/pubeurope.com\/@fr\/116828925328898999","error":""},"_links":{"self":[{"href":"https:\/\/www.europesays.com\/fr\/wp-json\/wp\/v2\/posts\/1030367","targetHints":{"allow":["GET"]}}],"collection":[{"href":"https:\/\/www.europesays.com\/fr\/wp-json\/wp\/v2\/posts"}],"about":[{"href":"https:\/\/www.europesays.com\/fr\/wp-json\/wp\/v2\/types\/post"}],"author":[{"embeddable":true,"href":"https:\/\/www.europesays.com\/fr\/wp-json\/wp\/v2\/users\/2"}],"replies":[{"embeddable":true,"href":"https:\/\/www.europesays.com\/fr\/wp-json\/wp\/v2\/comments?post=1030367"}],"version-history":[{"count":0,"href":"https:\/\/www.europesays.com\/fr\/wp-json\/wp\/v2\/posts\/1030367\/revisions"}],"wp:featuredmedia":[{"embeddable":true,"href":"https:\/\/www.europesays.com\/fr\/wp-json\/wp\/v2\/media\/1030368"}],"wp:attachment":[{"href":"https:\/\/www.europesays.com\/fr\/wp-json\/wp\/v2\/media?parent=1030367"}],"wp:term":[{"taxonomy":"category","embeddable":true,"href":"https:\/\/www.europesays.com\/fr\/wp-json\/wp\/v2\/categories?post=1030367"},{"taxonomy":"post_tag","embeddable":true,"href":"https:\/\/www.europesays.com\/fr\/wp-json\/wp\/v2\/tags?post=1030367"}],"curies":[{"name":"wp","href":"https:\/\/api.w.org\/{rel}","templated":true}]}}