{"id":103040,"date":"2025-05-15T23:14:09","date_gmt":"2025-05-15T23:14:09","guid":{"rendered":"https:\/\/www.europesays.com\/fr\/103040\/"},"modified":"2025-05-15T23:14:09","modified_gmt":"2025-05-15T23:14:09","slug":"mon-premier-match-mon-pere-etait-a-cote-de-moi-dans-le-vestiaire","status":"publish","type":"post","link":"https:\/\/www.europesays.com\/fr\/103040\/","title":{"rendered":"Mon premier match ? Mon p\u00e8re \u00e9tait \u00e0 c\u00f4t\u00e9 de moi dans le vestiaire"},"content":{"rendered":"<p>            Par<br \/>\n        <strong><br \/>\n            <a href=\"https:\/\/actu.fr\/auteur\/clement-mazella\" title=\"Consulter tous les articles de Cl\u00e9ment Mazella\" target=\"_blank\" rel=\"noopener\">Cl\u00e9ment Mazella<\/a><br \/>\n        <\/strong><\/p>\n<p>        Publi\u00e9 le<\/p>\n<p>            15 mai 2025 \u00e0 20h12        <\/p>\n<p><a href=\"https:\/\/actu.fr\/rugby\/joueur\/brethous_64df8af67b8c09c4fecb32c1\/\" target=\"_blank\" rel=\"noopener\">Yann Brethous<\/a> est un rugbyman rare. Le 3e ligne, form\u00e9 \u00e0 Grenade-sur-l\u2019Adour, n\u2019a connu qu\u2019un seul et unique club durant sa carri\u00e8re professionnelle : <a href=\"https:\/\/actu.fr\/rugby\/equipe\/mont-de-marsan_64dbdff47b8c09c4fec7b0b1\/\" target=\"_blank\" rel=\"noopener\">Mont-de-Marsan<\/a> (il a rejoint le club \u00e0 14 ans, NDLR). \u00c0 l\u2019aube de cette <strong>30e et derni\u00e8re journ\u00e9e<\/strong> de la saison 2024-2025, <a href=\"https:\/\/actu.fr\/rugby\/\" target=\"_blank\" rel=\"noopener\">Actu Rugby<\/a> a d\u00e9cid\u00e9 de mettre \u00e0 l\u2019honneur dans un nouvel opus de \u00ab\u00a0M\u00e9moires de Pro D2\u00a0\u00bb ce formidable guerrier, qui va mettre ce week-end, \u00e0 presque <strong>36 ans<\/strong> (il les f\u00eatera fin mai, NDLR), un terme \u00e0 sa carri\u00e8re. Un Yann Brethous savoureux en anecdotes et avec qui nous avons pass\u00e9 une tr\u00e8s bonne heure \u00e0 ses c\u00f4t\u00e9s dans les Landes.\u00a0<\/p>\n<p>Son premier match de Pro D2<\/p>\n<p class=\" wall-content\">\u00ab\u00a0C\u2019\u00e9tait \u00e0 B\u00e9ziers. J\u2019avais 18 ans. J\u2019avais un peu de pression, je l\u2019admets. Le pr\u00e9sident de l\u2019\u00e9poque, Philippe Cazaubon, avait fait la surprise d\u2019amener mon p\u00e8re au match. Lorsque l\u2019on a mis les maillots, il \u00e9tait \u00e0 c\u00f4t\u00e9 de moi dans le vestiaire. C\u2019\u00e9tait cool, fort en \u00e9motion : un vrai bon souvenir. On fait 21-21. J\u2019\u00e9tais rempla\u00e7ant et j\u2019entre en jeu \u00e0 la mi-temps car Marc Giraud s\u2019\u00e9tait fait le genou. Apr\u00e8s ce match, les coachs \u00e9taient ravis, et ils ont d\u00e9cid\u00e9 d\u2019aller en bo\u00eete. J\u2019ai eu la bonne id\u00e9e de laisser mon t\u00e9l\u00e9phone portable dans le bus. Les anciens l\u2019ont trouv\u00e9, ont appel\u00e9 tout mon r\u00e9pertoire et je vous laisse deviner les bons souvenirs apr\u00e8s \u00e7a\u2026\u00a0\u00bb.<\/p>\n<p>Votre meilleur souvenir de Pro D2<\/p>\n<p class=\" wall-content\">\u00ab\u00a0En premier, la finale contre Pau \u00e0 Bordeaux en 2012. En plus, c\u2019\u00e9tait le jour de mon anniversaire. Cette saison, avec les mecs en or que l\u2019on avait et l\u2019ambiance en interne, elle est m\u00e9morable. La veille, ou l\u2019apr\u00e8s-match, c\u2019\u00e9tait dingue. Nous ne pensions pas que nous ferions une finale comme \u00e7a (gagn\u00e9e 29-20, NDLR). Nous avions tellement d\u2019insouciance que nous pensions que rien ne pouvait nous arriver.\u00a0\u00a0<\/p>\n<p class=\" wall-content\">J\u2019ai envie aussi d\u2019\u00e9voquer ma premi\u00e8re demi-finale disput\u00e9e \u00e0 Albi (en 2011, NDLR). C\u2019\u00e9tait sous la flotte, j\u2019\u00e9tais rempla\u00e7ant, nous perdons en prolongation sur un terrain gorg\u00e9 d\u2019eau\u2026 C\u2019\u00e9tait insupportable. Mais quand m\u00eame grandiose d\u2019acc\u00e9der \u00e0 ce niveau-l\u00e0 du championnat sous le maillot montois\u00a0\u00bb.\u00a0<\/p>\n<p>Son pire souvenir<\/p>\n<p class=\" wall-content\">\u00ab\u00a0Il y a cette finale perdue contre Agen (en 2015, NDLR), qui se joue \u00e0 un coup de pied (16-15, avec une transformation rat\u00e9e \u00e0 la 79e). Mais surtout, celle perdue contre Bayonne (en 2022, NDLR) : je fais quasiment toute la saison (26 matchs jou\u00e9s, NDLR), je dispute la demie, et le staff a d\u00e9cid\u00e9 de me mettre 24e homme pour la finale. J\u2019\u00e9tais au fond du seau, et cette d\u00e9cision, je l\u2019ai tr\u00e8s mal v\u00e9cue. J\u2019ai eu une explication, je ne l\u2019ai pas forc\u00e9ment comprise, et je dois avouer que ce fut tr\u00e8s dur pour moi de l\u2019accepter. C\u2019est mon pire souvenir de carri\u00e8re \u00e0 bien y r\u00e9fl\u00e9chir\u2026\u00a0\u00bb.<\/p>\n<p>      <img   decoding=\"async\" loading=\"lazy\" src=\"https:\/\/www.europesays.com\/fr\/wp-content\/uploads\/2025\/05\/yann-brethous-julien-tastet-mont-de-marsan-rugby-pro-d2-960x640.jpg\" alt=\"Yann Brethous, ici aux c\u00f4t\u00e9s de son pote Julien Tastet, lors d'un match contre Massy en 2015.\" width=\"960\" height=\"640\"\/><br \/>\n    Yann Brethous, ici aux c\u00f4t\u00e9s de son pote Julien Tastet, lors d\u2019un match contre Massy en 2015. (\u00a9Icon Sport)Le joueur le plus fort c\u00f4toy\u00e9 sur un terrain de Pro D2<\/p>\n<p class=\" wall-content\">\u00ab\u00a0Un, c\u2019est trop dur ! Quand j\u2019ai commenc\u00e9 ici \u00e0 Mont-de-Marsan, j\u2019ai \u00e9t\u00e9 impressionn\u00e9 par George Harder. Un ailier anglais arriv\u00e9 des Harlequins p\u00e9t\u00e9 de partout. Mais techniquement, incroyable. M\u00eame en marchant, il faisait ce qu\u2019il voulait. Apr\u00e8s, il y a eu Trevor Leota. Lui, c\u2019\u00e9tait un frigo am\u00e9ricain. Je ne mens pas : des fois, on faisait des m\u00eal\u00e9es au joug, et sa t\u00eate ne rentrait pas. Un mec en or, mais d\u2019une incroyable agressivit\u00e9 : m\u00eame \u00e0 l\u2019entra\u00eenement, il faisait peur. Enfin, je vais citer Ephra\u00efm Taukafa. Talonneur tongien, il arrivait de Lyon. Il \u00e9tait aff\u00fbt\u00e9 terrible, tr\u00e8s agressif mais aussi tr\u00e8s fort techniquement. Il v\u00e9hiculait quelque chose : tu savais que tu pouvais partir \u00e0 la guerre avec lui.<\/p>\n<p class=\" wall-content\">En adversaire, j\u2019ai toujours \u00e9t\u00e9 impressionn\u00e9 par le Tarbais Isoa Domola\u00efla\u00ef. Il faisait 2,06m, le mec \u00e9tait un monstre. OK, il \u00e9tait un peu plus sur la fin, mais en Pro D2, des mecs de ce gabarit-l\u00e0, tu n\u2019en croisais pas tous les jours. Je levais la t\u00eate pour le regarder\u00a0\u00bb.\u00a0<\/p>\n<p>Le match disput\u00e9 sous les pires conditions climatiques<\/p>\n<p class=\" wall-content\">\u00ab\u00a0J\u2019en ai plusieurs. Un \u00e0 Oyonnax, avec encore la piste en terre autour du terrain. On sort pour l\u2019\u00e9chauffement, il faisait -5\u00b0, le terrain avait gel\u00e9, il y avait de la neige tout autour du terrain, les crampons avaient du mal \u00e0 s\u2019enfoncer dans le sol. Yohann Durquet a fini dans un \u00e9norme tas de neige en voulant sauver une touche : il a \u00e9t\u00e9 frigorifi\u00e9 tout le match. Damien Cler, lui, avait jou\u00e9 avec un pull, un K-Way par-dessus, puis son maillot, pour vous dire\u2026<\/p>\n<p class=\" wall-content\">Une fois, nous sommes all\u00e9s \u00e0 Auch, il y avait tellement plu qu\u2019il n\u2019y avait plus d\u2019herbe sur le terrain. Un bain de boue g\u00e9ant, il n\u2019\u00e9tait plus possible de voir les num\u00e9ros sur les maillots. Nous avons gagn\u00e9, mais avec une telle boue coll\u00e9e, nous avancions \u00e0 2km\/h. Terrible\u00a0\u00bb.<\/p>\n<p>Meilleure anecdote d\u2019un avant ou apr\u00e8s-match<\/p>\n<p class=\" wall-content\">\u00ab\u00a0Il y a une coutume de faire quelques bizutages sympas, que ce soit en d\u00e9but de saison ou avant une finale. Avant celle disput\u00e9e contre Pau, \u00e0 plusieurs, nous avons attrap\u00e9 le pr\u00e9parateur physique, Rapha\u00ebl Steyer. Nous l\u2019avons tondu, tagu\u00e9 dans le dos, mis en string avec un magnifique body avec des coquillages. Nous l\u2019avons mis dans le coffre d\u2019une voiture, direction le march\u00e9 de Mont-de-Marsan. C\u2019\u00e9tait la veille de la finale, les gens venaient discuter avec nous, nous encourager, et Rapha\u00ebl, nous l\u2019avons mis sur un chariot \u00e0 fleurs, et nous nous sommes barr\u00e9s. Nous le r\u00e9cup\u00e9rons au bout de 5-6 minutes, et nous l\u2019amenons dans un bar-restaurant pour boire un caf\u00e9. Des journalistes nous ont vus. Rapha\u00ebl a bien rigol\u00e9, mais pas s\u00fbr qu\u2019il a tout appr\u00e9ci\u00e9 (rires).<\/p>\n<p class=\" wall-content\">Sinon, lors de ma 300e avec Mont-de-Marsan, j\u2019ai eu droit \u00e0 une haie d\u2019honneur, et en revenant aux vestiaires, plus d\u2019affaires. Les mecs m\u2019avaient pr\u00e9vu un costume de spartiate, tout en restant en slip et torse nu. Une sortie nocturne a \u00e9t\u00e9 d\u00e9cid\u00e9e, j\u2019ai eu le temps de me changer car je me caillais comme il fallait, et nous sommes partis direction le bar tenu par un de mes cousins. Il a ferm\u00e9 le rideau \u00e0 2h. Nous, nous sommes rest\u00e9s. Quand il a relev\u00e9 le rideau, il \u00e9tait 10h, il faisait grand jour, et avec Julien Tastet, nous sommes partis casser la cro\u00fbte dans un autre bar jusqu\u2019\u00e0 13h. Puis, nous sommes partis chez mon cousin pour le digestif, et nous avons fini dans un \u00e9ni\u00e8me bar jusqu\u2019\u00e0 20h. C\u2019\u00e9tait long, g\u00e9nial, et il m\u2019a fallu quelques jours pour r\u00e9cup\u00e9rer quand m\u00eame\u2026 Mais un grand souvenir\u00a0\u00bb.<\/p>\n<p>Le pire trajet en bus<\/p>\n<p class=\" wall-content\">\u00ab\u00a0Aller \u00e0 Nevers, cela a toujours \u00e9t\u00e9 interminable. J\u2019ai souvenir d\u2019une \u00e9poque o\u00f9 nous sommes all\u00e9s \u00e0 Lyon. \u00c0 la r\u00e9ception, Romain Lauga et Florent Cazeaux avaient piqu\u00e9 des caisses de ros\u00e9 pour les foutre dans le bus. Arriv\u00e9 \u00e0 Toulouse, il tombe en panne. Il \u00e9tait 6h. Tout le monde descend, un bus de Mont-de-Marsan est appel\u00e9 pour venir nous r\u00e9cup\u00e9rer. Bref, pour tuer le temps, certains se sont occup\u00e9s de Jean-Baptiste Dubi\u00e9 : une h\u00e9catombe. Finalement, nous sommes arriv\u00e9s \u00e0 bon port \u00e0 14h. Et ceux qui avaient disput\u00e9 moins de 20 minutes ont d\u00fb rejoindre les Espoirs pour jouer en suivant\u00a0\u00bb.\u00a0<\/p>\n<p>Le plus beau stade ou la plus belle ambiance de Pro D2<\/p>\n<p class=\" wall-content\">\u00ab\u00a0J\u2019ai toujours aim\u00e9 le stade de la M\u00e9diterran\u00e9e \u00e0 B\u00e9ziers. Il est magnifique. Le jour o\u00f9 il sera plein \u00e0 ras bord celui-l\u00e0\u2026 Niveau ambiance, tu as bien s\u00fbr Jean-Dauger, une r\u00e9f\u00e9rence. Mais pas que. Une ann\u00e9e, nous sommes all\u00e9s \u00e0 Mayol \u00e0 Toulon. C\u2019\u00e9tait quelque chose aussi\u00a0\u00bb.\u00a0<\/p>\n<p>      <img   decoding=\"async\" loading=\"lazy\" src=\"https:\/\/www.europesays.com\/fr\/wp-content\/uploads\/2025\/05\/yann-brethous-famille-mont-de-marsan-rugby-960x640.jpg\" alt=\"Yann Brethous, avec sa famille, honor\u00e9 lors de son dernier derby disput\u00e9 contre Dax.\" width=\"960\" height=\"640\"\/><br \/>\n    Yann Brethous, avec sa famille, honor\u00e9 lors de son dernier derby disput\u00e9 contre Dax. (\u00a9Icon Sport)Le joueur qui symbolise le mieux la Pro D2<\/p>\n<p class=\" wall-content\">\u00ab\u00a0Impossible de n\u2019en dire qu\u2019un. Tu as les Chico Fernandez, J\u00e9r\u00f4me Bosviel, Anthony Coletta, Jean-Baptiste Barr\u00e8re, mes potes Yoann Laousse-Azpiazu et Julien Tastet\u2026 Ils symbolisent la Pro D2 de par leur long\u00e9vit\u00e9. Autant de matchs, avoir tr\u00e8s peu chang\u00e9 de club, cela donne le caract\u00e8re de ces mecs de s\u2019investir pour un maillot\u00a0\u00bb.\u00a0<\/p>\n<p>Le co\u00e9quipier perdu de vue que vous aimeriez retrouver<\/p>\n<p class=\" wall-content\">\u00ab\u00a0Je remercie les r\u00e9seaux sociaux et WhatsApp : avec la g\u00e9n\u00e9ration battue par le Racing 92 et qui a gagn\u00e9 contre Pau, nous \u00e9changeons souvent et on se retrouve sur des dates anniversaires. Sinon, j\u2019appr\u00e9ciais beaucoup Patrick Blanco : un pilier venu de Montauban qui ne faisait que des conneries. Un sacr\u00e9 bon vivant. Et puis, Lionel Dargier. Un 2e ligne qui a d\u00fb arr\u00eater sa carri\u00e8re \u00e0 cause d\u2019un probl\u00e8me au c\u0153ur. Tous les joueurs, nous l\u2019avions aid\u00e9 \u00e0 retaper sa maison. Il est parti faire un tour du monde ensuite. J\u2019aimerais bien savoir ce qu\u2019il est devenu.<\/p>\n<p>Le joueur de Pro D2 avec lequel vous avez cr\u00e9\u00e9 la plus belle amiti\u00e9 ?<\/p>\n<p class=\" wall-content\">\u00ab\u00a0Je suis de la g\u00e9n\u00e9ration 89, et nous avons \u00e9t\u00e9 champions de France Crabos ensemble (Delmas, Briscadieu, Dubi\u00e9, Cabannes\u2026). Et sur les 15, une dizaine a jou\u00e9 en Pro en suivant. Nous nous sommes suivis pendant plus de 10 ans avec certains. Juju Tastet, on se conna\u00eet depuis que j\u2019ai 15 ans. Apr\u00e8s, tu as eu Laousse-Azpiazu ou Loustalot qui sont arriv\u00e9s et ont de suite int\u00e9gr\u00e9 notre moule. Cette amiti\u00e9-l\u00e0, elle est forte, et encore plus hors rugby. Nous faisons des bouffes ensemble, des d\u00e9m\u00e9nagements, des moments de convivialit\u00e9. C\u2019est tr\u00e8s, tr\u00e8s fort entre nous\u00a0\u00bb.\u00a0<\/p>\n<p>Plus de 310 matchs de Pro D2, \u00e7a repr\u00e9sente quoi pour vous ?<\/p>\n<p class=\" wall-content\">\u00ab\u00a0J\u2019ai surtout eu la chance de ne quasiment jamais \u00eatre bless\u00e9. Une fois \u00e0 l\u2019\u00e9paule \u00e0 18 ans, et une fracture de l\u2019avant-bras en fin de carri\u00e8re. Cela repr\u00e9sente beaucoup d\u2019heures de bus, d\u2019heures de jeux de cartes \u00e0 me faire engueuler parce que je suis nul\u2026 (rires) La fiert\u00e9, c\u2019est de n\u2019avoir fait qu\u2019un club, de l\u2019avoir bien repr\u00e9sent\u00e9 et d\u2019avoir su conserver la confiance de tous les staffs. Une fois, je sais que j\u2019\u00e9tais sur la sellette, mais on m\u2019a gard\u00e9. Et ce que je retiens aussi, c\u2019est l\u2019amiti\u00e9 que j\u2019ai r\u00e9ussi \u00e0 instaurer avec certains. \u00c7a, \u00e7a restera\u2026\u00a0\u00bb.\u00a0<\/p>\n<p>Et l&rsquo;apr\u00e8s ?<\/p>\n<p>Recordman de matchs disput\u00e9s sous le maillot de Mont-de-Marsan, Yann Brethous a d\u00e9cid\u00e9 d&rsquo;arr\u00eater sa carri\u00e8re professionnelle. Un temps, le 3e ligne avait envisag\u00e9 de monter une cr\u00e8che, mais a mis le projet de c\u00f4t\u00e9. Il s&rsquo;est lanc\u00e9 dans la pr\u00e9paration physique voici 3 ans. \u00ab\u00a0En juillet prochain, je vais m&rsquo;occuper de la pr\u00e9pa physique et muscu des Espoirs et du centre de formation \u00e0 Mont-de-Marsan\u00a0\u00bb, dit-il \u00e0 Actu Rugby.<\/p>\n<p>Yann Brethous va continuer \u00e0 jouer, en R\u00e9gionale 2, du c\u00f4t\u00e9 de Grenade-sur-l&rsquo;Adour, son premier club. \u00ab\u00a0Tous mes cousins sont l\u00e0-bas, ils m&rsquo;ont tann\u00e9 pour venir. J&rsquo;ai aussi envie de retrouver un peu ce rugby amateur avec ces valeurs de clocher que tu perds chez les pros. J&rsquo;ai envie de retrouver cette insouciance, et de boucler la boucle\u00a0\u00bb.<\/p>\n<p class=\" wall-content\">Suivez toute l\u2019actualit\u00e9 de vos villes et m\u00e9dias favoris en vous inscrivant \u00e0 <a href=\"https:\/\/moncompte.actu.fr\" title=\"D\u00e9couvez Mon Actu\" rel=\"nofollow noopener\" data-trk=\"{&quot;cta&quot;:{&quot;action&quot;:&quot;https:\\\/\\\/moncompte.actu.fr&quot;,&quot;category&quot;:&quot;mon compte&quot;,&quot;from&quot;:&quot;article footer&quot;,&quot;name&quot;:&quot;Mon actu&quot;,&quot;type&quot;:&quot;cta&quot;}}\" target=\"_blank\">Mon Actu<\/a>.<\/p>\n","protected":false},"excerpt":{"rendered":"Par Cl\u00e9ment Mazella Publi\u00e9 le 15 mai 2025 \u00e0 20h12 Yann Brethous est un rugbyman rare. Le 3e&hellip;\n","protected":false},"author":2,"featured_media":103041,"comment_status":"","ping_status":"","sticky":false,"template":"","format":"standard","meta":{"footnotes":""},"categories":[1416],"tags":[1011,27,2308,479,1468,60],"class_list":{"0":"post-103040","1":"post","2":"type-post","3":"status-publish","4":"format-standard","5":"has-post-thumbnail","7":"category-rugby","8":"tag-fr","9":"tag-france","10":"tag-pro-d2","11":"tag-rugby","12":"tag-rugby-football","13":"tag-sports"},"share_on_mastodon":{"url":"https:\/\/pubeurope.com\/@fr\/114514392806785990","error":""},"_links":{"self":[{"href":"https:\/\/www.europesays.com\/fr\/wp-json\/wp\/v2\/posts\/103040","targetHints":{"allow":["GET"]}}],"collection":[{"href":"https:\/\/www.europesays.com\/fr\/wp-json\/wp\/v2\/posts"}],"about":[{"href":"https:\/\/www.europesays.com\/fr\/wp-json\/wp\/v2\/types\/post"}],"author":[{"embeddable":true,"href":"https:\/\/www.europesays.com\/fr\/wp-json\/wp\/v2\/users\/2"}],"replies":[{"embeddable":true,"href":"https:\/\/www.europesays.com\/fr\/wp-json\/wp\/v2\/comments?post=103040"}],"version-history":[{"count":0,"href":"https:\/\/www.europesays.com\/fr\/wp-json\/wp\/v2\/posts\/103040\/revisions"}],"wp:featuredmedia":[{"embeddable":true,"href":"https:\/\/www.europesays.com\/fr\/wp-json\/wp\/v2\/media\/103041"}],"wp:attachment":[{"href":"https:\/\/www.europesays.com\/fr\/wp-json\/wp\/v2\/media?parent=103040"}],"wp:term":[{"taxonomy":"category","embeddable":true,"href":"https:\/\/www.europesays.com\/fr\/wp-json\/wp\/v2\/categories?post=103040"},{"taxonomy":"post_tag","embeddable":true,"href":"https:\/\/www.europesays.com\/fr\/wp-json\/wp\/v2\/tags?post=103040"}],"curies":[{"name":"wp","href":"https:\/\/api.w.org\/{rel}","templated":true}]}}