{"id":103042,"date":"2025-05-15T23:15:09","date_gmt":"2025-05-15T23:15:09","guid":{"rendered":"https:\/\/www.europesays.com\/fr\/103042\/"},"modified":"2025-05-15T23:15:09","modified_gmt":"2025-05-15T23:15:09","slug":"sinner-en-demonstration-paolini-en-finale-litalie-en-fete-a-rome","status":"publish","type":"post","link":"https:\/\/www.europesays.com\/fr\/103042\/","title":{"rendered":"Sinner en d\u00e9monstration, Paolini en finale, l&rsquo;Italie en f\u00eate \u00e0 Rome"},"content":{"rendered":"<p>Le tennis italien est au septi\u00e8me ciel \u00e0 Rome: son h\u00e9ros Jannik Sinner, irr\u00e9sistible, a donn\u00e9 une le\u00e7on \u00e0 Casper Ruud en quarts de finale jeudi et Jasmine Paolini s&rsquo;est hiss\u00e9e en finale, un premi\u00e8re pour une Italienne depuis 2014.<\/p>\n<p>Sur le toit du monde gr\u00e2ce aux succ\u00e8s de ses \u00e9quipes nationales l&rsquo;automne dernier dans la Billie Jean King Cup (ex-Fed Cup) et en Coupe Davis, l&rsquo;Italie attend, depuis 1985 pour les femmes et depuis 1976 pour les hommes, qu&rsquo;un de ses repr\u00e9sentants remporte enfin \u00ab\u00a0ses\u00a0\u00bb Internationaux.<\/p>\n<p>Elle touche peut-\u00eatre au but avec trois atouts de choix pour mettre fin \u00e0 cette disette, Sinner et Lorenzo Musetti (9e mondial) dans le dernier carr\u00e9, et Paolini en finale. L&rsquo;Italie peut m\u00eame r\u00eaver \u00e0 un double triomphe la m\u00eame ann\u00e9e, in\u00e9dit, \u00ab\u00a0a casa\u00a0\u00bb.<\/p>\n<p>Confront\u00e9 \u00e0 son premier joueur du Top 10 mondial depuis son retour \u00e0 la comp\u00e9tition, Sinner n&rsquo;a pas fait de d\u00e9tails contre Ruud. Il a \u00e9coeur\u00e9 et essor\u00e9 6-0, 6-1 le N.7 mondial, pourtant r\u00e9cent vainqueur du Masters 1000 de Madrid et double finaliste \u00e0 Roland-Garros (2022, 2023).<\/p>\n<p>L&rsquo;Italien, comme transfigur\u00e9 par sa rencontre avec le nouveau pape Leon XIV mercredi au Vatican, n&rsquo;a laiss\u00e9 \u00e0 Ruud que sept petits points dans un premier set boucl\u00e9 en 27 minutes dans un Campo centrale partag\u00e9 entre admiration et incr\u00e9dulit\u00e9, tant le N.1 mondial semblait sur son nuage.<\/p>\n<p>&#8211; \u00ab\u00a0Comme jouer contre un mur\u00a0\u00bb &#8211;<\/p>\n<p>Break\u00e9 d&rsquo;entr\u00e9e dans le second set, Ruud a fini par remporter un jeu qu&rsquo;il a f\u00eat\u00e9 en levant les bras, pour revenir \u00e0 2-1.<\/p>\n<p>\u00ab\u00a0Il \u00e9tait partout (&#8230;) C&rsquo;\u00e9tait comme jouer contre un mur qui me renvoyait des balles \u00e0 plus de 100 km\/h \u00e0 chaque fois\u00a0\u00bb, a admir\u00e9 le Norv\u00e9gien.<\/p>\n<p>Mais la machine Sinner, de retour d&rsquo;une suspension de trois mois pour deux contr\u00f4les antidopage positifs \u00e0 un anabolisant via une contamination accidentelle, a repris son d\u00e9monstration et a conclu son festival en un peu plus d&rsquo;une heure de jeu (1h03).<\/p>\n<p>\u00ab\u00a0Je suis ici pour comprendre o\u00f9 j&rsquo;en suis, pour savoir ce que je peux faire (&#8230;) pour le moment, je ne me concentre pas sur les r\u00e9sultats\u00a0\u00bb, a-t-il assur\u00e9.<\/p>\n<p>Son prochain adversaire, l&rsquo;Am\u00e9ricain Tommy Paul (12e mondial), a du souci \u00e0 se faire: il s&rsquo;est certes qualifi\u00e9 pour la deuxi\u00e8me ann\u00e9e cons\u00e9cutive pour le dernier carr\u00e9 \u00e0 Rome en dominant le Polonais Hubert Hurkacz (31e) 7-6 (7\/4), 6-3, mais il ne semble pas avoir les \u00e9paules assez large pour contrarier Sinner.<\/p>\n<p>&#8211; Deux Italiens dans le dernier carr\u00e9 &#8211;<\/p>\n<p>Avec Musetti qui sera oppos\u00e9 lui \u00e0 l&rsquo;Espagnol Carlos Alcaraz (3e), Sinner, 23 ans, a d\u00e9j\u00e0 \u00e9crit un nouvelle page de l&rsquo;histoire du tennis italien: c&rsquo;est la premi\u00e8re fois depuis le d\u00e9but de l&rsquo;\u00e8re Open (1968) que deux Italiens sont en demi-finales \u00e0 Rome, la premi\u00e8re fois aussi qu&rsquo;il y a deux Italiens demi-finalistes d&rsquo;un m\u00eame Masters 1000 depuis la cr\u00e9ation de cette cat\u00e9gorie en 1990.<\/p>\n<p>Paolini a \u00e9t\u00e9 men\u00e9e 4-1 par la surprise am\u00e9ricaine, Peyton Stearns (42e) en pleine confiance apr\u00e8s avoir notamment \u00e9limin\u00e9 sa compatriote Madison Keys, la Japonaise Naomi Osaka et l&rsquo;Ukrainienne Elina Svitolina.<\/p>\n<p>Mais pouss\u00e9e par le public romain, l&rsquo;Italienne, N.5 mondiale, n&rsquo;a plus laiss\u00e9 que deux jeux \u00e0 son adversaire pour s&rsquo;imposer 7-5, 6-1.<\/p>\n<p>\u00ab\u00a0Si on m&rsquo;avait dit il y a deux ans ou m\u00eame il y a un an qu&rsquo;un jour je serai en finale ici, je ne l&rsquo;aurais pas cru\u00a0\u00bb, a-t-elle souri.<\/p>\n<p>Samedi, la finaliste \u00e0 Roland-Garros et Wimbledon en 2024 sera oppos\u00e9e pour le titre \u00e0 l&rsquo;Am\u00e9ricaine Coco Gauff, 3e mondiale, qui est venue \u00e0 bout apr\u00e8s 3h32 de jeu de la Chinoise Zheng Qinwen, 8e mondiale et championne olympique 2024 7-6 (7\/3), 4-6, 7-6 (7\/4).<\/p>\n<p>Paolini, 29 ans, est la premi\u00e8re Italienne en finale au Foro Italico depuis onze ans et le parcours de Sara Errani, sa partenaire de double.<\/p>\n<p>Errani, pr\u00e9sente dans la box de Paolini jeudi, s&rsquo;\u00e9tait ensuite lourdement inclin\u00e9e en finale face \u00e0 l&rsquo;Am\u00e9ricaine Serena Williams.<\/p>\n<p>jr\/cyj<\/p>\n","protected":false},"excerpt":{"rendered":"Le tennis italien est au septi\u00e8me ciel \u00e0 Rome: son h\u00e9ros Jannik Sinner, irr\u00e9sistible, a donn\u00e9 une le\u00e7on&hellip;\n","protected":false},"author":2,"featured_media":103043,"comment_status":"","ping_status":"","sticky":false,"template":"","format":"standard","meta":{"footnotes":""},"categories":[1415],"tags":[15536,2396,1011,27,20859,20860,19896,15136,60,1467],"class_list":{"0":"post-103042","1":"post","2":"type-post","3":"status-publish","4":"format-standard","5":"has-post-thumbnail","7":"category-tennis","8":"tag-casper-ruud","9":"tag-finale","10":"tag-fr","11":"tag-france","12":"tag-jannik-sinner","13":"tag-jasmine-paolini","14":"tag-lorenzo-musetti","15":"tag-peyton-stearns","16":"tag-sports","17":"tag-tennis"},"share_on_mastodon":{"url":"https:\/\/pubeurope.com\/@fr\/114514396640805321","error":""},"_links":{"self":[{"href":"https:\/\/www.europesays.com\/fr\/wp-json\/wp\/v2\/posts\/103042","targetHints":{"allow":["GET"]}}],"collection":[{"href":"https:\/\/www.europesays.com\/fr\/wp-json\/wp\/v2\/posts"}],"about":[{"href":"https:\/\/www.europesays.com\/fr\/wp-json\/wp\/v2\/types\/post"}],"author":[{"embeddable":true,"href":"https:\/\/www.europesays.com\/fr\/wp-json\/wp\/v2\/users\/2"}],"replies":[{"embeddable":true,"href":"https:\/\/www.europesays.com\/fr\/wp-json\/wp\/v2\/comments?post=103042"}],"version-history":[{"count":0,"href":"https:\/\/www.europesays.com\/fr\/wp-json\/wp\/v2\/posts\/103042\/revisions"}],"wp:featuredmedia":[{"embeddable":true,"href":"https:\/\/www.europesays.com\/fr\/wp-json\/wp\/v2\/media\/103043"}],"wp:attachment":[{"href":"https:\/\/www.europesays.com\/fr\/wp-json\/wp\/v2\/media?parent=103042"}],"wp:term":[{"taxonomy":"category","embeddable":true,"href":"https:\/\/www.europesays.com\/fr\/wp-json\/wp\/v2\/categories?post=103042"},{"taxonomy":"post_tag","embeddable":true,"href":"https:\/\/www.europesays.com\/fr\/wp-json\/wp\/v2\/tags?post=103042"}],"curies":[{"name":"wp","href":"https:\/\/api.w.org\/{rel}","templated":true}]}}