{"id":103054,"date":"2025-05-15T23:23:10","date_gmt":"2025-05-15T23:23:10","guid":{"rendered":"https:\/\/www.europesays.com\/fr\/103054\/"},"modified":"2025-05-15T23:23:10","modified_gmt":"2025-05-15T23:23:10","slug":"pathetique-decouvrez-le-premier-roman-de-alex-miciu","status":"publish","type":"post","link":"https:\/\/www.europesays.com\/fr\/103054\/","title":{"rendered":"\u00ab\u00a0Path\u00e9tique\u00a0\u00bb, d\u00e9couvrez le premier roman de Alex Miciu"},"content":{"rendered":"<p><img loading=\"lazy\" decoding=\"async\" id=\"vmuikit-js-display-info\" class=\"float-start\" style=\"margin-left: 10px; margin-right: 10px; float: left;\" src=\"https:\/\/www.europesays.com\/fr\/wp-content\/uploads\/2025\/05\/ebook-lesbien-trans-bio-pdf-epub.jpg\" title=\"ebook-lesbien-trans-bio-pdf-epub image\" alt=\"Ebook Lesbien Trans Bio Pdf Epub\" width=\"350\" height=\"796\"\/><\/p>\n<p data-pm-slice=\"0 0 []\">Sur un air de Beethoven, Alex Miciu vous propose de d\u00e9couvrir la rencontre tumultueuse entre ses deux h\u00e9ro\u00efnes li\u00e9es par le fil rouge du destin. M\u00eame si les p\u00e9rip\u00e9ties cherchent \u00e0 les s\u00e9parer, elles finiront toujours par se retrouver.<\/p>\n<p>R\u00e9sum\u00e9 de l&rsquo;ouvrage<\/p>\n<p style=\"text-align: justify;\">Une vie simple. Une vie ennuyeuse. Une vie path\u00e9tique.<\/p>\n<p style=\"text-align: justify;\">Mia ne trouve pas de sens \u00e0 sa vie. Depuis longtemps, elle ressent un vide dans la poitrine comme s\u2019il y manquait quelque chose. Pourtant, elle a des amis, une famille aimante, des centres d\u2019int\u00e9r\u00eat. Que peut-elle faire pour combler ce manque ?<\/p>\n<p style=\"text-align: justify;\">Sa rencontre avec cette danseuse sensuelle sur un air de Beethoven a boulevers\u00e9 le cours de sa vie. Pour une raison inconnue, elle se met \u00e0 revivre inlassablement la m\u00eame journ\u00e9e o\u00f9 chaque action peut influer sur les \u00e9v\u00e9nements \u00e0 venir.<\/p>\n<p style=\"text-align: justify;\">Une histoire de meurtre. Faut-il r\u00e9soudre ses myst\u00e8res pour sortir de cette boucle temporelle ? Et cette danseuse, pourquoi Mia ressent-elle ce besoin irr\u00e9pressible de lui parler, de prolonger leurs \u00e9changes, de ne jamais la quitter ? Pour le comprendre, il faudra lire entre les lignes&#8230;<\/p>\n<p>Pour commander<\/p>\n<p>Tropes et th\u00e8mes<\/p>\n<ol>&#13;<\/p>\n<li data-pm-slice=\"0 0 []\">Premier amour<\/li>\n<p>&#13;<\/p>\n<li data-pm-slice=\"0 0 []\">\u00a0Rencontre inattendue<\/li>\n<p>&#13;<\/p>\n<li data-pm-slice=\"0 0 []\">Unique et v\u00e9ritable amour<\/li>\n<p>&#13;<\/p>\n<li data-pm-slice=\"0 0 []\">Sauvetage<\/li>\n<p>&#13;<\/p>\n<li data-pm-slice=\"0 0 []\">Pass\u00e9s Troubl\u00e9s<\/li>\n<p>&#13;<\/p>\n<li data-pm-slice=\"0 0 []\">Le pouvoir de la musique<\/li>\n<p>&#13;<\/p>\n<li data-pm-slice=\"0 0 []\">\u00a0Boucles temporelles<\/li>\n<p>&#13;\n<\/ol>\n","protected":false},"excerpt":{"rendered":"Sur un air de Beethoven, Alex Miciu vous propose de d\u00e9couvrir la rencontre tumultueuse entre ses deux h\u00e9ro\u00efnes&hellip;\n","protected":false},"author":2,"featured_media":103055,"comment_status":"","ping_status":"","sticky":false,"template":"","format":"standard","meta":{"footnotes":""},"categories":[1357],"tags":[21934,1379,58,59,1011,27,1380,21935,21933],"class_list":{"0":"post-103054","1":"post","2":"type-post","3":"status-publish","4":"format-standard","5":"has-post-thumbnail","7":"category-livres","8":"tag-alex","9":"tag-books","10":"tag-divertissement","11":"tag-entertainment","12":"tag-fr","13":"tag-france","14":"tag-livres","15":"tag-miciu","16":"tag-pathetique"},"share_on_mastodon":{"url":"https:\/\/pubeurope.com\/@fr\/114514428297031608","error":""},"_links":{"self":[{"href":"https:\/\/www.europesays.com\/fr\/wp-json\/wp\/v2\/posts\/103054","targetHints":{"allow":["GET"]}}],"collection":[{"href":"https:\/\/www.europesays.com\/fr\/wp-json\/wp\/v2\/posts"}],"about":[{"href":"https:\/\/www.europesays.com\/fr\/wp-json\/wp\/v2\/types\/post"}],"author":[{"embeddable":true,"href":"https:\/\/www.europesays.com\/fr\/wp-json\/wp\/v2\/users\/2"}],"replies":[{"embeddable":true,"href":"https:\/\/www.europesays.com\/fr\/wp-json\/wp\/v2\/comments?post=103054"}],"version-history":[{"count":0,"href":"https:\/\/www.europesays.com\/fr\/wp-json\/wp\/v2\/posts\/103054\/revisions"}],"wp:featuredmedia":[{"embeddable":true,"href":"https:\/\/www.europesays.com\/fr\/wp-json\/wp\/v2\/media\/103055"}],"wp:attachment":[{"href":"https:\/\/www.europesays.com\/fr\/wp-json\/wp\/v2\/media?parent=103054"}],"wp:term":[{"taxonomy":"category","embeddable":true,"href":"https:\/\/www.europesays.com\/fr\/wp-json\/wp\/v2\/categories?post=103054"},{"taxonomy":"post_tag","embeddable":true,"href":"https:\/\/www.europesays.com\/fr\/wp-json\/wp\/v2\/tags?post=103054"}],"curies":[{"name":"wp","href":"https:\/\/api.w.org\/{rel}","templated":true}]}}