{"id":10307,"date":"2025-04-08T13:30:20","date_gmt":"2025-04-08T13:30:20","guid":{"rendered":"https:\/\/www.europesays.com\/fr\/10307\/"},"modified":"2025-04-08T13:30:20","modified_gmt":"2025-04-08T13:30:20","slug":"indicold-renforce-sa-presence-en-france-avec-un-corner-au-printemps-haussmann","status":"publish","type":"post","link":"https:\/\/www.europesays.com\/fr\/10307\/","title":{"rendered":"Indi&#038;Cold renforce sa pr\u00e9sence en France avec un corner au Printemps Haussmann"},"content":{"rendered":"<p>\n                                        <b>Traduit par<\/b><br \/>\n                                        <br \/>Cl\u00e9mentine Martin\n                                    <\/p>\n<p>\n                                    <b>Publi\u00e9 le<\/b><br \/>\n                                    <\/p>\n<p>                                        8 avril 2025<\/p>\n<p class=\"article-content col-md-8 offset-md-1\">\n                                La marque espagnole de mode f\u00e9minine Indi&amp;Cold renforce sa pr\u00e9sence sur le march\u00e9 fran\u00e7ais avec l\u2019ouverture d\u2019un corner au <a class=\"fnwAddLinks\" href=\"https:\/\/fr.fashionnetwork.com\/tags-printemps\" title=\"Printemps\" target=\"_blank\" rel=\"noopener\">Printemps<\/a> Haussmann. L\u2019enseigne sera \u00e9galement distribu\u00e9e dans le secteur multimarques du Printemps V\u00e9lizy-Villacoublay et fera son entr\u00e9e dans les grands magasins de Toulon et Terrasses du Port, \u00e0 Marseille, d\u00e8s la saison prochaine.<\/p>\n<p><img decoding=\"async\" class=\"news-image\" style=\"width:100%;max-width:726px;\" src=\"https:\/\/www.europesays.com\/fr\/wp-content\/uploads\/2025\/04\/8153.jpg\" alt=\"Corner d\u2019Indi&amp;Cold au Printemps Haussmann, \u00e0 Paris\" loading=\"lazy\"\/>Corner d\u2019Indi&amp;Cold au Printemps Haussmann, \u00e0 Paris &#8211; Indi&amp;Cold<\/p>\n<p>L\u2019enseigne, originaire de San <a class=\"fnwAddLinks\" href=\"https:\/\/fr.fashionnetwork.com\/tags-sebastian\" title=\"Sebastian\" target=\"_blank\" rel=\"noopener\">Sebastian<\/a>, a pris cette d\u00e9cision suite aux bonnes performances de ses produits sur le site de vente en ligne Place des Tendances. \u00ab\u00a0Le groupe Printemps nous a propos\u00e9 de faire partie de sa s\u00e9lection en boutiques physiques\u00a0\u00bb, r\u00e9v\u00e8le la marque.<\/p>\n<p>Le corner d\u2019Indi&amp;Cold au Printemps refl\u00e8te son identit\u00e9 \u00e0 travers un design \u00e9pur\u00e9, un recours aux mati\u00e8res naturelles et une mise en valeur des produits. \u00ab\u00a0Notre pr\u00e9sence au Printemps renforce notre lien avec le march\u00e9 fran\u00e7ais, l\u2019un des plus importants pour notre croissance \u00e0 l\u2019\u00e9tranger depuis ses d\u00e9buts\u00a0\u00bb, rappelle le label.<\/p>\n<p class=\"col-md-8 offset-md-1 article-content--texte\">Indi&amp;Cold, qui revendique un chiffre d&rsquo;affaires global de 26 millions d&rsquo;euros en 2024, est actuellement distribu\u00e9e par plus de 900 points de vente multimarques dans le monde entier, en Europe, en Am\u00e9rique latine, au Japon, en Australie, \u00e0 Ta\u00efwan, \u00e0 Hong Kong, au Canada et aux \u00c9tats-Unis. La griffe poss\u00e8de 21 boutiques propres en Espagne et dispose \u00e9galement d\u2019une boutique en ligne.\n                            <\/p>\n<p>\n                                Tous droits de reproduction et de repr\u00e9sentation r\u00e9serv\u00e9s.<br \/>\u00a9 2025 FashionNetwork.com\n                            <\/p>\n","protected":false},"excerpt":{"rendered":"Traduit par Cl\u00e9mentine Martin Publi\u00e9 le 8 avril 2025 La marque espagnole de mode f\u00e9minine Indi&amp;Cold renforce sa&hellip;\n","protected":false},"author":2,"featured_media":10308,"comment_status":"","ping_status":"","sticky":false,"template":"","format":"standard","meta":{"footnotes":""},"categories":[4],"tags":[11,2424,537,2423,1011,27,2425,985,12,2298,4767,2426,2427,25,2421,5034,2422],"class_list":{"0":"post-10307","1":"post","2":"type-post","3":"status-publish","4":"format-standard","5":"has-post-thumbnail","7":"category-france","8":"tag-actualites","9":"tag-beaute","10":"tag-contact","11":"tag-cosmetiques","12":"tag-fr","13":"tag-france","14":"tag-luxe","15":"tag-mode","16":"tag-news","17":"tag-parfum","18":"tag-printemps","19":"tag-professionnel","20":"tag-professionnels","21":"tag-republique-francaise","22":"tag-reseau","23":"tag-sebastian","24":"tag-textile"},"share_on_mastodon":{"url":"https:\/\/pubeurope.com\/@fr\/114302590873979350","error":""},"_links":{"self":[{"href":"https:\/\/www.europesays.com\/fr\/wp-json\/wp\/v2\/posts\/10307","targetHints":{"allow":["GET"]}}],"collection":[{"href":"https:\/\/www.europesays.com\/fr\/wp-json\/wp\/v2\/posts"}],"about":[{"href":"https:\/\/www.europesays.com\/fr\/wp-json\/wp\/v2\/types\/post"}],"author":[{"embeddable":true,"href":"https:\/\/www.europesays.com\/fr\/wp-json\/wp\/v2\/users\/2"}],"replies":[{"embeddable":true,"href":"https:\/\/www.europesays.com\/fr\/wp-json\/wp\/v2\/comments?post=10307"}],"version-history":[{"count":0,"href":"https:\/\/www.europesays.com\/fr\/wp-json\/wp\/v2\/posts\/10307\/revisions"}],"wp:featuredmedia":[{"embeddable":true,"href":"https:\/\/www.europesays.com\/fr\/wp-json\/wp\/v2\/media\/10308"}],"wp:attachment":[{"href":"https:\/\/www.europesays.com\/fr\/wp-json\/wp\/v2\/media?parent=10307"}],"wp:term":[{"taxonomy":"category","embeddable":true,"href":"https:\/\/www.europesays.com\/fr\/wp-json\/wp\/v2\/categories?post=10307"},{"taxonomy":"post_tag","embeddable":true,"href":"https:\/\/www.europesays.com\/fr\/wp-json\/wp\/v2\/tags?post=10307"}],"curies":[{"name":"wp","href":"https:\/\/api.w.org\/{rel}","templated":true}]}}