{"id":103072,"date":"2025-05-15T23:32:10","date_gmt":"2025-05-15T23:32:10","guid":{"rendered":"https:\/\/www.europesays.com\/fr\/103072\/"},"modified":"2025-05-15T23:32:10","modified_gmt":"2025-05-15T23:32:10","slug":"donald-trump-se-moque-de-la-france-apres-la-commemoration-du-8-mai-1945-liberation","status":"publish","type":"post","link":"https:\/\/www.europesays.com\/fr\/103072\/","title":{"rendered":"Donald Trump se moque de la France apr\u00e8s la comm\u00e9moration du 8\u00a0mai 1945 \u2013 Lib\u00e9ration"},"content":{"rendered":"<p class=\"sc-ksZaOG ehjQrN text-element\">Sans l\u2019intervention des Etats-Unis, les pays d\u2019Europe parleraient allemand. Depuis la base militaire am\u00e9ricaine d\u2019al-Uleid au Qatar, jeudi 15 mai, Donald Trump a rappel\u00e9 le r\u00f4le fondamental des Etats-Unis dans la victoire des Alli\u00e9s sur les nazis. Le tout \u00e0 sa mani\u00e8re, c\u2019est-\u00e0-dire en brocardant un pays tiers, en l\u2019occurrence la France, dont il s\u2019est moqu\u00e9 pour sa c\u00e9l\u00e9bration du 8 mai. \u00abNous aimons la France, n\u2019est-ce pas ? Mais je pense que nous avons fait un peu plus pour gagner la guerre que la France\u00bb, a lanc\u00e9 le pr\u00e9sident am\u00e9ricain <a href=\"https:\/\/www.liberation.fr\/international\/amerique\/tournee-de-trump-au-moyen-orient-le-president-americain-se-voit-deja-en-roi-du-big-deal-20250513_F4XL6UQYJRAFPDTENLEKPJUYZY\/\" target=\"_blank\" rel=\"noreferrer nofollow noopener\" title=\"https:\/\/www.liberation.fr\/international\/amerique\/tournee-de-trump-au-moyen-orient-le-president-americain-se-voit-deja-en-roi-du-big-deal-20250513_F4XL6UQYJRAFPDTENLEKPJUYZY\/\">devant ses troupes<\/a> lors d\u2019une digression sur le fait que, selon lui, les Etats-Unis ne c\u00e9l\u00e8brent pas assez leur r\u00f4le crucial lors de la Seconde Guerre mondiale.<\/p>\n<p class=\"sc-ksZaOG ehjQrN text-element\">\u00abVous savez, je ne veux pas \u00eatre un type pr\u00e9tentieux, mais quand Hitler a fait son discours \u00e0 la Tour Eiffel, je dirais que ce n\u2019\u00e9tait pas exactement id\u00e9al\u00bb, a-t-il dit, provoquant des rires parmi les troupes am\u00e9ricaines, en r\u00e9f\u00e9rence \u00e0 l\u2019invasion du territoire par les troupes nazies en 1940 et l\u2019effondrement de l\u2019arm\u00e9e fran\u00e7aise. Evoquant ces comm\u00e9morations du 8 mai, il a ajout\u00e9 : \u00abJ\u2019ai appel\u00e9 le pr\u00e9sident Macron, un bon gars, d\u2019ailleurs.\u00bb Avant d\u2019imiter le chef de l\u2019Etat fran\u00e7ais, avec une pointe d\u2019accent : \u00abDonald, nous sommes en train de c\u00e9l\u00e9brer notre victoire sur les Allemands.\u00bb Et Donald Trump de s\u2019esclaffer : \u00abC\u2019est merveilleux.\u00bb<\/p>\n<blockquote class=\"twitter-tweet\">\n<p lang=\"fr\" dir=\"ltr\">\ud83d\udcac \u00ab\u00a0Nous avons fait un peu plus que la France pour gagner la Guerre\u00a0\u00bb<\/p>\n<p>Donald Trump tacle la France et le pr\u00e9sident Emmanuel Macron sur la comm\u00e9moration de la Victoire du 8 mai 1945 <a href=\"https:\/\/twitter.com\/hashtag\/BFM2?src=hash&amp;ref_src=twsrc%5Etfw\" rel=\"nofollow noopener\" target=\"_blank\">#BFM2<\/a> <a href=\"https:\/\/t.co\/jUdcYdhPqp\" rel=\"nofollow\">pic.twitter.com\/jUdcYdhPqp<\/a><\/p>\n<p>\u2014 BFMTV (@BFMTV) <a href=\"https:\/\/twitter.com\/BFMTV\/status\/1922959588166365359?ref_src=twsrc%5Etfw\" rel=\"nofollow noopener\" target=\"_blank\">May 15, 2025<\/a><\/p><\/blockquote>\n<p class=\"sc-ksZaOG ehjQrN text-element\">\u00abNous avons gagn\u00e9 la guerre, et ils ont aid\u00e9. Mais sans nous, ils ne gagnaient pas la guerre\u00bb, a-t-il dit, en r\u00e9f\u00e9rence \u00e0 tous les pays d\u2019Europe qui c\u00e9l\u00e8brent la victoire du 8 mai 1945, et le 9 mai pour la Russie, h\u00e9riti\u00e8re de l\u2019URSS. \u00abNous avons gagn\u00e9 la guerre, et nous sommes les seuls \u00e0 ne pas le c\u00e9l\u00e9brer\u00bb, a-t-il dit, avant de r\u00e9p\u00e9ter qu\u2019il voulait instaurer un jour f\u00e9ri\u00e9 pour comm\u00e9morer cette victoire.<\/p>\n<p class=\"sc-ksZaOG ehjQrN text-element\">D\u00e9but mai, il avait fait des commentaires similaires, minimisant l\u00e0 encore le r\u00f4le des pays europ\u00e9ens, et singuli\u00e8rement celui de l\u2019URSS, qui avait commenc\u00e9 \u00e0 faire reculer les troupes nazies d\u00e9but 1943. Les Etats-Unis ont jou\u00e9 un r\u00f4le crucial dans la guerre, \u00e0 commencer par la fourniture d\u2019aide aux Alli\u00e9s, avant d\u2019entrer dans le conflit apr\u00e8s avoir \u00e9t\u00e9 directement attaqu\u00e9s par le Japon \u00e0 Pearl Harbor (Hawa\u00ef) le 7 d\u00e9cembre 1941. Le moment embl\u00e9matique de leur intervention en Europe est le d\u00e9barquement de Normandie, le 6 juin 1944.<\/p>\n<p class=\"sc-ksZaOG ehjQrN text-element\">Selon <a href=\"https:\/\/www.nationalww2museum.org\/students-teachers\/student-resources\/research-starters\/research-starters-worldwide-deaths-world-war\" target=\"_blank\" rel=\"noreferrer nofollow noopener\" title=\"https:\/\/www.nationalww2museum.org\/students-teachers\/student-resources\/research-starters\/research-starters-worldwide-deaths-world-war\">les chiffres<\/a> du mus\u00e9e national am\u00e9ricain de la Seconde Guerre mondiale, les Etats-Unis ont perdu 416 800 militaires lors du conflit, pr\u00e8s de deux fois plus que la France (217 600) mais nettement moins que l\u2019URSS, dont les pertes sont situ\u00e9es entre 8,8 et 10,7 millions de soldats.<\/p>\n<p><script async src=\"https:\/\/platform.twitter.com\/widgets.js\" charset=\"utf-8\"><\/script><\/p>\n","protected":false},"excerpt":{"rendered":"Sans l\u2019intervention des Etats-Unis, les pays d\u2019Europe parleraient allemand. Depuis la base militaire am\u00e9ricaine d\u2019al-Uleid au Qatar, jeudi&hellip;\n","protected":false},"author":2,"featured_media":103073,"comment_status":"","ping_status":"","sticky":false,"template":"","format":"standard","meta":{"footnotes":""},"categories":[5],"tags":[11,75,1073,1011,27,14,12,28],"class_list":{"0":"post-103072","1":"post","2":"type-post","3":"status-publish","4":"format-standard","5":"has-post-thumbnail","7":"category-international","8":"tag-actualites","9":"tag-donald-trump","10":"tag-emmanuel-macron","11":"tag-fr","12":"tag-france","13":"tag-international","14":"tag-news","15":"tag-world"},"share_on_mastodon":{"url":"https:\/\/pubeurope.com\/@fr\/114514463613218353","error":""},"_links":{"self":[{"href":"https:\/\/www.europesays.com\/fr\/wp-json\/wp\/v2\/posts\/103072","targetHints":{"allow":["GET"]}}],"collection":[{"href":"https:\/\/www.europesays.com\/fr\/wp-json\/wp\/v2\/posts"}],"about":[{"href":"https:\/\/www.europesays.com\/fr\/wp-json\/wp\/v2\/types\/post"}],"author":[{"embeddable":true,"href":"https:\/\/www.europesays.com\/fr\/wp-json\/wp\/v2\/users\/2"}],"replies":[{"embeddable":true,"href":"https:\/\/www.europesays.com\/fr\/wp-json\/wp\/v2\/comments?post=103072"}],"version-history":[{"count":0,"href":"https:\/\/www.europesays.com\/fr\/wp-json\/wp\/v2\/posts\/103072\/revisions"}],"wp:featuredmedia":[{"embeddable":true,"href":"https:\/\/www.europesays.com\/fr\/wp-json\/wp\/v2\/media\/103073"}],"wp:attachment":[{"href":"https:\/\/www.europesays.com\/fr\/wp-json\/wp\/v2\/media?parent=103072"}],"wp:term":[{"taxonomy":"category","embeddable":true,"href":"https:\/\/www.europesays.com\/fr\/wp-json\/wp\/v2\/categories?post=103072"},{"taxonomy":"post_tag","embeddable":true,"href":"https:\/\/www.europesays.com\/fr\/wp-json\/wp\/v2\/tags?post=103072"}],"curies":[{"name":"wp","href":"https:\/\/api.w.org\/{rel}","templated":true}]}}