{"id":103076,"date":"2025-05-15T23:34:09","date_gmt":"2025-05-15T23:34:09","guid":{"rendered":"https:\/\/www.europesays.com\/fr\/103076\/"},"modified":"2025-05-15T23:34:09","modified_gmt":"2025-05-15T23:34:09","slug":"une-voiture-fonce-dans-la-foule-avant-le-derby-de-barcelone-entre-lespanyol-et-le-barca-13-blesses","status":"publish","type":"post","link":"https:\/\/www.europesays.com\/fr\/103076\/","title":{"rendered":"une voiture fonce dans la foule avant le derby de Barcelone entre l\u2019Espanyol et le Bar\u00e7a, 13 bless\u00e9s"},"content":{"rendered":"<p>Une voiture a fonc\u00e9 dans la foule aux abords du stade de Barcelone o\u00f9 se d\u00e9roule ce jeudi le match entre l\u2019Espanyol et le Bar\u00e7a.<\/p>\n<p class=\"fig-paragraph\">Un incident choquant ce jeudi \u00e0 l\u2019occasion du derby entre l\u2019Espanyol et le FC Barcelone. Une voiture a percut\u00e9 des spectateurs faisant plusieurs bless\u00e9s, comme le confirment plusieurs vid\u00e9os circulant sur les r\u00e9seaux sociaux. Selon le quotidien sportif espagnol Mundo Deportivo, les personnes qui ont \u00e9t\u00e9 percut\u00e9es \u00e9taient des supporters de l\u2019Espanyol qui attendaient l\u2019arriv\u00e9e du bus de leur \u00e9quipe, une heure et demie avant le d\u00e9but du derby. Treize personnes auraient \u00e9t\u00e9 l\u00e9g\u00e8rement bless\u00e9es et la police catalane avance qu\u2019il s\u2019agissait d\u2019un accident.<\/p>\n<p class=\"fig-paragraph\">Le match a \u00e9t\u00e9 bri\u00e8vement interrompu \u00e0 la 8e minute de jeu, pour informer les spectateurs que \u00abl\u2019accident ayant eu lieu \u00e0 l\u2019ext\u00e9rieur du stade\u00bb \u00e9tait \u00absous contr\u00f4le\u00bb et n\u2019avait pas caus\u00e9 de \u00abbless\u00e9s graves\u00bb, rapporte un journaliste de l\u2019AFP. Selon la presse espagnole, plusieurs spectateurs dans la tribune situ\u00e9e derri\u00e8re le gardien de l\u2019Espanyol Joan Garcia ont quitt\u00e9 l\u2019enceinte en signe de protestation, estimant que la rencontre n\u2019aurait pas d\u00fb se jouer dans ces circonstances.<\/p>\n","protected":false},"excerpt":{"rendered":"Une voiture a fonc\u00e9 dans la foule aux abords du stade de Barcelone o\u00f9 se d\u00e9roule ce jeudi&hellip;\n","protected":false},"author":2,"featured_media":103077,"comment_status":"","ping_status":"","sticky":false,"template":"","format":"standard","meta":{"footnotes":""},"categories":[2],"tags":[11,15007,525,3233,1981,15006,814,123,5695,15008,2257,63,1011,27,453,955,15009,12,4790,1980],"class_list":{"0":"post-103076","1":"post","2":"type-post","3":"status-publish","4":"format-standard","5":"has-post-thumbnail","7":"category-actualites","8":"tag-actualites","9":"tag-atletico","10":"tag-calendrier","11":"tag-championnat","12":"tag-classement","13":"tag-coupe-du-roi","14":"tag-direct","15":"tag-espagne","16":"tag-fc-barcelone","17":"tag-fc-valence","18":"tag-foot","19":"tag-football","20":"tag-fr","21":"tag-france","22":"tag-liga","23":"tag-match","24":"tag-messi","25":"tag-news","26":"tag-real-madrid","27":"tag-resultats"},"share_on_mastodon":{"url":"https:\/\/pubeurope.com\/@fr\/114514471553318415","error":""},"_links":{"self":[{"href":"https:\/\/www.europesays.com\/fr\/wp-json\/wp\/v2\/posts\/103076","targetHints":{"allow":["GET"]}}],"collection":[{"href":"https:\/\/www.europesays.com\/fr\/wp-json\/wp\/v2\/posts"}],"about":[{"href":"https:\/\/www.europesays.com\/fr\/wp-json\/wp\/v2\/types\/post"}],"author":[{"embeddable":true,"href":"https:\/\/www.europesays.com\/fr\/wp-json\/wp\/v2\/users\/2"}],"replies":[{"embeddable":true,"href":"https:\/\/www.europesays.com\/fr\/wp-json\/wp\/v2\/comments?post=103076"}],"version-history":[{"count":0,"href":"https:\/\/www.europesays.com\/fr\/wp-json\/wp\/v2\/posts\/103076\/revisions"}],"wp:featuredmedia":[{"embeddable":true,"href":"https:\/\/www.europesays.com\/fr\/wp-json\/wp\/v2\/media\/103077"}],"wp:attachment":[{"href":"https:\/\/www.europesays.com\/fr\/wp-json\/wp\/v2\/media?parent=103076"}],"wp:term":[{"taxonomy":"category","embeddable":true,"href":"https:\/\/www.europesays.com\/fr\/wp-json\/wp\/v2\/categories?post=103076"},{"taxonomy":"post_tag","embeddable":true,"href":"https:\/\/www.europesays.com\/fr\/wp-json\/wp\/v2\/tags?post=103076"}],"curies":[{"name":"wp","href":"https:\/\/api.w.org\/{rel}","templated":true}]}}