{"id":103082,"date":"2025-05-15T23:37:13","date_gmt":"2025-05-15T23:37:13","guid":{"rendered":"https:\/\/www.europesays.com\/fr\/103082\/"},"modified":"2025-05-15T23:37:13","modified_gmt":"2025-05-15T23:37:13","slug":"menace-par-un-cambrioleur-arme-dun-tournevis-un-policier-ouvre-le-feu","status":"publish","type":"post","link":"https:\/\/www.europesays.com\/fr\/103082\/","title":{"rendered":"menac\u00e9 par un cambrioleur arm\u00e9 d&rsquo;un tournevis, un policier ouvre le feu"},"content":{"rendered":"<p>            Par<br \/>\n        <strong><br \/>\n            <a href=\"https:\/\/actu.fr\/auteur\/pierre-emile-bouchy-actu-fr\" title=\"Consulter tous les articles de Paul-Emile Bouchy\" rel=\"nofollow noopener\" target=\"_blank\">Paul-Emile Bouchy<\/a><br \/>\n        <\/strong><\/p>\n<p>        Publi\u00e9 le<\/p>\n<p>            15 mai 2025 \u00e0 18h55        <\/p>\n<p>Jeudi 15\u00a0mai, vers 11h, une importante op\u00e9ration de <a href=\"https:\/\/actu.fr\/tag\/police\" rel=\"nofollow noopener\" target=\"_blank\">police<\/a> a eu lieu \u00e0 Jarville-la-Malgrange, pr\u00e8s de Nancy (<a href=\"https:\/\/actu.fr\/grand-est\/meurthe-et-moselle_54\" rel=\"nofollow noopener\" target=\"_blank\">Meurthe-et-Moselle<\/a>) en raison d\u2019un <a href=\"https:\/\/actu.fr\/tag\/cambriolage\" rel=\"nofollow noopener\" target=\"_blank\">cambriolage<\/a>.<\/p>\n<p class=\" wall-content\">Menac\u00e9 avec un tournevis par l\u2019un des suspects, <strong>un policier s\u2019est d\u00e9fendu en lui tirant dans la jambe<\/strong>, d\u2019apr\u00e8s une information de <a href=\"https:\/\/c.estrepublicain.fr\/faits-divers-justice\/2025\/05\/15\/la-police-ouvre-le-feu-sur-un-cambrioleur-pres-de-nancy\" rel=\"nofollow noopener\" target=\"_blank\">L\u2019Est R\u00e9publicain<\/a> confirm\u00e9e par Lorraine Actu.<\/p>\n<p>Un cambrioleur bless\u00e9 \u00e0 la cuisse et hospitalis\u00e9<\/p>\n<p class=\" wall-content\">Selon nos informations, l\u2019alerte a \u00e9t\u00e9 donn\u00e9e par une habitante de la rue de l\u2019Ermitage, qui a remarqu\u00e9 qu\u2019un cambriolage \u00e9tait en cours. Sur place, les policiers remarquent une voiture en attente mais celle-ci fuit imm\u00e9diatement.<\/p>\n<p class=\" wall-content\">Un des cambrioleurs d\u00e9cide de fuir en courant et est poursuivi par les forces de l\u2019ordre. C\u2019est alors que<strong> le suspect se retourne et les menace avec un tournevis<\/strong>. Un des policiers a alors <strong>fait usage de son arme, en lui tirant dans la cuisse<\/strong>.<\/p>\n<p class=\" wall-content\">Pris en charge, le cambrioleur a \u00e9t\u00e9 hospitalis\u00e9 et sera entendu ult\u00e9rieurement.<\/p>\n<p>Vid\u00e9os : en ce moment sur ActuUn second individu interpell\u00e9<\/p>\n<p class=\" wall-content\">Les policiers ont r\u00e9ussi \u00e0 <strong>arr\u00eater un autre individu<\/strong> pr\u00e8s du club de tennis de Jarville-la-Malgrange. Il a \u00e9t\u00e9 plac\u00e9 en garde \u00e0 vue.<\/p>\n<p class=\" wall-content\">Une enqu\u00eate a \u00e9t\u00e9 ouverte. La police recherche notamment les suspects pr\u00e9sents \u00e0 bord du v\u00e9hicule qui a pris la fuite.<\/p>\n<p class=\" wall-content\">Suivez toute l\u2019actualit\u00e9 de vos villes et m\u00e9dias favoris en vous inscrivant \u00e0 <a href=\"https:\/\/moncompte.actu.fr\" title=\"D\u00e9couvez Mon Actu\" rel=\"nofollow noopener\" data-trk=\"{&quot;cta&quot;:{&quot;action&quot;:&quot;https:\\\/\\\/moncompte.actu.fr&quot;,&quot;category&quot;:&quot;mon compte&quot;,&quot;from&quot;:&quot;article footer&quot;,&quot;name&quot;:&quot;Mon actu&quot;,&quot;type&quot;:&quot;cta&quot;}}\" target=\"_blank\">Mon Actu<\/a>.<\/p>\n","protected":false},"excerpt":{"rendered":"Par Paul-Emile Bouchy Publi\u00e9 le 15 mai 2025 \u00e0 18h55 Jeudi 15\u00a0mai, vers 11h, une importante op\u00e9ration de&hellip;\n","protected":false},"author":2,"featured_media":103083,"comment_status":"","ping_status":"","sticky":false,"template":"","format":"standard","meta":{"footnotes":""},"categories":[9635],"tags":[1111,11,1174,1777,674,118,1011,27,775,1702,12,1072,25],"class_list":{"0":"post-103082","1":"post","2":"type-post","3":"status-publish","4":"format-standard","5":"has-post-thumbnail","7":"category-nancy","8":"tag-actu","9":"tag-actualites","10":"tag-cambriolage","11":"tag-eu","12":"tag-europe","13":"tag-faits-divers","14":"tag-fr","15":"tag-france","16":"tag-grand-est","17":"tag-nancy","18":"tag-news","19":"tag-police","20":"tag-republique-francaise"},"share_on_mastodon":{"url":"https:\/\/pubeurope.com\/@fr\/114514483137186383","error":""},"_links":{"self":[{"href":"https:\/\/www.europesays.com\/fr\/wp-json\/wp\/v2\/posts\/103082","targetHints":{"allow":["GET"]}}],"collection":[{"href":"https:\/\/www.europesays.com\/fr\/wp-json\/wp\/v2\/posts"}],"about":[{"href":"https:\/\/www.europesays.com\/fr\/wp-json\/wp\/v2\/types\/post"}],"author":[{"embeddable":true,"href":"https:\/\/www.europesays.com\/fr\/wp-json\/wp\/v2\/users\/2"}],"replies":[{"embeddable":true,"href":"https:\/\/www.europesays.com\/fr\/wp-json\/wp\/v2\/comments?post=103082"}],"version-history":[{"count":0,"href":"https:\/\/www.europesays.com\/fr\/wp-json\/wp\/v2\/posts\/103082\/revisions"}],"wp:featuredmedia":[{"embeddable":true,"href":"https:\/\/www.europesays.com\/fr\/wp-json\/wp\/v2\/media\/103083"}],"wp:attachment":[{"href":"https:\/\/www.europesays.com\/fr\/wp-json\/wp\/v2\/media?parent=103082"}],"wp:term":[{"taxonomy":"category","embeddable":true,"href":"https:\/\/www.europesays.com\/fr\/wp-json\/wp\/v2\/categories?post=103082"},{"taxonomy":"post_tag","embeddable":true,"href":"https:\/\/www.europesays.com\/fr\/wp-json\/wp\/v2\/tags?post=103082"}],"curies":[{"name":"wp","href":"https:\/\/api.w.org\/{rel}","templated":true}]}}