{"id":103087,"date":"2025-05-15T23:41:08","date_gmt":"2025-05-15T23:41:08","guid":{"rendered":"https:\/\/www.europesays.com\/fr\/103087\/"},"modified":"2025-05-15T23:41:08","modified_gmt":"2025-05-15T23:41:08","slug":"previsions-du-vendredi-16-mai-2025","status":"publish","type":"post","link":"https:\/\/www.europesays.com\/fr\/103087\/","title":{"rendered":"pr\u00e9visions du vendredi 16 mai 2025"},"content":{"rendered":"<p>Un bel ensoleillement est pr\u00e9vu aujourd&rsquo;hui \u00e0 Montpellier. Il va faire 18\u00b0C en moyenne. Le matin, un vent de nord-est rafra\u00eechira quelque peu l&rsquo;atmosph\u00e8re. Les maximales iront jusqu&rsquo;\u00e0 22\u00b0C dans l&rsquo;apr\u00e8s-midi et les minimales seront de 20\u00b0C. Le ciel sera limpide dans la nuit de vendredi \u00e0 samedi.<\/p>\n<p>Demain, les Montpelli\u00e9rains vont pouvoir b\u00e9n\u00e9ficier d&rsquo;un soleil radieux. Les temp\u00e9ratures seront comprises entre 13 et 23\u00b0C. Les valeurs avoisineront les 19\u00b0C dans la matin\u00e9e. Un vent de nord-ouest soufflera l\u00e9g\u00e8rement, avec 9 km\/h. Les temp\u00e9ratures s&rsquo;\u00e9chelonneront entre 21 et 23\u00b0C pendant l&rsquo;apr\u00e8s-midi. Un l\u00e9ger vent de sud-ouest soufflera au cours de la soir\u00e9e.<\/p>\n<p>Pour les prochains jours, le temps ne bougera pas. Pr\u00e9voyez 18\u00b0C en moyenne qui accompagneront des journ\u00e9es ensoleill\u00e9es.<\/p>\n<p><\/p>\n","protected":false},"excerpt":{"rendered":"Un bel ensoleillement est pr\u00e9vu aujourd&rsquo;hui \u00e0 Montpellier. Il va faire 18\u00b0C en moyenne. Le matin, un vent&hellip;\n","protected":false},"author":2,"featured_media":103088,"comment_status":"","ping_status":"","sticky":false,"template":"","format":"standard","meta":{"footnotes":""},"categories":[9599],"tags":[1111,11,1777,674,1011,27,7089,2681,2208,12,2680,2119,25],"class_list":{"0":"post-103087","1":"post","2":"type-post","3":"status-publish","4":"format-standard","5":"has-post-thumbnail","7":"category-montpellier","8":"tag-actu","9":"tag-actualites","10":"tag-eu","11":"tag-europe","12":"tag-fr","13":"tag-france","14":"tag-herault","15":"tag-languedoc-roussillon","16":"tag-montpellier","17":"tag-news","18":"tag-occitanie","19":"tag-previsions-meteo","20":"tag-republique-francaise"},"share_on_mastodon":{"url":"https:\/\/pubeurope.com\/@fr\/114514498993478822","error":""},"_links":{"self":[{"href":"https:\/\/www.europesays.com\/fr\/wp-json\/wp\/v2\/posts\/103087","targetHints":{"allow":["GET"]}}],"collection":[{"href":"https:\/\/www.europesays.com\/fr\/wp-json\/wp\/v2\/posts"}],"about":[{"href":"https:\/\/www.europesays.com\/fr\/wp-json\/wp\/v2\/types\/post"}],"author":[{"embeddable":true,"href":"https:\/\/www.europesays.com\/fr\/wp-json\/wp\/v2\/users\/2"}],"replies":[{"embeddable":true,"href":"https:\/\/www.europesays.com\/fr\/wp-json\/wp\/v2\/comments?post=103087"}],"version-history":[{"count":0,"href":"https:\/\/www.europesays.com\/fr\/wp-json\/wp\/v2\/posts\/103087\/revisions"}],"wp:featuredmedia":[{"embeddable":true,"href":"https:\/\/www.europesays.com\/fr\/wp-json\/wp\/v2\/media\/103088"}],"wp:attachment":[{"href":"https:\/\/www.europesays.com\/fr\/wp-json\/wp\/v2\/media?parent=103087"}],"wp:term":[{"taxonomy":"category","embeddable":true,"href":"https:\/\/www.europesays.com\/fr\/wp-json\/wp\/v2\/categories?post=103087"},{"taxonomy":"post_tag","embeddable":true,"href":"https:\/\/www.europesays.com\/fr\/wp-json\/wp\/v2\/tags?post=103087"}],"curies":[{"name":"wp","href":"https:\/\/api.w.org\/{rel}","templated":true}]}}