{"id":103093,"date":"2025-05-15T23:47:16","date_gmt":"2025-05-15T23:47:16","guid":{"rendered":"https:\/\/www.europesays.com\/fr\/103093\/"},"modified":"2025-05-15T23:47:16","modified_gmt":"2025-05-15T23:47:16","slug":"au-nom-de-la-preuve-un-droit-fondamental-du-proces-equitable","status":"publish","type":"post","link":"https:\/\/www.europesays.com\/fr\/103093\/","title":{"rendered":"Au nom de la preuve : un droit fondamental du proc\u00e8s \u00e9quitable"},"content":{"rendered":"<p><img loading=\"lazy\" decoding=\"async\" alt=\"\u00a9 Michel Battaglia - Ma\u00eetre Elsa BENHAMOU - Avocate au Barreau de Grenoble,  Membre de l\u2019Union des Jeunes Avocats de Grenoble\" data-zoom-src=\"https:\/\/www.europesays.com\/fr\/wp-content\/uploads\/2025\/05\/initial-elsa-benhamou-copie.jpg\" data-zoomable=\"\" height=\"702\" src=\"https:\/\/www.europesays.com\/fr\/wp-content\/uploads\/2025\/05\/initial-elsa-benhamou-copie.jpg\" width=\"1248\"\/>  <\/p>\n<p class=\"article-desc\">\u00a9 Michel Battaglia &#8211; Ma\u00eetre Elsa BENHAMOU &#8211; Avocate au Barreau de Grenoble, Membre de l\u2019Union des Jeunes Avocats de Grenoble <\/p>\n<p>Le droit de la preuve trouve son fondement dans l\u2019article 6 de la Convention europ\u00e9enne des droits de l\u2019Homme sur le droit au proc\u00e8s \u00e9quitable. <\/p>\n<p>Dans un proc\u00e8s civil, l\u2019article 9 du Code de proc\u00e9dure civile pr\u00e9voit qu<strong>\u2019il appartient \u00e0 chaque partie de prouver les faits n\u00e9cessaires<\/strong> au succ\u00e8s de sa pr\u00e9tention. <\/p>\n<p>Cette r\u00e8gle doit cependant toujours \u00eatre <strong>concili\u00e9e avec le principe de loyaut\u00e9 de la preuve<\/strong> c\u2019est-\u00e0-dire que la <strong>preuve doit \u00eatre recueillie de mani\u00e8re loyale<\/strong> et ne peut pas porter atteinte \u00e0 d\u2019autres droits ou secrets prot\u00e9g\u00e9s. <\/p>\n<p>Des atteintes au secret d\u00e9sormais admises par la jurisprudence \u2026 <\/p>\n<p>Une c\u00e9l\u00e8bre d\u00e9cision de l\u2019Assembl\u00e9e pl\u00e9ni\u00e8re de la Cour de cassation du 22 d\u00e9cembre 2023 a profond\u00e9ment boulevers\u00e9 les r\u00e8gles en mati\u00e8re de preuve consid\u00e9rant que \u00ab\u00a0l\u2019illic\u00e9it\u00e9 ou la d\u00e9loyaut\u00e9 dans l\u2019obtention ou la production d\u2019un moyen de preuve ne conduit pas n\u00e9cessairement \u00e0 l\u2019\u00e9carter des d\u00e9bats.\u00a0\u00bb (Ass. Pl\u00e9ni\u00e8re 22 d\u00e9cembre 2023, n\u00b020-20.648). <\/p>\n<p>Ainsi, ces derni\u00e8res ann\u00e9es, la Cour de cassation est venue <strong>priver d\u2019effet certains \u00ab\u00a0secrets\u00a0\u00bb prot\u00e9g\u00e9s par la loi <\/strong>en permettant de <strong>produire en justice des documents pourtant prot\u00e9g\u00e9s<\/strong> par le secret des affaires ou le secret m\u00e9dical par exemple.<\/p>\n<p>Dans un arr\u00eat du 5 f\u00e9vrier 2025, la chambre commerciale remet en cause un arr\u00eat d\u2019appel condamnant une soci\u00e9t\u00e9 au paiement de dommages et int\u00e9r\u00eats pour avoir obtenu et produit en justice une pi\u00e8ce prot\u00e9g\u00e9e par le secret des affaires sans avoir recherch\u00e9 si cette pi\u00e8ce n\u2019\u00e9tait pas indispensable pour prouver les faits de concurrence d\u00e9loyale all\u00e9gu\u00e9s et si cette atteinte port\u00e9e au secret des affaires n\u2019\u00e9tait pas strictement proportionn\u00e9e \u00e0 l\u2019objectif poursuivi (Com. 5 f\u00e9vrier 2025, n\u00b023-10.953). <\/p>\n<p>Cette tendance \u00e0 faire primer le droit de la preuve sur le secret a \u00e9galement trouv\u00e9 <strong>une application r\u00e9cente en mati\u00e8re de secret m\u00e9dical<\/strong> dans un arr\u00eat du 30 janvier 2025 (Civ. 2, 30 janvier 2025, n\u00b022-15.702). <\/p>\n<p>Quelques mois plus t\u00f4t, la chambre sociale de la Cour de cassation avait \u00e9galement eu l\u2019occasion de se prononcer en mati\u00e8re de contentieux du travail sur la production en justice par un employeur de fichiers extraits d\u2019une cl\u00e9 USB personnelle d\u2019une salari\u00e9e pour justifier un licenciement pour faute grave. La chambre sociale avait ainsi admis la recevabilit\u00e9 de ses preuves bien qu\u2019elles constituaient une atteinte \u00e0 la vie priv\u00e9e (Soc., 25 septembre 2024, n\u00b023-12.992).<\/p>\n<p> A condition que ces atteintes soient proportionn\u00e9es\u00a0\u2026 <\/p>\n<p>La Haute cour rappelle de mani\u00e8re constante que les juges doivent se livrer \u00e0 un contr\u00f4le de proportionnalit\u00e9 entre droit de la preuve et les droits concurrents pour d\u00e9terminer si l\u2019atteinte \u00e9tait proportionn\u00e9e au but poursuivi et strictement n\u00e9cessaire \u00e0 l\u2019exercice du droit de la preuve. <\/p>\n<p>En d\u00e9finitive, bien que <strong>ce principe de production des preuves d\u00e9loyales et illicites ne soit pas absolu<\/strong>, les acteurs de la vie des affaires doivent d\u00e9sormais <strong>avoir conscience du risque de voir certains documents ou informations secrets divulgu\u00e9s<\/strong> en justice.<\/p>\n","protected":false},"excerpt":{"rendered":"\u00a9 Michel Battaglia &#8211; Ma\u00eetre Elsa BENHAMOU &#8211; Avocate au Barreau de Grenoble, Membre de l\u2019Union des Jeunes&hellip;\n","protected":false},"author":2,"featured_media":103094,"comment_status":"","ping_status":"","sticky":false,"template":"","format":"standard","meta":{"footnotes":""},"categories":[9566],"tags":[1111,11,2430,16658,1777,674,1011,27,2731,12,25,21937,21936],"class_list":{"0":"post-103093","1":"post","2":"type-post","3":"status-publish","4":"format-standard","5":"has-post-thumbnail","7":"category-grenoble","8":"tag-actu","9":"tag-actualites","10":"tag-auvergne-rhone-alpes","11":"tag-avocats","12":"tag-eu","13":"tag-europe","14":"tag-fr","15":"tag-france","16":"tag-grenoble","17":"tag-news","18":"tag-republique-francaise","19":"tag-secret-professionnel-avocats","20":"tag-uja-de-grenoble"},"share_on_mastodon":{"url":"https:\/\/pubeurope.com\/@fr\/114514522483536433","error":""},"_links":{"self":[{"href":"https:\/\/www.europesays.com\/fr\/wp-json\/wp\/v2\/posts\/103093","targetHints":{"allow":["GET"]}}],"collection":[{"href":"https:\/\/www.europesays.com\/fr\/wp-json\/wp\/v2\/posts"}],"about":[{"href":"https:\/\/www.europesays.com\/fr\/wp-json\/wp\/v2\/types\/post"}],"author":[{"embeddable":true,"href":"https:\/\/www.europesays.com\/fr\/wp-json\/wp\/v2\/users\/2"}],"replies":[{"embeddable":true,"href":"https:\/\/www.europesays.com\/fr\/wp-json\/wp\/v2\/comments?post=103093"}],"version-history":[{"count":0,"href":"https:\/\/www.europesays.com\/fr\/wp-json\/wp\/v2\/posts\/103093\/revisions"}],"wp:featuredmedia":[{"embeddable":true,"href":"https:\/\/www.europesays.com\/fr\/wp-json\/wp\/v2\/media\/103094"}],"wp:attachment":[{"href":"https:\/\/www.europesays.com\/fr\/wp-json\/wp\/v2\/media?parent=103093"}],"wp:term":[{"taxonomy":"category","embeddable":true,"href":"https:\/\/www.europesays.com\/fr\/wp-json\/wp\/v2\/categories?post=103093"},{"taxonomy":"post_tag","embeddable":true,"href":"https:\/\/www.europesays.com\/fr\/wp-json\/wp\/v2\/tags?post=103093"}],"curies":[{"name":"wp","href":"https:\/\/api.w.org\/{rel}","templated":true}]}}