{"id":103095,"date":"2025-05-15T23:48:10","date_gmt":"2025-05-15T23:48:10","guid":{"rendered":"https:\/\/www.europesays.com\/fr\/103095\/"},"modified":"2025-05-15T23:48:10","modified_gmt":"2025-05-15T23:48:10","slug":"previsions-du-vendredi-16-mai-2025-2","status":"publish","type":"post","link":"https:\/\/www.europesays.com\/fr\/103095\/","title":{"rendered":"pr\u00e9visions du vendredi 16 mai 2025"},"content":{"rendered":"<p>Aujourd&rsquo;hui, un beau soleil brillera sur Rennes. Les maximales pourront atteindre 19\u00b0C et les minimales seront de 6\u00b0C. Un vent de nord-est soufflera doucement. Les temp\u00e9ratures vont conna\u00eetre une hausse de plusieurs degr\u00e9s dans l&rsquo;apr\u00e8s-midi. Les valeurs seront comprises entre 18 et 19\u00b0C. Le soir, le thermom\u00e8tre affichera 13\u00b0C en moyenne. Durant votre sommeil, dans la nuit de vendredi \u00e0 samedi, le ciel sera clair.<\/p>\n<p>C&rsquo;est un soleil splendide qui va se montrer demain sur Rennes. Il va faire environ 13\u00b0C. Un vent de nord-est rafra\u00eechira un peu l&rsquo;atmosph\u00e8re. Les temp\u00e9ratures vont monter pendant l&rsquo;apr\u00e8s-midi de plusieurs degr\u00e9s. Les valeurs s&rsquo;\u00e9chelonneront entre 17 et 19\u00b0C.<\/p>\n<p>Les jours suivants s&rsquo;annoncent identiques. Des temp\u00e9ratures dans les 14\u00b0C accompagneront un ciel ensoleill\u00e9.<\/p>\n<p><\/p>\n","protected":false},"excerpt":{"rendered":"Aujourd&rsquo;hui, un beau soleil brillera sur Rennes. Les maximales pourront atteindre 19\u00b0C et les minimales seront de 6\u00b0C.&hellip;\n","protected":false},"author":2,"featured_media":103096,"comment_status":"","ping_status":"","sticky":false,"template":"","format":"standard","meta":{"footnotes":""},"categories":[2821],"tags":[1111,11,829,1777,674,1011,27,848,12,2119,584,25],"class_list":{"0":"post-103095","1":"post","2":"type-post","3":"status-publish","4":"format-standard","5":"has-post-thumbnail","7":"category-rennes","8":"tag-actu","9":"tag-actualites","10":"tag-bretagne","11":"tag-eu","12":"tag-europe","13":"tag-fr","14":"tag-france","15":"tag-ille-et-vilaine","16":"tag-news","17":"tag-previsions-meteo","18":"tag-rennes","19":"tag-republique-francaise"},"share_on_mastodon":{"url":"https:\/\/pubeurope.com\/@fr\/114514526430981619","error":""},"_links":{"self":[{"href":"https:\/\/www.europesays.com\/fr\/wp-json\/wp\/v2\/posts\/103095","targetHints":{"allow":["GET"]}}],"collection":[{"href":"https:\/\/www.europesays.com\/fr\/wp-json\/wp\/v2\/posts"}],"about":[{"href":"https:\/\/www.europesays.com\/fr\/wp-json\/wp\/v2\/types\/post"}],"author":[{"embeddable":true,"href":"https:\/\/www.europesays.com\/fr\/wp-json\/wp\/v2\/users\/2"}],"replies":[{"embeddable":true,"href":"https:\/\/www.europesays.com\/fr\/wp-json\/wp\/v2\/comments?post=103095"}],"version-history":[{"count":0,"href":"https:\/\/www.europesays.com\/fr\/wp-json\/wp\/v2\/posts\/103095\/revisions"}],"wp:featuredmedia":[{"embeddable":true,"href":"https:\/\/www.europesays.com\/fr\/wp-json\/wp\/v2\/media\/103096"}],"wp:attachment":[{"href":"https:\/\/www.europesays.com\/fr\/wp-json\/wp\/v2\/media?parent=103095"}],"wp:term":[{"taxonomy":"category","embeddable":true,"href":"https:\/\/www.europesays.com\/fr\/wp-json\/wp\/v2\/categories?post=103095"},{"taxonomy":"post_tag","embeddable":true,"href":"https:\/\/www.europesays.com\/fr\/wp-json\/wp\/v2\/tags?post=103095"}],"curies":[{"name":"wp","href":"https:\/\/api.w.org\/{rel}","templated":true}]}}