{"id":1030950,"date":"2026-06-28T23:56:29","date_gmt":"2026-06-28T23:56:29","guid":{"rendered":"https:\/\/www.europesays.com\/fr\/1030950\/"},"modified":"2026-06-28T23:56:29","modified_gmt":"2026-06-28T23:56:29","slug":"entretien-de-voirie-trambus-reseau-express-velo-la-circulation-des-voitures-deviees-dans","status":"publish","type":"post","link":"https:\/\/www.europesays.com\/fr\/1030950\/","title":{"rendered":"Entretien de voirie, trambus, r\u00e9seau express v\u00e9lo\u2026 La circulation des voitures d\u00e9vi\u00e9es dans"},"content":{"rendered":"<p>Entretien de voirie, trambus, R\u00e9seau express v\u00e9lo\u2026 Plusieurs rues rennaises sont interdites \u00e0 la circulation, dans les deux sens ou un seul sens, \u00e0 compter de ce lundi 29\u00a0juin. \u00c0 chaque fois, des d\u00e9viations sont mises en place.<\/p>\n<p><strong>Boulevard de Verdun<\/strong>\u00a0: jusqu\u2019\u00e0 fin juillet, la circulation sera interdite dans le sens nord-sud, entre la &#8230;<\/p>\n<p>\u00a0<\/p>\n","protected":false},"excerpt":{"rendered":"Entretien de voirie, trambus, R\u00e9seau express v\u00e9lo\u2026 Plusieurs rues rennaises sont interdites \u00e0 la circulation, dans les deux&hellip;\n","protected":false},"author":2,"featured_media":1030951,"comment_status":"","ping_status":"","sticky":false,"template":"","format":"standard","meta":{"footnotes":"","_share_on_mastodon":"0"},"categories":[2821],"tags":[1111,11,829,3542,74166,2956,1777,674,6507,1011,27,12,30414,584,25,2421,16915,51300,208,39121,3888],"class_list":["post-1030950","post","type-post","status-publish","format-standard","has-post-thumbnail","category-rennes","tag-actu","tag-actualites","tag-bretagne","tag-circulation","tag-deviees","tag-entretien","tag-eu","tag-europe","tag-express","tag-fr","tag-france","tag-news","tag-rennaises","tag-rennes","tag-republique-francaise","tag-reseau","tag-rues","tag-trambus","tag-velo","tag-voirie","tag-voitures"],"share_on_mastodon":{"url":"https:\/\/pubeurope.com\/@fr\/116830443092217988","error":""},"_links":{"self":[{"href":"https:\/\/www.europesays.com\/fr\/wp-json\/wp\/v2\/posts\/1030950","targetHints":{"allow":["GET"]}}],"collection":[{"href":"https:\/\/www.europesays.com\/fr\/wp-json\/wp\/v2\/posts"}],"about":[{"href":"https:\/\/www.europesays.com\/fr\/wp-json\/wp\/v2\/types\/post"}],"author":[{"embeddable":true,"href":"https:\/\/www.europesays.com\/fr\/wp-json\/wp\/v2\/users\/2"}],"replies":[{"embeddable":true,"href":"https:\/\/www.europesays.com\/fr\/wp-json\/wp\/v2\/comments?post=1030950"}],"version-history":[{"count":0,"href":"https:\/\/www.europesays.com\/fr\/wp-json\/wp\/v2\/posts\/1030950\/revisions"}],"wp:featuredmedia":[{"embeddable":true,"href":"https:\/\/www.europesays.com\/fr\/wp-json\/wp\/v2\/media\/1030951"}],"wp:attachment":[{"href":"https:\/\/www.europesays.com\/fr\/wp-json\/wp\/v2\/media?parent=1030950"}],"wp:term":[{"taxonomy":"category","embeddable":true,"href":"https:\/\/www.europesays.com\/fr\/wp-json\/wp\/v2\/categories?post=1030950"},{"taxonomy":"post_tag","embeddable":true,"href":"https:\/\/www.europesays.com\/fr\/wp-json\/wp\/v2\/tags?post=1030950"}],"curies":[{"name":"wp","href":"https:\/\/api.w.org\/{rel}","templated":true}]}}