{"id":103097,"date":"2025-05-15T23:49:25","date_gmt":"2025-05-15T23:49:25","guid":{"rendered":"https:\/\/www.europesays.com\/fr\/103097\/"},"modified":"2025-05-15T23:49:25","modified_gmt":"2025-05-15T23:49:25","slug":"rennes-se-separe-de-son-directeur-sportif-frederic-massara","status":"publish","type":"post","link":"https:\/\/www.europesays.com\/fr\/103097\/","title":{"rendered":"Rennes se s\u00e9pare de son directeur sportif Frederic Massara"},"content":{"rendered":"<p>Ce jeudi, le Stade Rennais a annonc\u00e9 le d\u00e9part de Frederic Massara, le directeur sportif du club.<\/p>\n<p class=\"fig-paragraph\">D\u00e9j\u00e0 la fin. Le Stade Rennais a annonc\u00e9 jeudi le d\u00e9part \u00e0 la fin de la saison de son directeur sportif, le Franco-italien Frederic Massara,\u00a0<a href=\"http:\/\/www.lefigaro.fr\/sports\/football\/ligue-1\/ligue-1-frederic-massara-est-le-nouveau-directeur-sportif-du-stade-rennais-20240610\" data-fig-type=\"NewsFlash\" data-gtm-custom-categorie=\"navigation\" data-gtm-custom-action=\"crossclick\" data-gtm-custom-label=\"Contextuel\" data-gtm-event=\"customEventSPE\" data-fig-domain=\"LEFIGARO\" target=\"_blank\" rel=\"noopener\">dix mois apr\u00e8s son arriv\u00e9e<\/a>. \u00abD&rsquo;un commun accord, le Stade Rennais et Frederic Massara, nomm\u00e9 le 10 juillet 2024 en qualit\u00e9 de Directeur sportif, ont pris la d\u00e9cision de mettre un terme \u00e0 leur collaboration \u00e0 l&rsquo;issue de la derni\u00e8re journ\u00e9e de Ligue 1\u00bb, \u00e9crit le club dans son communiqu\u00e9.<\/p>\n<p class=\"fig-paragraph\"><a href=\"https:\/\/www.lefigaro.fr\/sports\/football\/ligue-1\/classement\" target=\"_blank\" rel=\"noopener\" data-gtm-custom-categorie=\"navigation\" data-gtm-custom-action=\"crossclick\" data-gtm-custom-label=\"Contextuel\" data-gtm-event=\"customEventSPE\">Onzi\u00e8mes de Ligue 1<\/a>, les Bretons ont officialis\u00e9 ce qui \u00e9tait un secret de polichinelle, tout comme l&rsquo;identit\u00e9 de son successeur, Lo\u00efc D\u00e9sir\u00e9, qui a d\u00e9missionn\u00e9 de Strasbourg il y a quelques semaines, mais qui ne devrait \u00eatre intronis\u00e9 qu&rsquo;apr\u00e8s la derni\u00e8re journ\u00e9e, o\u00f9 ils se d\u00e9placeront \u00e0 Marseille. Apr\u00e8s deux pr\u00e9sidents et quatre entra\u00eeneurs, Rennes va donc conna\u00eetre un troisi\u00e8me directeur sportif en un peu moins de deux saisons.<\/p>\n<p class=\"fig-paragraph\">Ancien responsable sportif \u00e0 la Roma ou \u00e0 l&rsquo;AC Milan, Massara devait donner une dimension plus internationale et plus qualitative au recrutement rennais. Mais il paye au prix fort un mercato estival compl\u00e8tement rat\u00e9. Arriv\u00e9 tardivement pour g\u00e9rer le recrutement, il avait \u00e9t\u00e9 confront\u00e9 \u00e0 un immense chantier avec une vague de d\u00e9parts, dont certains inattendus, comme\u00a0<a href=\"http:\/\/www.lefigaro.fr\/sports\/football\/transferts\/mercato-le-rennais-enzo-le-fee-transfere-a-l-as-rome-20240710\" data-fig-type=\"NewsFlash\" data-gtm-custom-categorie=\"navigation\" data-gtm-custom-action=\"crossclick\" data-gtm-custom-label=\"Contextuel\" data-gtm-event=\"customEventSPE\" data-fig-domain=\"LEFIGARO\" target=\"_blank\" rel=\"noopener\">Enzo Le F\u00e9e<\/a>\u00a0ou le capitaine embl\u00e9matique<a href=\"http:\/\/www.lefigaro.fr\/sports\/football\/ligue-1\/mercato-benjamin-bourigeaud-rejoint-al-duhail-au-qatar-20240830\" data-fig-type=\"NewsFlash\" data-gtm-custom-categorie=\"navigation\" data-gtm-custom-action=\"crossclick\" data-gtm-custom-label=\"Contextuel\" data-gtm-event=\"customEventSPE\" data-fig-domain=\"LEFIGARO\" target=\"_blank\" rel=\"noopener\">\u00a0Benjamin Bourigeaud<\/a>.<\/p>\n<p class=\"fig-paragraph\">La plupart de ses choix, marqu\u00e9s par une grande diversit\u00e9 internationale &#8211; neuf joueurs \u00e9trangers, de huit nationalit\u00e9s diff\u00e9rentes recrut\u00e9s dans six championnats &#8211; avaient vir\u00e9 au fiasco. \u00c0 l&rsquo;hiver, cinq d&rsquo;entre eux \u00e9taient d\u00e9j\u00e0 repartis et certains ont tr\u00e8s peu jou\u00e9. Lors du mercato hivernal, Massara avait d\u00e9j\u00e0 sembl\u00e9 largement \u00e9cart\u00e9 des gros dossiers comme le recrutement de\u00a0<a href=\"http:\/\/www.lefigaro.fr\/sports\/football\/ligue-1\/ligue-1-l-ancien-lensois-brice-samba-rejoint-officiellement-le-stade-rennais-20250108\" data-fig-type=\"NewsFlash\" data-gtm-custom-categorie=\"navigation\" data-gtm-custom-action=\"crossclick\" data-gtm-custom-label=\"Contextuel\" data-gtm-event=\"customEventSPE\" data-fig-domain=\"LEFIGARO\" target=\"_blank\" rel=\"noopener\">Brice Samba<\/a>\u00a0et\u00a0<a href=\"http:\/\/www.lefigaro.fr\/sports\/football\/ligue-1\/ligue-1-seko-fofana-signe-jusqu-en-2029-a-rennes-20250101\" data-fig-type=\"NewsFlash\" data-gtm-custom-categorie=\"navigation\" data-gtm-custom-action=\"crossclick\" data-gtm-custom-label=\"Contextuel\" data-gtm-event=\"customEventSPE\" data-fig-domain=\"LEFIGARO\" target=\"_blank\" rel=\"noopener\">Seko Fofana<\/a>, d&rsquo;anciens joueurs de Lens biens connus du pr\u00e9sident Arnaud Pouille qui avait oeuvr\u00e9 chez les Sang et Or. La volont\u00e9 clairement affich\u00e9e par M. Pouille depuis d\u00e9but 2025 de s&rsquo;appuyer davantage sur le centre de formation et des joueurs connaissant bien ou \u00e9tant compatibles rapidement avec la Ligue 1, a fini de condamner l&rsquo;Italien.<\/p>\n","protected":false},"excerpt":{"rendered":"Ce jeudi, le Stade Rennais a annonc\u00e9 le d\u00e9part de Frederic Massara, le directeur sportif du club. D\u00e9j\u00e0&hellip;\n","protected":false},"author":2,"featured_media":103098,"comment_status":"","ping_status":"","sticky":false,"template":"","format":"standard","meta":{"footnotes":""},"categories":[2821],"tags":[1111,11,829,525,1981,814,1777,674,2257,63,1011,27,3309,66,1307,955,12,1176,978,93,584,25,1980,3087],"class_list":{"0":"post-103097","1":"post","2":"type-post","3":"status-publish","4":"format-standard","5":"has-post-thumbnail","7":"category-rennes","8":"tag-actu","9":"tag-actualites","10":"tag-bretagne","11":"tag-calendrier","12":"tag-classement","13":"tag-direct","14":"tag-eu","15":"tag-europe","16":"tag-foot","17":"tag-football","18":"tag-fr","19":"tag-france","20":"tag-l1","21":"tag-ligue-1","22":"tag-lille","23":"tag-match","24":"tag-news","25":"tag-olympique-de-marseille","26":"tag-olympique-lyonnais","27":"tag-psg","28":"tag-rennes","29":"tag-republique-francaise","30":"tag-resultats","31":"tag-stade-rennais"},"share_on_mastodon":{"url":"https:\/\/pubeurope.com\/@fr\/114514530338087812","error":""},"_links":{"self":[{"href":"https:\/\/www.europesays.com\/fr\/wp-json\/wp\/v2\/posts\/103097","targetHints":{"allow":["GET"]}}],"collection":[{"href":"https:\/\/www.europesays.com\/fr\/wp-json\/wp\/v2\/posts"}],"about":[{"href":"https:\/\/www.europesays.com\/fr\/wp-json\/wp\/v2\/types\/post"}],"author":[{"embeddable":true,"href":"https:\/\/www.europesays.com\/fr\/wp-json\/wp\/v2\/users\/2"}],"replies":[{"embeddable":true,"href":"https:\/\/www.europesays.com\/fr\/wp-json\/wp\/v2\/comments?post=103097"}],"version-history":[{"count":0,"href":"https:\/\/www.europesays.com\/fr\/wp-json\/wp\/v2\/posts\/103097\/revisions"}],"wp:featuredmedia":[{"embeddable":true,"href":"https:\/\/www.europesays.com\/fr\/wp-json\/wp\/v2\/media\/103098"}],"wp:attachment":[{"href":"https:\/\/www.europesays.com\/fr\/wp-json\/wp\/v2\/media?parent=103097"}],"wp:term":[{"taxonomy":"category","embeddable":true,"href":"https:\/\/www.europesays.com\/fr\/wp-json\/wp\/v2\/categories?post=103097"},{"taxonomy":"post_tag","embeddable":true,"href":"https:\/\/www.europesays.com\/fr\/wp-json\/wp\/v2\/tags?post=103097"}],"curies":[{"name":"wp","href":"https:\/\/api.w.org\/{rel}","templated":true}]}}