{"id":103099,"date":"2025-05-15T23:50:09","date_gmt":"2025-05-15T23:50:09","guid":{"rendered":"https:\/\/www.europesays.com\/fr\/103099\/"},"modified":"2025-05-15T23:50:09","modified_gmt":"2025-05-15T23:50:09","slug":"previsions-du-vendredi-16-mai-2025-3","status":"publish","type":"post","link":"https:\/\/www.europesays.com\/fr\/103099\/","title":{"rendered":"pr\u00e9visions du vendredi 16 mai 2025"},"content":{"rendered":"<p>Un superbe soleil brillera sur Strasbourg, o\u00f9 la journ\u00e9e s&rsquo;annoncera des plus agr\u00e9ables. Les temp\u00e9ratures seront de 6\u00b0C au minimum et de 18\u00b0C au plus haut. Un petit vent de nord-est soufflera. Le temps va se r\u00e9chauffer l&rsquo;apr\u00e8s-midi avec une augmentation de quelques degr\u00e9s. Les valeurs s&rsquo;\u00e9chelonneront entre 17 et 18\u00b0C. Durant la nuit de vendredi \u00e0 samedi, le ciel sera limpide.<\/p>\n<p>Demain, les Strasbourgeois vont pouvoir profiter d&rsquo;un soleil magnifique. Une m\u00e9t\u00e9o plus chaude est \u00e0 pr\u00e9voir puisque le mercure va conna\u00eetre une hausse. On pr\u00e9voit des temp\u00e9ratures avoisinant 14\u00b0C. Une modeste brise de nord-est sera ressentie par les habitants. Le matin, le thermom\u00e8tre affichera 14\u00b0C en moyenne. Demain apr\u00e8s-midi, c&rsquo;est une hausse de plusieurs degr\u00e9s que vont enregistrer les temp\u00e9ratures. Les maximales iront jusqu&rsquo;\u00e0 19\u00b0C tandis que les minimales seront de 18\u00b0C. Il va faire environ 14\u00b0C, demain soir.<\/p>\n<p>Pour les prochains jours, le temps ne changera pas. Pr\u00e9voyez 16\u00b0C en moyenne qui accompagneront des journ\u00e9es ensoleill\u00e9es.<\/p>\n<p><\/p>\n","protected":false},"excerpt":{"rendered":"Un superbe soleil brillera sur Strasbourg, o\u00f9 la journ\u00e9e s&rsquo;annoncera des plus agr\u00e9ables. Les temp\u00e9ratures seront de 6\u00b0C&hellip;\n","protected":false},"author":2,"featured_media":103100,"comment_status":"","ping_status":"","sticky":false,"template":"","format":"standard","meta":{"footnotes":""},"categories":[2820],"tags":[1111,11,2389,2649,1777,674,1011,27,775,12,2119,25,640],"class_list":{"0":"post-103099","1":"post","2":"type-post","3":"status-publish","4":"format-standard","5":"has-post-thumbnail","7":"category-strasbourg","8":"tag-actu","9":"tag-actualites","10":"tag-alsace","11":"tag-bas-rhin","12":"tag-eu","13":"tag-europe","14":"tag-fr","15":"tag-france","16":"tag-grand-est","17":"tag-news","18":"tag-previsions-meteo","19":"tag-republique-francaise","20":"tag-strasbourg"},"share_on_mastodon":{"url":"https:\/\/pubeurope.com\/@fr\/114514534594608074","error":""},"_links":{"self":[{"href":"https:\/\/www.europesays.com\/fr\/wp-json\/wp\/v2\/posts\/103099","targetHints":{"allow":["GET"]}}],"collection":[{"href":"https:\/\/www.europesays.com\/fr\/wp-json\/wp\/v2\/posts"}],"about":[{"href":"https:\/\/www.europesays.com\/fr\/wp-json\/wp\/v2\/types\/post"}],"author":[{"embeddable":true,"href":"https:\/\/www.europesays.com\/fr\/wp-json\/wp\/v2\/users\/2"}],"replies":[{"embeddable":true,"href":"https:\/\/www.europesays.com\/fr\/wp-json\/wp\/v2\/comments?post=103099"}],"version-history":[{"count":0,"href":"https:\/\/www.europesays.com\/fr\/wp-json\/wp\/v2\/posts\/103099\/revisions"}],"wp:featuredmedia":[{"embeddable":true,"href":"https:\/\/www.europesays.com\/fr\/wp-json\/wp\/v2\/media\/103100"}],"wp:attachment":[{"href":"https:\/\/www.europesays.com\/fr\/wp-json\/wp\/v2\/media?parent=103099"}],"wp:term":[{"taxonomy":"category","embeddable":true,"href":"https:\/\/www.europesays.com\/fr\/wp-json\/wp\/v2\/categories?post=103099"},{"taxonomy":"post_tag","embeddable":true,"href":"https:\/\/www.europesays.com\/fr\/wp-json\/wp\/v2\/tags?post=103099"}],"curies":[{"name":"wp","href":"https:\/\/api.w.org\/{rel}","templated":true}]}}