{"id":103101,"date":"2025-05-15T23:51:15","date_gmt":"2025-05-15T23:51:15","guid":{"rendered":"https:\/\/www.europesays.com\/fr\/103101\/"},"modified":"2025-05-15T23:51:15","modified_gmt":"2025-05-15T23:51:15","slug":"tu-cherches-un-job-dans-le-social-lecole-eseis-organise-un-job-dating-a-strasbourg","status":"publish","type":"post","link":"https:\/\/www.europesays.com\/fr\/103101\/","title":{"rendered":"Tu cherches un job dans le social ? L\u2019\u00e9cole ESEIS organise un \u00ab job dating \u00bb \u00e0 Strasbourg !"},"content":{"rendered":"<p>    <img loading=\"lazy\" width=\"1800\" height=\"900\" src=\"https:\/\/www.europesays.com\/fr\/wp-content\/uploads\/2025\/04\/jeanne-callthepolice.jpg\" class=\"attachment-full size-full\" alt=\"\" id=\"imageLove\" decoding=\"async\"  \/><\/p>\n<p id=\"breadcrumbs\"><a href=\"https:\/\/pokaa.fr\/\" rel=\"nofollow noopener\" target=\"_blank\">Accueil<\/a> \/ <a href=\"https:\/\/pokaa.fr\/categories\/strasbourg\/\" rel=\"nofollow noopener\" target=\"_blank\">Strasbourg<\/a> \/ Tu cherches un job dans le social ? L\u2019\u00e9cole ESEIS organise un \u00ab job dating \u00bb \u00e0 Strasbourg !<\/p>\n<p>                    Strasbourg<\/p>\n<p><strong>Le secteur du social t\u2019int\u00e9resse ? Stages, alternances, emplois : le 22 mai, l\u2019\u00e9cole ESEIS organise son 4\u00e8me \u00ab job dating \u00bb, avec plus de 30 employeurs\/euses sur place. L\u2019occasion de d\u00e9couvrir toute une palette de m\u00e9tiers, et surtout, de s\u2019ins\u00e9rer dans un milieu demandeur. On vous fait le topo.<\/strong><\/p>\n<p>On vous en parlait d\u00e9j\u00e0 en f\u00e9vrier sur Pokaa : l<strong>\u2019ESEIS<\/strong> (\u00c9cole Sup\u00e9rieure Europ\u00e9enne de l\u2019Intervention Sociale) propose de nombreuses formations dans les domaines <strong>de l\u2019enfance et de la famille, du handicap, de la pr\u00e9carit\u00e9, des conditions de travail ou encore de l\u2019accompagnement des personnes \u00e2g\u00e9es.<\/strong><\/p>\n<p>Le tout du <strong>niveau infra-bac jusqu\u2019au master,<\/strong> en plus de <strong>formations continues<\/strong>, <strong>de pr\u00e9parations aux concours<\/strong> ou de <strong>Validation des Acquis (VAE). <\/strong><\/p>\n<p>Mais l\u2019\u00e9cole ne s\u2019arr\u00eate pas l\u00e0\u00a0: <strong>le jeudi 22 mai, de 9h \u00e0 13h, un \u00ab job dating \u00bb en entr\u00e9e libre<\/strong> est organis\u00e9. Si tu cherches <strong>un stage, une alternance ou un emploi<\/strong>, c\u2019est peut-\u00eatre l\u00e0-bas que tu trouveras ta p\u00e9pite.<\/p>\n<p>                <img width=\"1111\" height=\"500\" src=\"https:\/\/www.europesays.com\/fr\/wp-content\/uploads\/2025\/05\/cafet-projet-etudiant-fresque-1-1111x500.jpg\" class=\"attachment-gallery size-gallery\" alt=\"ESEIS\" data-full-url=\"https:\/\/pokaa.fr\/wp-content\/uploads\/2025\/02\/25\/cafet-projet-etudiant-fresque-1.jpg\" decoding=\"async\" loading=\"lazy\"  \/>            <\/p>\n<p>                <img width=\"889\" height=\"500\" src=\"https:\/\/www.europesays.com\/fr\/wp-content\/uploads\/2025\/05\/vie-a-lecole-cine-debat-et-conference-889x500.jpg\" class=\"attachment-gallery size-gallery\" alt=\"ESEIS\" data-full-url=\"https:\/\/pokaa.fr\/wp-content\/uploads\/2025\/02\/25\/vie-a-lecole-cine-debat-et-conference.jpg\" decoding=\"async\" loading=\"lazy\"  \/>            <\/p>\n<p>                    \u00a9 ESEIS \/ Documents remis<\/p>\n<p>Trouver sa place dans les m\u00e9tiers solidaires<\/p>\n<p>Pour valoriser ces secteurs en difficult\u00e9, et pourtant plus que n\u00e9cessaires, <strong>plus de 30 employeurs\/euses<\/strong> du secteur seront sur place pour vous parler des m\u00e9tiers solidaires qui embauchent. <strong>Assistant(e) de service social, animation socio-\u00e9ducative et culturelle, \u00e9ducation sp\u00e9cialis\u00e9e, surveillance de nuit, conseil en \u00e9conomie sociale familiale\u2026<\/strong> Autant de possibilit\u00e9s, parmi de nombreuses autres.<\/p>\n<p>Pour vous les pr\u00e9senter, vous pourrez retrouver <strong>l\u2019Adapei Papillons Blancs d\u2019Alsace, la Collectivit\u00e9 Europ\u00e9enne d\u2019Alsace, les h\u00f4pitaux de Strasbourg, Erstein ou Bischwiller, la Fondation Vincent de Paul, l\u2019association Horizon Amiti\u00e9, la Ville et l\u2019Eurom\u00e9tropole de Strasbourg\u2026<\/strong> Et pas que ! En attendant l\u2019\u00e9v\u00e9nement, toutes les informations sont \u00e0 retrouver <strong><a href=\"https:\/\/eseis-afris.eu\/job-dating\/\" target=\"_blank\" rel=\"noopener nofollow\">par ici<\/a>.<\/strong><\/p>\n<p>            4\u00e8me job dating de l&rsquo;\u00e9cole ESEIS<\/p>\n<p>            Quoi ? <\/p>\n<p>Embauche dans le secteur social et m\u00e9dico-social<\/p>\n<p>                Quand ?<\/p>\n<p>Jeudi 22 mai, de 9h \u00e0 13h<\/p>\n<p>            o\u00f9 ?<\/p>\n<p>Dans les locaux de la Ville et de l\u2019Eurom\u00e9tropole de Strasbourg<\/p>\n<p>Centre administratif, 1 parc de l\u2019\u00e9toile \u00e0 Strasbourg<\/p>\n<p>                Plus d&rsquo;infos ?<\/p>\n<p><a href=\"https:\/\/eseis-afris.eu\/job-dating\/\" target=\"_blank\" rel=\"noopener nofollow\">Site web ESEIS<\/a><\/p>\n<p>Entr\u00e9e libre<\/p>\n<p>    <img width=\"450\" height=\"600\" src=\"https:\/\/www.europesays.com\/fr\/wp-content\/uploads\/2025\/05\/projet-de-solidarite-etudiant-recolteconvoiukraine-450x600.jpg\" class=\"attachment-image-size-M size-image-size-M\" alt=\"ESEIS\" decoding=\"async\" loading=\"lazy\"  \/>         Projet de solidarit\u00e9 \u00e9tudiant &#8211; r\u00e9colte pour un convoi en Ukraine \u00a9 ESEIS \/ Document remis <\/p>\n","protected":false},"excerpt":{"rendered":"Accueil \/ Strasbourg \/ Tu cherches un job dans le social ? L\u2019\u00e9cole ESEIS organise un \u00ab job&hellip;\n","protected":false},"author":2,"featured_media":103102,"comment_status":"","ping_status":"","sticky":false,"template":"","format":"standard","meta":{"footnotes":""},"categories":[2820],"tags":[1111,11,21938,1777,674,1011,27,775,5113,12,25,801,640],"class_list":{"0":"post-103101","1":"post","2":"type-post","3":"status-publish","4":"format-standard","5":"has-post-thumbnail","7":"category-strasbourg","8":"tag-actu","9":"tag-actualites","10":"tag-eseis","11":"tag-eu","12":"tag-europe","13":"tag-fr","14":"tag-france","15":"tag-grand-est","16":"tag-job-dating","17":"tag-news","18":"tag-republique-francaise","19":"tag-social","20":"tag-strasbourg"},"share_on_mastodon":{"url":"https:\/\/pubeurope.com\/@fr\/114514538419725699","error":""},"_links":{"self":[{"href":"https:\/\/www.europesays.com\/fr\/wp-json\/wp\/v2\/posts\/103101","targetHints":{"allow":["GET"]}}],"collection":[{"href":"https:\/\/www.europesays.com\/fr\/wp-json\/wp\/v2\/posts"}],"about":[{"href":"https:\/\/www.europesays.com\/fr\/wp-json\/wp\/v2\/types\/post"}],"author":[{"embeddable":true,"href":"https:\/\/www.europesays.com\/fr\/wp-json\/wp\/v2\/users\/2"}],"replies":[{"embeddable":true,"href":"https:\/\/www.europesays.com\/fr\/wp-json\/wp\/v2\/comments?post=103101"}],"version-history":[{"count":0,"href":"https:\/\/www.europesays.com\/fr\/wp-json\/wp\/v2\/posts\/103101\/revisions"}],"wp:featuredmedia":[{"embeddable":true,"href":"https:\/\/www.europesays.com\/fr\/wp-json\/wp\/v2\/media\/103102"}],"wp:attachment":[{"href":"https:\/\/www.europesays.com\/fr\/wp-json\/wp\/v2\/media?parent=103101"}],"wp:term":[{"taxonomy":"category","embeddable":true,"href":"https:\/\/www.europesays.com\/fr\/wp-json\/wp\/v2\/categories?post=103101"},{"taxonomy":"post_tag","embeddable":true,"href":"https:\/\/www.europesays.com\/fr\/wp-json\/wp\/v2\/tags?post=103101"}],"curies":[{"name":"wp","href":"https:\/\/api.w.org\/{rel}","templated":true}]}}