{"id":103107,"date":"2025-05-15T23:54:08","date_gmt":"2025-05-15T23:54:08","guid":{"rendered":"https:\/\/www.europesays.com\/fr\/103107\/"},"modified":"2025-05-15T23:54:08","modified_gmt":"2025-05-15T23:54:08","slug":"previsions-du-vendredi-16-mai-2025-4","status":"publish","type":"post","link":"https:\/\/www.europesays.com\/fr\/103107\/","title":{"rendered":"pr\u00e9visions du vendredi 16 mai 2025"},"content":{"rendered":"<p>Nantes va conna\u00eetre une splendide journ\u00e9e tr\u00e8s ensoleill\u00e9e. Les maximales pourront atteindre 20\u00b0C et les minimales seront de 6\u00b0C. Un petit vent de nord-est sera ressenti par les habitants. Les temp\u00e9ratures avoisineront les 14\u00b0C au cours de la matin\u00e9e. L&rsquo;apr\u00e8s-midi, c&rsquo;est une hausse de plusieurs degr\u00e9s que vont enregistrer les temp\u00e9ratures. Les valeurs seront comprises entre 19 et 20\u00b0C. Dans la soir\u00e9e, les temp\u00e9ratures seront de 15\u00b0C. Durant la nuit de vendredi \u00e0 samedi, le ciel sera d\u00e9pourvu de nuages.<\/p>\n<p>C&rsquo;est un soleil magnifique qui va briller demain sur Nantes. Les temp\u00e9ratures afficheront entre 6 et 19\u00b0C. Un vent de nord-est rafra\u00eechira l\u00e9g\u00e8rement l&rsquo;atmosph\u00e8re. Une m\u00e9t\u00e9o plus chaude est attendue demain apr\u00e8s-midi puisque le mercure va conna\u00eetre une augmentation. Les valeurs seront de 18\u00b0C au minimum et de 19\u00b0C au maximum. Demain soir, on anticipe des temp\u00e9ratures d&rsquo;environ 15\u00b0C.<\/p>\n<p>Les jours qui suivent s&rsquo;annoncent identiques. On pr\u00e9voit des journ\u00e9es ensoleill\u00e9es, avec des temp\u00e9ratures dans les 16\u00b0C en moyenne.<\/p>\n<p><\/p>\n","protected":false},"excerpt":{"rendered":"Nantes va conna\u00eetre une splendide journ\u00e9e tr\u00e8s ensoleill\u00e9e. Les maximales pourront atteindre 20\u00b0C et les minimales seront de&hellip;\n","protected":false},"author":2,"featured_media":103108,"comment_status":"","ping_status":"","sticky":false,"template":"","format":"standard","meta":{"footnotes":""},"categories":[2818],"tags":[1111,11,1777,674,1011,27,766,12,2636,2119,25],"class_list":{"0":"post-103107","1":"post","2":"type-post","3":"status-publish","4":"format-standard","5":"has-post-thumbnail","7":"category-nantes","8":"tag-actu","9":"tag-actualites","10":"tag-eu","11":"tag-europe","12":"tag-fr","13":"tag-france","14":"tag-nantes","15":"tag-news","16":"tag-pays-de-la-loire","17":"tag-previsions-meteo","18":"tag-republique-francaise"},"share_on_mastodon":{"url":"https:\/\/pubeurope.com\/@fr\/114514550057815396","error":""},"_links":{"self":[{"href":"https:\/\/www.europesays.com\/fr\/wp-json\/wp\/v2\/posts\/103107","targetHints":{"allow":["GET"]}}],"collection":[{"href":"https:\/\/www.europesays.com\/fr\/wp-json\/wp\/v2\/posts"}],"about":[{"href":"https:\/\/www.europesays.com\/fr\/wp-json\/wp\/v2\/types\/post"}],"author":[{"embeddable":true,"href":"https:\/\/www.europesays.com\/fr\/wp-json\/wp\/v2\/users\/2"}],"replies":[{"embeddable":true,"href":"https:\/\/www.europesays.com\/fr\/wp-json\/wp\/v2\/comments?post=103107"}],"version-history":[{"count":0,"href":"https:\/\/www.europesays.com\/fr\/wp-json\/wp\/v2\/posts\/103107\/revisions"}],"wp:featuredmedia":[{"embeddable":true,"href":"https:\/\/www.europesays.com\/fr\/wp-json\/wp\/v2\/media\/103108"}],"wp:attachment":[{"href":"https:\/\/www.europesays.com\/fr\/wp-json\/wp\/v2\/media?parent=103107"}],"wp:term":[{"taxonomy":"category","embeddable":true,"href":"https:\/\/www.europesays.com\/fr\/wp-json\/wp\/v2\/categories?post=103107"},{"taxonomy":"post_tag","embeddable":true,"href":"https:\/\/www.europesays.com\/fr\/wp-json\/wp\/v2\/tags?post=103107"}],"curies":[{"name":"wp","href":"https:\/\/api.w.org\/{rel}","templated":true}]}}