{"id":103111,"date":"2025-05-15T23:56:10","date_gmt":"2025-05-15T23:56:10","guid":{"rendered":"https:\/\/www.europesays.com\/fr\/103111\/"},"modified":"2025-05-15T23:56:10","modified_gmt":"2025-05-15T23:56:10","slug":"previsions-du-vendredi-16-mai-2025-5","status":"publish","type":"post","link":"https:\/\/www.europesays.com\/fr\/103111\/","title":{"rendered":"pr\u00e9visions du vendredi 16 mai 2025"},"content":{"rendered":"<p>C&rsquo;est une belle journ\u00e9e dont va b\u00e9n\u00e9ficier Bordeaux, o\u00f9 le soleil va briller avec force. Le thermom\u00e8tre affichera 16\u00b0C en moyenne. Un vent de nord soufflera un peu, avec 13 km\/h. Une m\u00e9t\u00e9o plus chaude est \u00e0 pr\u00e9voir l&rsquo;apr\u00e8s-midi puisque le mercure va enregistrer une hausse. Les maximales iront jusqu&rsquo;\u00e0 22\u00b0C et les minimales seront de 21\u00b0C. Dans la soir\u00e9e, les temp\u00e9ratures seront de 17\u00b0C. C&rsquo;est un ciel d\u00e9pourvu de nuages que conna\u00eetra la nuit de vendredi \u00e0 samedi.<\/p>\n<p>Demain, un important soleil brillera sur Bordeaux. Il va faire 16\u00b0C en moyenne. Un petit vent de nord-est sera ressenti par les habitants. Les temp\u00e9ratures vont conna\u00eetre une augmentation de plusieurs degr\u00e9s durant l&rsquo;apr\u00e8s-midi. Les valeurs seront comprises entre 21 et 23\u00b0C.<\/p>\n<p>Les journ\u00e9es se suivent mais ne se ressemblent pas. Le temps sera changeant les jours suivants. On s&rsquo;attend \u00e0 une am\u00e9lioration lundi, apr\u00e8s une journ\u00e9e nuageuse dimanche.<\/p>\n<p><\/p>\n","protected":false},"excerpt":{"rendered":"C&rsquo;est une belle journ\u00e9e dont va b\u00e9n\u00e9ficier Bordeaux, o\u00f9 le soleil va briller avec force. Le thermom\u00e8tre affichera&hellip;\n","protected":false},"author":2,"featured_media":103112,"comment_status":"","ping_status":"","sticky":false,"template":"","format":"standard","meta":{"footnotes":""},"categories":[2817],"tags":[1111,11,3177,1997,1777,674,1011,27,2905,12,2219,2119,25],"class_list":{"0":"post-103111","1":"post","2":"type-post","3":"status-publish","4":"format-standard","5":"has-post-thumbnail","7":"category-bordeaux","8":"tag-actu","9":"tag-actualites","10":"tag-aquitaine","11":"tag-bordeaux","12":"tag-eu","13":"tag-europe","14":"tag-fr","15":"tag-france","16":"tag-gironde","17":"tag-news","18":"tag-nouvelle-aquitaine","19":"tag-previsions-meteo","20":"tag-republique-francaise"},"share_on_mastodon":{"url":"https:\/\/pubeurope.com\/@fr\/114514557941614706","error":""},"_links":{"self":[{"href":"https:\/\/www.europesays.com\/fr\/wp-json\/wp\/v2\/posts\/103111","targetHints":{"allow":["GET"]}}],"collection":[{"href":"https:\/\/www.europesays.com\/fr\/wp-json\/wp\/v2\/posts"}],"about":[{"href":"https:\/\/www.europesays.com\/fr\/wp-json\/wp\/v2\/types\/post"}],"author":[{"embeddable":true,"href":"https:\/\/www.europesays.com\/fr\/wp-json\/wp\/v2\/users\/2"}],"replies":[{"embeddable":true,"href":"https:\/\/www.europesays.com\/fr\/wp-json\/wp\/v2\/comments?post=103111"}],"version-history":[{"count":0,"href":"https:\/\/www.europesays.com\/fr\/wp-json\/wp\/v2\/posts\/103111\/revisions"}],"wp:featuredmedia":[{"embeddable":true,"href":"https:\/\/www.europesays.com\/fr\/wp-json\/wp\/v2\/media\/103112"}],"wp:attachment":[{"href":"https:\/\/www.europesays.com\/fr\/wp-json\/wp\/v2\/media?parent=103111"}],"wp:term":[{"taxonomy":"category","embeddable":true,"href":"https:\/\/www.europesays.com\/fr\/wp-json\/wp\/v2\/categories?post=103111"},{"taxonomy":"post_tag","embeddable":true,"href":"https:\/\/www.europesays.com\/fr\/wp-json\/wp\/v2\/tags?post=103111"}],"curies":[{"name":"wp","href":"https:\/\/api.w.org\/{rel}","templated":true}]}}