{"id":103113,"date":"2025-05-15T23:57:15","date_gmt":"2025-05-15T23:57:15","guid":{"rendered":"https:\/\/www.europesays.com\/fr\/103113\/"},"modified":"2025-05-15T23:57:15","modified_gmt":"2025-05-15T23:57:15","slug":"girondins-soufiane-bahassa-nest-pas-venu-a-bordeaux-pour-jouer-en-n3","status":"publish","type":"post","link":"https:\/\/www.europesays.com\/fr\/103113\/","title":{"rendered":"Girondins : \u201cSoufiane Bahassa n\u2019est pas venu \u00e0 Bordeaux pour jouer en N3\u201d"},"content":{"rendered":"<p><img decoding=\"async\" src=\"https:\/\/www.europesays.com\/fr\/wp-content\/uploads\/2025\/05\/671_7407b85607f236ee3a38960070acd894.jpg\" alt=\"Girondins : \u201cSoufiane Bahassa n\u2019est pas venu \u00e0 Bordeaux pour jouer en N3\u201d\" class=\"img-responsive mt-3\"\/><\/p>\n<p class=\"text-center mb-3\" style=\"font-size: 14px\">\u00a9 Iconsport<\/p>\n<p style=\"text-align: justify;\">\u00c9coutez ses propos ou lisez-les :<\/p>\n<p>\u00a0<\/p>\n<p><strong>\u00ab\u00a0La plupart des coachs des Girondins de Bordeaux finissent par perdre le fil\u00a0\u00bb<\/strong><\/p>\n<p style=\"text-align: justify;\">Jonathan d\u2019Agostino dans le <a href=\"https:\/\/www.youtube.com\/watch?v=ONM1rrCD860\" target=\"_blank\" rel=\"noopener\">Talk sur WebGirondins<\/a> : \u201cSoufiane Bahassa vient de Bourges, qui \u00e9tait le gros favori de cette poule. Il ne vient pas \u00e0 Bordeaux pour jouer en N3. Que ce soit Nathanael Bai ou Nassim Ranem, oui, effectivement, ce sont des exemples de surclassement plausibles. Bai d\u00e9marre la saison par d\u00e9faut. Il montre de bonnes choses et Youssouf Assogba arrive bless\u00e9 alors qu\u2019il est recrut\u00e9 pour \u00eatre au moins en concurrence au poste de lat\u00e9ral. Bai se met en place, fait plusieurs bons matchs, donc c\u2019est difficile de le sortir. Il a bien jou\u00e9 sa carte, et bravo \u00e0 lui. Ranem, c&rsquo;est un cas \u00e0 part. Il y a des joueurs qui \u00e9taient cens\u00e9s \u00eatre au-dessus de lui, mais qui n&rsquo;ont pas fait l&rsquo;affaire. Pour autant, tout n&rsquo;a pas \u00e9t\u00e9 bon non plus de son c\u00f4t\u00e9. Donc, la d\u00e9claration de Bruno Irl\u00e8s est incoh\u00e9rente. Je pense qu\u2019il perd le fil. Et, encore une fois, la plupart des coachs des Girondins de Bordeaux finissent par perdre le fil.\u201d<\/p>\n<p style=\"text-align: justify;\">\u00a0<\/p>\n<p>\u00c0 lire aussi &gt;&gt; <strong><a href=\"https:\/\/www.webgirondins.com\/actualite-girondins-dette-girondins-bordeaux-metropole-et-la-mairie-de-bordeaux-devraient-refuser-le-plan-de-remboursement-de-leur-creance-129083\" target=\"_blank\" rel=\"noopener\">Dette Girondins : Bordeaux M\u00e9tropole et la mairie de Bordeaux devraient refuser le plan de remboursement de leur cr\u00e9ance<\/a><\/strong><\/p>\n<p>\u00a0<\/p>\n","protected":false},"excerpt":{"rendered":"\u00a9 Iconsport \u00c9coutez ses propos ou lisez-les : \u00a0 \u00ab\u00a0La plupart des coachs des Girondins de Bordeaux finissent&hellip;\n","protected":false},"author":2,"featured_media":103114,"comment_status":"","ping_status":"","sticky":false,"template":"","format":"standard","meta":{"footnotes":""},"categories":[2817],"tags":[1111,11,14172,21940,8251,1997,3211,3721,8773,21939,8255,1777,674,1011,27,1987,3707,3212,14171,5236,4059,7826,9340,3133,12,2219,471,14657,7914,25,8250,5234,9867,5238],"class_list":{"0":"post-103113","1":"post","2":"type-post","3":"status-publish","4":"format-standard","5":"has-post-thumbnail","7":"category-bordeaux","8":"tag-actu","9":"tag-actualites","10":"tag-agostino","11":"tag-alignait","12":"tag-bahassa","13":"tag-bordeaux","14":"tag-bruno","15":"tag-chroniqueur","16":"tag-declaration","17":"tag-disant","18":"tag-etaient","19":"tag-eu","20":"tag-europe","21":"tag-fr","22":"tag-france","23":"tag-girondins","24":"tag-il","25":"tag-irles","26":"tag-jonathan","27":"tag-jouer","28":"tag-joueurs","29":"tag-lors","30":"tag-meilleurs","31":"tag-meme","32":"tag-news","33":"tag-nouvelle-aquitaine","34":"tag-pour","35":"tag-programmes","36":"tag-reagit","37":"tag-republique-francaise","38":"tag-soufiane","39":"tag-talk","40":"tag-venu","41":"tag-webgirondins"},"share_on_mastodon":{"url":"https:\/\/pubeurope.com\/@fr\/114514561863136589","error":""},"_links":{"self":[{"href":"https:\/\/www.europesays.com\/fr\/wp-json\/wp\/v2\/posts\/103113","targetHints":{"allow":["GET"]}}],"collection":[{"href":"https:\/\/www.europesays.com\/fr\/wp-json\/wp\/v2\/posts"}],"about":[{"href":"https:\/\/www.europesays.com\/fr\/wp-json\/wp\/v2\/types\/post"}],"author":[{"embeddable":true,"href":"https:\/\/www.europesays.com\/fr\/wp-json\/wp\/v2\/users\/2"}],"replies":[{"embeddable":true,"href":"https:\/\/www.europesays.com\/fr\/wp-json\/wp\/v2\/comments?post=103113"}],"version-history":[{"count":0,"href":"https:\/\/www.europesays.com\/fr\/wp-json\/wp\/v2\/posts\/103113\/revisions"}],"wp:featuredmedia":[{"embeddable":true,"href":"https:\/\/www.europesays.com\/fr\/wp-json\/wp\/v2\/media\/103114"}],"wp:attachment":[{"href":"https:\/\/www.europesays.com\/fr\/wp-json\/wp\/v2\/media?parent=103113"}],"wp:term":[{"taxonomy":"category","embeddable":true,"href":"https:\/\/www.europesays.com\/fr\/wp-json\/wp\/v2\/categories?post=103113"},{"taxonomy":"post_tag","embeddable":true,"href":"https:\/\/www.europesays.com\/fr\/wp-json\/wp\/v2\/tags?post=103113"}],"curies":[{"name":"wp","href":"https:\/\/api.w.org\/{rel}","templated":true}]}}