{"id":1031159,"date":"2026-06-29T02:36:18","date_gmt":"2026-06-29T02:36:18","guid":{"rendered":"https:\/\/www.europesays.com\/fr\/1031159\/"},"modified":"2026-06-29T02:36:18","modified_gmt":"2026-06-29T02:36:18","slug":"video-une-plaque-en-memoire-des-eleves-agresses-sexuellement-de-saint-stanislas","status":"publish","type":"post","link":"https:\/\/www.europesays.com\/fr\/1031159\/","title":{"rendered":"VID\u00c9O. Une plaque en m\u00e9moire des \u00e9l\u00e8ves agress\u00e9s sexuellement de Saint-Stanislas"},"content":{"rendered":"<p>Au pied de l&rsquo;escalier central, dans la cour du coll\u00e8ge-lyc\u00e9e Saint-Stanislas, des victimes, des proches de victimes, des repr\u00e9sentants de l&rsquo;\u00e9tablissement, de l&rsquo;enseignement catholique et du dioc\u00e8se, ont d\u00e9voil\u00e9 une plaque en m\u00e9moire <a href=\"https:\/\/www.ouest-france.fr\/faits-divers\/violence-sexuelle\/abus-sexuels-a-saint-stanislas-a-nantes-une-nouvelle-plainte-et-87-temoignages-8deebf52-9882-11f0-a80f-a047f9eb8a5b\" rel=\"nofollow noopener\" target=\"_blank\">des anciens \u00e9l\u00e8ves victimes d&rsquo;agressions sexuelles<\/a> lors de leur scolarit\u00e9, entre les ann\u00e9es 1950 et 2000.\u00a0<\/p>\n<p><a href=\"https:\/\/www.ouest-france.fr\/pays-de-la-loire\/nantes-44000\/nous-honorons-leur-courage-dans-la-cour-du-college-lycee-nantais-la-memoire-des-eleves-abuses-gravee-dans-le-marbre-40215c2c-7247-11f1-82f2-8f02834cc235\" rel=\"nofollow noopener\" target=\"_blank\">Cette plaque a \u00e9t\u00e9 appos\u00e9e \u00e0 la demande du collectif \u00ab Saint-Stanislas victimes de l&rsquo;institution \u00bb<\/a>, cr\u00e9\u00e9 en septembre 2025, \u00e0 la suite de d\u00e9nonciations d&rsquo;abus sexuels et de l&rsquo;appel \u00e0 t\u00e9moignage lanc\u00e9 par le dioc\u00e8se.\u00a0<\/p>\n<p><strong>\u00ab C&rsquo;est un s\u00e9isme de revenir ici \u00bb,<\/strong> a confi\u00e9 Emmanuel Cocaul, membre du collectif, qui n&rsquo;\u00e9tait pas revenu dans l&rsquo;\u00e9tablissement depuis ses 18 ans, en 1984.\u00a0<\/p>\n","protected":false},"excerpt":{"rendered":"Au pied de l&rsquo;escalier central, dans la cour du coll\u00e8ge-lyc\u00e9e Saint-Stanislas, des victimes, des proches de victimes, des&hellip;\n","protected":false},"author":2,"featured_media":1031160,"comment_status":"","ping_status":"","sticky":false,"template":"","format":"standard","meta":{"footnotes":"","_share_on_mastodon":"0"},"categories":[2818],"tags":[1111,11,1267,9614,1777,674,1011,27,3047,766,12,2636,11725,25],"class_list":["post-1031159","post","type-post","status-publish","format-standard","has-post-thumbnail","category-nantes","tag-actu","tag-actualites","tag-agression-sexuelle","tag-enseignement","tag-eu","tag-europe","tag-fr","tag-france","tag-loire-atlantique","tag-nantes","tag-news","tag-pays-de-la-loire","tag-religions","tag-republique-francaise"],"share_on_mastodon":{"url":"https:\/\/pubeurope.com\/@fr\/116831072189502604","error":""},"_links":{"self":[{"href":"https:\/\/www.europesays.com\/fr\/wp-json\/wp\/v2\/posts\/1031159","targetHints":{"allow":["GET"]}}],"collection":[{"href":"https:\/\/www.europesays.com\/fr\/wp-json\/wp\/v2\/posts"}],"about":[{"href":"https:\/\/www.europesays.com\/fr\/wp-json\/wp\/v2\/types\/post"}],"author":[{"embeddable":true,"href":"https:\/\/www.europesays.com\/fr\/wp-json\/wp\/v2\/users\/2"}],"replies":[{"embeddable":true,"href":"https:\/\/www.europesays.com\/fr\/wp-json\/wp\/v2\/comments?post=1031159"}],"version-history":[{"count":0,"href":"https:\/\/www.europesays.com\/fr\/wp-json\/wp\/v2\/posts\/1031159\/revisions"}],"wp:featuredmedia":[{"embeddable":true,"href":"https:\/\/www.europesays.com\/fr\/wp-json\/wp\/v2\/media\/1031160"}],"wp:attachment":[{"href":"https:\/\/www.europesays.com\/fr\/wp-json\/wp\/v2\/media?parent=1031159"}],"wp:term":[{"taxonomy":"category","embeddable":true,"href":"https:\/\/www.europesays.com\/fr\/wp-json\/wp\/v2\/categories?post=1031159"},{"taxonomy":"post_tag","embeddable":true,"href":"https:\/\/www.europesays.com\/fr\/wp-json\/wp\/v2\/tags?post=1031159"}],"curies":[{"name":"wp","href":"https:\/\/api.w.org\/{rel}","templated":true}]}}