{"id":103126,"date":"2025-05-16T00:04:12","date_gmt":"2025-05-16T00:04:12","guid":{"rendered":"https:\/\/www.europesays.com\/fr\/103126\/"},"modified":"2025-05-16T00:04:12","modified_gmt":"2025-05-16T00:04:12","slug":"le-4e-edition-du-forum-de-la-finance-ethique-se-tient-ce-samedi-a-lyon","status":"publish","type":"post","link":"https:\/\/www.europesays.com\/fr\/103126\/","title":{"rendered":"Le 4e \u00e9dition du Forum de la finance \u00e9thique se tient ce samedi \u00e0 Lyon"},"content":{"rendered":"<p><img width=\"487\" height=\"298\" src=\"https:\/\/www.europesays.com\/fr\/wp-content\/uploads\/2025\/05\/hoteldevillemairielyon.jpg\" class=\"attachment-post-thumbnail size-post-thumbnail wp-post-image\" alt=\"\" decoding=\"async\" fetchpriority=\"high\" \/>\t<\/p>\n<p><strong>Celui-ci est co-organis\u00e9 avec le collectif Gonansol.<\/strong><\/p>\n<p>La Ville de Lyon accueille ce samedi 17 mai la 4e \u00e9dition du Forum de la finance \u00e9thique. Cet \u00e9v\u00e8nement, co-organis\u00e9 avec le collectif Gonansol et labellis\u00e9 Lyon 2030, permet de faire d\u00e9couvrir au grand public les structures locales qui \u0153uvrent pour la transition \u00e9cologique et sociale et dans lesquelles il est possible de placer son \u00e9pargne.<\/p>\n<p>La Ville de Lyon rappelle que, selon une \u00e9tude de l\u2019IFOP, 6 Fran\u00e7ais sur 10 accordent de l\u2019importance aux impacts environnementaux et sociaux dans leurs d\u00e9cisions de placement, ils et elles ayant conscience que les placements financiers peuvent nuire \u00e0 la plan\u00e8te et aux droits humains. La finance responsable et solidaire reste pour autant, \u00e0 ce jour, un univers m\u00e9connu pour 65% des Fran\u00e7ais. La Ville de Lyon, consciente de ces enjeux, a exprim\u00e9, d\u00e8s 2021, le souhait de participer \u00e0 un nouveau mod\u00e8le, local, \u00e9thique et ind\u00e9pendant aussi bien en mati\u00e8re d\u2019\u00e9conomie que de syst\u00e8me financier (\u00e9pargne et emprunts). Le premier Forum de la Finance \u00e9thique s\u2019est ainsi tenu le 8 novembre 2022 au sein de l\u2019H\u00f4tel de Ville de Lyon.<\/p>\n<p>L\u2019objectif de cet \u00e9v\u00e8nement est d\u2019informer et faire se rencontrer les investisseurs soucieux de r\u00e9aliser des placements \u00e9thiques, des banques et des associations d\u00e9j\u00e0 engag\u00e9es sur le territoire lyonnais.<\/p>\n<p>Co-organis\u00e9 avec le collectif Gonansol qui rassemble plusieurs acteurs engag\u00e9s dans la finance solidaire en r\u00e9gion lyonnaise, la 4e \u00e9dition du Forum de la Finance \u00e9thique aura lieu cette ann\u00e9e, le 17 mai dans l\u2019Atrium de l\u2019H\u00f4tel de Ville. Une vingtaine de structures seront pr\u00e9sentes.<\/p>\n<p>L\u2019\u00e9v\u00e8nement, lab\u00e9lis\u00e9 Lyon 2030, d\u00e9butera \u00e0 13 heures et se d\u00e9roulera jusqu\u2019\u00e0 17h30. En compl\u00e9ment du Forum, la Ville de Lyon, en partenariat avec La Fresque de la Finance et la Gonette, donne la possibilit\u00e9 aux visiteurs de participer \u00e0 une fresque de la finance et \u00e0 une fresque de la monnaie. Le rendez-vous est donn\u00e9 \u00e0 14 heures. Sur inscription<\/p>\n<blockquote class=\"wp-block-quote is-layout-flow wp-block-quote-is-layout-flow\">\n<p>\u00ab Les choix que nous faisons \u00e0 la Ville de Lyon, \u00e0 travers notre \u00e9pargne et nos placements, ne sont pas neutres. Choisir la finance \u00e9thique, c\u2019est participer \u00e0 un mod\u00e8le de d\u00e9veloppement \u00e9conomique plus vertueux, qui \u0153uvre pour la transition \u00e9cologique et sociale. \u00bb<\/p>\n<p>Audrey H\u00e9nocque, premi\u00e8re adjointe au maire de Lyon d\u00e9l\u00e9gu\u00e9e aux finances, \u00e0 la culture et aux grands \u00e9v\u00e9nements<\/p><\/blockquote>\n<p><strong>Si vous avez appr\u00e9ci\u00e9 cet article, s&rsquo;il vous plait, prenez le temps de <a href=\"#comments\">laisser un commentaire<\/a> ou de <a href=\"http:\/\/www.lyonpoleimmo.com\/feed\/\" rel=\"nofollow noopener\" target=\"_blank\">souscrire au flux<\/a> afin de recevoir les futurs articles directement dans votre lecteur de flux.<br \/>\n    <\/strong><\/p>\n<p>\t<a href=\"http:\/\/www.lyonpoleimmo.com\/2025\/04\/01\/90259\/la-capeb-fait-des-propositions-sur-la-lutte-contre-les-fraudes-aux-aides\/\" rel=\"bookmark nofollow noopener\" title=\"Lien Permanent vers La CAPEB fait des propositions sur la lutte contre les fraudes aux aides\" target=\"_blank\">La CAPEB fait des propositions sur la lutte contre les fraudes aux aides<\/a><\/p>\n<p>\t<a href=\"http:\/\/www.lyonpoleimmo.com\/2025\/04\/01\/90259\/la-capeb-fait-des-propositions-sur-la-lutte-contre-les-fraudes-aux-aides\/\" rel=\"bookmark nofollow noopener\" title=\"Lien Permanent vers La CAPEB fait des propositions sur la lutte contre les fraudes aux aides\" target=\"_blank\"><\/p>\n<p><img decoding=\"async\" src=\"https:\/\/www.europesays.com\/fr\/wp-content\/uploads\/2025\/04\/CAPEB-2.jpg\" alt=\"null\" \/>La CAPEB plaide pour une loi qui prot\u00e8ge les particuliers et garantit la qualit\u00e9 des travaux, en amont de l\u2019examen de la proposition de loi visant \u00e0 lutter contre les fraudes aux aides publiques. Elle cible ainsi les soci\u00e9t\u00e9s fraudeuses op\u00e9rant sur le march\u00e9 de la r\u00e9novation \u00e9nerg\u00e9tique.<\/p>\n<p><\/a><\/p>\n<p>\t<a href=\"http:\/\/www.lyonpoleimmo.com\/2025\/03\/05\/89778\/une-mission-devaluation-sur-la-re2020\/\" rel=\"bookmark nofollow noopener\" title=\"Lien Permanent vers Une mission d\u2019\u00e9valuation sur la RE2020\" target=\"_blank\">Une mission d\u2019\u00e9valuation sur la RE2020<\/a><\/p>\n<p>\t<a href=\"http:\/\/www.lyonpoleimmo.com\/2025\/03\/05\/89778\/une-mission-devaluation-sur-la-re2020\/\" rel=\"bookmark nofollow noopener\" title=\"Lien Permanent vers Une mission d\u2019\u00e9valuation sur la RE2020\" target=\"_blank\"><\/p>\n<p><img decoding=\"async\" src=\"https:\/\/www.europesays.com\/fr\/wp-content\/uploads\/2025\/05\/Letard-1.jpg\" alt=\"null\" \/>Le minist\u00e8re charg\u00e9 du logement a indiqu\u00e9 ce mercredi que Val\u00e9rie L\u00e9tard lan\u00e7ait une mission d\u2019\u00e9valuation de la r\u00e9glementation environnementale en mati\u00e8re de construction.<\/p>\n<p><\/a><\/p>\n<p>\t<a href=\"http:\/\/www.lyonpoleimmo.com\/2025\/02\/27\/89695\/40-millions-deuros-pour-le-fonds-elan\/\" rel=\"bookmark nofollow noopener\" title=\"Lien Permanent vers 40 millions d\u2019euros pour le fonds ELAN\" target=\"_blank\">40 millions d\u2019euros pour le fonds ELAN<\/a><\/p>\n<p>\t<a href=\"http:\/\/www.lyonpoleimmo.com\/2025\/02\/27\/89695\/40-millions-deuros-pour-le-fonds-elan\/\" rel=\"bookmark nofollow noopener\" title=\"Lien Permanent vers 40 millions d\u2019euros pour le fonds ELAN\" target=\"_blank\"><\/p>\n<p>Ce fonds constitue une initiative de portage de foncier agricole, visant \u00e0 favoriser la nouvelle g\u00e9n\u00e9ration d\u2019agriculteurs en France.<\/p>\n<p><\/a><\/p>\n<p>\t<a href=\"http:\/\/www.lyonpoleimmo.com\/2025\/01\/26\/89109\/ternay-reforestation-dans-le-cadre-du-projet-le-domaine-de-buyat\/\" rel=\"bookmark nofollow noopener\" title=\"Lien Permanent vers Ternay : reforestation dans le cadre du projet \u00ab Le Domaine de Buyat \u00bb\" target=\"_blank\">Ternay : reforestation dans le cadre du projet \u00ab Le Domaine de Buyat \u00bb<\/a><\/p>\n<p>\t<a href=\"http:\/\/www.lyonpoleimmo.com\/2025\/01\/26\/89109\/ternay-reforestation-dans-le-cadre-du-projet-le-domaine-de-buyat\/\" rel=\"bookmark nofollow noopener\" title=\"Lien Permanent vers Ternay : reforestation dans le cadre du projet \u00ab Le Domaine de Buyat \u00bb\" target=\"_blank\"><\/p>\n<p>L\u2019agence lyonnaise du Cr\u00e9dit Mutuel Am\u00e9nagement Foncier, qui s\u2019engage pour un projet durable, a fait que, pour chaque m\u00b2 construit, un m\u00b2 de for\u00eat est recr\u00e9\u00e9 dans le parc communal de Ternay.<\/p>\n<p><\/a><\/p>\n<p>\t<a href=\"http:\/\/www.lyonpoleimmo.com\/2025\/01\/16\/88992\/le-decret-de-simplification-de-la-re2020-est-publie\/\" rel=\"bookmark nofollow noopener\" title=\"Lien Permanent vers Le d\u00e9cret de simplification de la RE2020 est publi\u00e9\" target=\"_blank\">Le d\u00e9cret de simplification de la RE2020 est publi\u00e9<\/a><\/p>\n<p>\t<a href=\"http:\/\/www.lyonpoleimmo.com\/2025\/01\/16\/88992\/le-decret-de-simplification-de-la-re2020-est-publie\/\" rel=\"bookmark nofollow noopener\" title=\"Lien Permanent vers Le d\u00e9cret de simplification de la RE2020 est publi\u00e9\" target=\"_blank\"><\/p>\n<p>Ce d\u00e9cret de simplification de la r\u00e9glementation environnementale 2020 fixant les r\u00e8gles environnementales aux constructions neuves a \u00e9t\u00e9 publi\u00e9 le 31 d\u00e9cembre, apr\u00e8s 18 mois de retours d\u2019exp\u00e9rience.<\/p>\n<p><\/a><\/p>\n<p>\t<a href=\"http:\/\/www.lyonpoleimmo.com\/2024\/11\/28\/88314\/vers-un-patrimoine-plus-equilibre-pour-covivio\/\" rel=\"bookmark nofollow noopener\" title=\"Lien Permanent vers Vers un patrimoine plus \u00e9quilibr\u00e9 pour Covivio\" target=\"_blank\">Vers un patrimoine plus \u00e9quilibr\u00e9 pour Covivio<\/a><\/p>\n<p>\t<a href=\"http:\/\/www.lyonpoleimmo.com\/2024\/11\/28\/88314\/vers-un-patrimoine-plus-equilibre-pour-covivio\/\" rel=\"bookmark nofollow noopener\" title=\"Lien Permanent vers Vers un patrimoine plus \u00e9quilibr\u00e9 pour Covivio\" target=\"_blank\"><\/p>\n<p>A l\u2019occasion de son \u00abCapital Markets Day\u00bb, le groupe indique vouloir \u00e9quilibrer son patrimoine vers un tiers d\u2019exposition entre h\u00f4tels, logements, et bureaux. Il a en outre d\u00e9voil\u00e9 la signature d\u2019un accord avec Valesco sur le futur si\u00e8ge social de Moncler \u00e0 Milan, pour un montant de 200 millions d\u2019euros.<\/p>\n<p><\/a><\/p>\n<p>\t<a href=\"http:\/\/www.lyonpoleimmo.com\/2024\/11\/26\/88282\/des-rencontres-dautomne-de-la-fpi-sur-le-theme-de-la-densite-et-de-la-vegetalisation\/\" rel=\"bookmark nofollow noopener\" title=\"Lien Permanent vers Des rencontres d\u2019automne de la FPI sur le th\u00e8me de la densit\u00e9 et de la v\u00e9g\u00e9talisation\" target=\"_blank\">Des rencontres d\u2019automne de la FPI sur le th\u00e8me de la densit\u00e9 et de la v\u00e9g\u00e9talisation<\/a><\/p>\n<p>\t<a href=\"http:\/\/www.lyonpoleimmo.com\/2024\/11\/26\/88282\/des-rencontres-dautomne-de-la-fpi-sur-le-theme-de-la-densite-et-de-la-vegetalisation\/\" rel=\"bookmark nofollow noopener\" title=\"Lien Permanent vers Des rencontres d\u2019automne de la FPI sur le th\u00e8me de la densit\u00e9 et de la v\u00e9g\u00e9talisation\" target=\"_blank\"><\/p>\n<p><img decoding=\"async\" src=\"https:\/\/www.europesays.com\/fr\/wp-content\/uploads\/2025\/05\/table-ronde-Desaix.jpg\" \/><br \/>La f\u00e9d\u00e9ration des promoteurs immobiliers de la r\u00e9gion lyonnaise organisait vendredi ses traditionnelles rencontres d\u2019automne avec pour th\u00e8me \u00abdensit\u00e9 et v\u00e9g\u00e9talisation, alliance contre-nature ou association vertueuse\u00bb.<\/p>\n<p><\/a><\/p>\n<p>\t<a href=\"http:\/\/www.lyonpoleimmo.com\/2024\/11\/26\/88267\/la-ville-de-lyon-a-reduit-de-22-sa-consommation-denergies-depuis-2019\/\" rel=\"bookmark nofollow noopener\" title=\"Lien Permanent vers La Ville de Lyon a r\u00e9duit de 22% sa consommation d\u2019\u00e9nergies depuis 2019\" target=\"_blank\">La Ville de Lyon a r\u00e9duit de 22% sa consommation d\u2019\u00e9nergies depuis 2019<\/a><\/p>\n<p>\t<a href=\"http:\/\/www.lyonpoleimmo.com\/2024\/11\/26\/88267\/la-ville-de-lyon-a-reduit-de-22-sa-consommation-denergies-depuis-2019\/\" rel=\"bookmark nofollow noopener\" title=\"Lien Permanent vers La Ville de Lyon a r\u00e9duit de 22% sa consommation d\u2019\u00e9nergies depuis 2019\" target=\"_blank\"><\/p>\n<p>L\u2019\u00e9conomie sur la consommation totale d\u2019\u00e9nergies repr\u00e9sente une \u00e9conomie cumul\u00e9e de 8,6 millions d\u2019euros.<\/p>\n<p><\/a><\/p>\n<p>\t<a href=\"http:\/\/www.lyonpoleimmo.com\/2024\/11\/05\/87945\/600-000-renovations-de-logements-vises-par-la-3e-ppe\/\" rel=\"bookmark nofollow noopener\" title=\"Lien Permanent vers 600.000 r\u00e9novations de logements vis\u00e9s par la 3e PPE\" target=\"_blank\">600.000 r\u00e9novations de logements vis\u00e9s par la 3e PPE<\/a><\/p>\n<p>\t<a href=\"http:\/\/www.lyonpoleimmo.com\/2024\/11\/05\/87945\/600-000-renovations-de-logements-vises-par-la-3e-ppe\/\" rel=\"bookmark nofollow noopener\" title=\"Lien Permanent vers 600.000 r\u00e9novations de logements vis\u00e9s par la 3e PPE\" target=\"_blank\"><\/p>\n<p>L\u2019\u00c9tat a pr\u00e9sent\u00e9 ce lundi la 3\u1d49 programmation pluriannuelle de l\u2019\u00e9nergie (PPE) et la 3\u1d49 strat\u00e9gie nationale bas-carbone (SNBC), avec comme objectifs la r\u00e9novation de 400.000 maisons individuelles et 200.000 logements collectifs par an. La question des moyens reste toutefois pos\u00e9e par les acteurs.<\/p>\n<p><\/a><\/p>\n<p>\t<a href=\"http:\/\/www.lyonpoleimmo.com\/2024\/10\/01\/87398\/rillieux-la-pape-le-plus-grand-parc-photovoltaique-au-sol-de-la-metropole-lance\/\" rel=\"bookmark nofollow noopener\" title=\"Lien Permanent vers Rillieux-la-Pape\u00a0: le plus grand parc photovolta\u00efque au sol de la M\u00e9tropole lanc\u00e9\" target=\"_blank\">Rillieux-la-Pape\u00a0: le plus grand parc photovolta\u00efque au sol de la M\u00e9tropole lanc\u00e9<\/a><\/p>\n<p>\t<a href=\"http:\/\/www.lyonpoleimmo.com\/2024\/10\/01\/87398\/rillieux-la-pape-le-plus-grand-parc-photovoltaique-au-sol-de-la-metropole-lance\/\" rel=\"bookmark nofollow noopener\" title=\"Lien Permanent vers Rillieux-la-Pape\u00a0: le plus grand parc photovolta\u00efque au sol de la M\u00e9tropole lanc\u00e9\" target=\"_blank\"><\/p>\n<p>La M\u00e9tropole de Lyon lance ce projet sur l\u2019ancien centre d\u2019enfouissement technique de Rillieux-la-Pape.<\/p>\n<p><\/a><\/p>\n<p>\t<a href=\"http:\/\/www.lyonpoleimmo.com\/2024\/09\/15\/87082\/le-palais-de-bondy-a-rouvert-ce-samedi\/\" rel=\"bookmark nofollow noopener\" title=\"Lien Permanent vers Le Palais de Bondy a rouvert ce samedi\" target=\"_blank\">Le Palais de Bondy a rouvert ce samedi<\/a><\/p>\n<p>\t<a href=\"http:\/\/www.lyonpoleimmo.com\/2024\/09\/15\/87082\/le-palais-de-bondy-a-rouvert-ce-samedi\/\" rel=\"bookmark nofollow noopener\" title=\"Lien Permanent vers Le Palais de Bondy a rouvert ce samedi\" target=\"_blank\"><\/p>\n<p><img decoding=\"async\" src=\"https:\/\/www.europesays.com\/fr\/wp-content\/uploads\/2025\/05\/palaisdebondy.jpg\" alt=\"null\" \/>Ce lieu d\u2019accueil de concerts, spectacles, enseignement musical et expositions a rouvert avec le salon d\u2019art contemporain Regain \u00e0 retrouver dans les salons d\u2019exposition.<\/p>\n<p><\/a><\/p>\n<p>\t<a href=\"http:\/\/www.lyonpoleimmo.com\/2024\/09\/09\/86975\/la-convention-metropolitaine-pour-le-climat-debutera-vendredi\/\" rel=\"bookmark nofollow noopener\" title=\"Lien Permanent vers La convention m\u00e9tropolitaine pour le climat d\u00e9butera vendredi\" target=\"_blank\">La convention m\u00e9tropolitaine pour le climat d\u00e9butera vendredi<\/a><\/p>\n<p>\t<a href=\"http:\/\/www.lyonpoleimmo.com\/2024\/09\/09\/86975\/la-convention-metropolitaine-pour-le-climat-debutera-vendredi\/\" rel=\"bookmark nofollow noopener\" title=\"Lien Permanent vers La convention m\u00e9tropolitaine pour le climat d\u00e9butera vendredi\" target=\"_blank\"><\/p>\n<p><img decoding=\"async\" src=\"https:\/\/www.europesays.com\/fr\/wp-content\/uploads\/2025\/05\/convention-climat.jpg\" alt=\"null\" \/>C\u2019est ce vendredi 13 septembre que d\u00e9butera la convention citoyenne organis\u00e9e par la M\u00e9tropole de Lyon. Elle s\u2019\u00e9talera sur plusieurs mois, \u00e0 travers 5 sessions.<\/p>\n<p><\/a><\/p>\n<p>\t<a href=\"http:\/\/www.lyonpoleimmo.com\/2024\/09\/04\/86881\/sathonay-camp-la-phase-2-de-larboretum-clemence-lortet-inauguree\/\" rel=\"bookmark nofollow noopener\" title=\"Lien Permanent vers Sathonay-Camp\u00a0: la phase 2 de l\u2019arboretum Cl\u00e9mence Lortet inaugur\u00e9e\" target=\"_blank\">Sathonay-Camp\u00a0: la phase 2 de l\u2019arboretum Cl\u00e9mence Lortet inaugur\u00e9e<\/a><\/p>\n<p>\t<a href=\"http:\/\/www.lyonpoleimmo.com\/2024\/09\/04\/86881\/sathonay-camp-la-phase-2-de-larboretum-clemence-lortet-inauguree\/\" rel=\"bookmark nofollow noopener\" title=\"Lien Permanent vers Sathonay-Camp\u00a0: la phase 2 de l\u2019arboretum Cl\u00e9mence Lortet inaugur\u00e9e\" target=\"_blank\"><\/p>\n<p><img decoding=\"async\" src=\"https:\/\/www.europesays.com\/fr\/wp-content\/uploads\/2025\/05\/inauguration-arboretum.jpg\" alt=\"null\" \/><\/p>\n<p>Cette collection de 127 arbres et arbustes a \u00e9t\u00e9 inaugur\u00e9e jeudi en pr\u00e9sence de Damien Monnet, maire de la commune et de Bruno Bernard, pr\u00e9sident de la M\u00e9tropole de Lyon.<\/p>\n<p><\/a><\/p>\n<p>\t<a href=\"http:\/\/www.lyonpoleimmo.com\/2024\/08\/27\/86748\/la-ville-de-lyon-renove-son-patrimoine-scolaire\/\" rel=\"bookmark nofollow noopener\" title=\"Lien Permanent vers La Ville de Lyon r\u00e9nove son patrimoine scolaire\" target=\"_blank\">La Ville de Lyon r\u00e9nove son patrimoine scolaire<\/a><\/p>\n<p>\t<a href=\"http:\/\/www.lyonpoleimmo.com\/2024\/08\/27\/86748\/la-ville-de-lyon-renove-son-patrimoine-scolaire\/\" rel=\"bookmark nofollow noopener\" title=\"Lien Permanent vers La Ville de Lyon r\u00e9nove son patrimoine scolaire\" target=\"_blank\"><\/p>\n<p><img decoding=\"async\" src=\"https:\/\/www.europesays.com\/fr\/wp-content\/uploads\/2025\/05\/rehab-ecole.jpg\" alt=\"null\" \/>La collectivit\u00e9 entend, par ces r\u00e9novations, acc\u00e9l\u00e9rer l\u2019adaptation de son parc immobilier scolaire au changement climatique.<\/p>\n<p><\/a><\/p>\n<p>\t<a href=\"http:\/\/www.lyonpoleimmo.com\/2024\/08\/06\/86636\/des-ventes-plus-rapides-pour-les-passoires-thermiques\/\" rel=\"bookmark nofollow noopener\" title=\"Lien Permanent vers Des ventes plus rapides pour les passoires thermiques\" target=\"_blank\">Des ventes plus rapides pour les passoires thermiques<\/a><\/p>\n<p>\t<a href=\"http:\/\/www.lyonpoleimmo.com\/2024\/08\/06\/86636\/des-ventes-plus-rapides-pour-les-passoires-thermiques\/\" rel=\"bookmark nofollow noopener\" title=\"Lien Permanent vers Des ventes plus rapides pour les passoires thermiques\" target=\"_blank\"><\/p>\n<p><img decoding=\"async\" src=\"https:\/\/www.europesays.com\/fr\/wp-content\/uploads\/2025\/05\/immeubles_lyon.jpg\" alt=\"null\" \/>C\u2019est le constat dress\u00e9 par GoFlint, qui a d\u00e9voil\u00e9 ce mardi la quatri\u00e8me \u00e9dition de son barom\u00e8tre immobilier \u00ab\u00a0La Vigie\u00a0\u00bb.<\/p>\n<p><\/a><\/p>\n","protected":false},"excerpt":{"rendered":"Celui-ci est co-organis\u00e9 avec le collectif Gonansol. La Ville de Lyon accueille ce samedi 17 mai la 4e&hellip;\n","protected":false},"author":2,"featured_media":103127,"comment_status":"","ping_status":"","sticky":false,"template":"","format":"standard","meta":{"footnotes":""},"categories":[1889],"tags":[1111,11,2430,1777,674,1011,27,21944,2428,12,25],"class_list":{"0":"post-103126","1":"post","2":"type-post","3":"status-publish","4":"format-standard","5":"has-post-thumbnail","7":"category-lyon","8":"tag-actu","9":"tag-actualites","10":"tag-auvergne-rhone-alpes","11":"tag-eu","12":"tag-europe","13":"tag-fr","14":"tag-france","15":"tag-immobilier-durable","16":"tag-lyon","17":"tag-news","18":"tag-republique-francaise"},"share_on_mastodon":{"url":"https:\/\/pubeurope.com\/@fr\/114514589654007596","error":""},"_links":{"self":[{"href":"https:\/\/www.europesays.com\/fr\/wp-json\/wp\/v2\/posts\/103126","targetHints":{"allow":["GET"]}}],"collection":[{"href":"https:\/\/www.europesays.com\/fr\/wp-json\/wp\/v2\/posts"}],"about":[{"href":"https:\/\/www.europesays.com\/fr\/wp-json\/wp\/v2\/types\/post"}],"author":[{"embeddable":true,"href":"https:\/\/www.europesays.com\/fr\/wp-json\/wp\/v2\/users\/2"}],"replies":[{"embeddable":true,"href":"https:\/\/www.europesays.com\/fr\/wp-json\/wp\/v2\/comments?post=103126"}],"version-history":[{"count":0,"href":"https:\/\/www.europesays.com\/fr\/wp-json\/wp\/v2\/posts\/103126\/revisions"}],"wp:featuredmedia":[{"embeddable":true,"href":"https:\/\/www.europesays.com\/fr\/wp-json\/wp\/v2\/media\/103127"}],"wp:attachment":[{"href":"https:\/\/www.europesays.com\/fr\/wp-json\/wp\/v2\/media?parent=103126"}],"wp:term":[{"taxonomy":"category","embeddable":true,"href":"https:\/\/www.europesays.com\/fr\/wp-json\/wp\/v2\/categories?post=103126"},{"taxonomy":"post_tag","embeddable":true,"href":"https:\/\/www.europesays.com\/fr\/wp-json\/wp\/v2\/tags?post=103126"}],"curies":[{"name":"wp","href":"https:\/\/api.w.org\/{rel}","templated":true}]}}