{"id":103128,"date":"2025-05-16T00:05:15","date_gmt":"2025-05-16T00:05:15","guid":{"rendered":"https:\/\/www.europesays.com\/fr\/103128\/"},"modified":"2025-05-16T00:05:15","modified_gmt":"2025-05-16T00:05:15","slug":"lyon-un-week-end-couleur-cafe-avec-le-lyon-coffee-fest","status":"publish","type":"post","link":"https:\/\/www.europesays.com\/fr\/103128\/","title":{"rendered":"Lyon. Un week-end couleur caf\u00e9 avec le Lyon Coffee Fest"},"content":{"rendered":"<p>Encore une corde \u00e0 son arc culinaire\u00a0: Lyon, ville de caf\u00e9. C\u2019est ce que propose de d\u00e9couvrir la 1re \u00a0\u00e9dition du Lyon Coffee Fest qui se d\u00e9roule ces samedi\u00a017 (8\u00a0h\u00a030 \u00e0 21\u00a0h\u00a030) et dimanche 18\u00a0mai (10 heures \u00e0 18\u00a0h\u00a030) \u00e0 In-Sted (6 rue de la Part-Dieu). Ce festival veut permettre <a href=\"https:\/\/www.leprogres.fr\/economie\/2025\/01\/24\/c-est-une-star-au-sirha-le-cafe-la-nouvelle-ceremonie-a-maitriser\" target=\"_blank\" rel=\"noopener\">aux passionn\u00e9s et curieux<\/a> de rencontrer artisans torr\u00e9facteurs, tester des m\u00e9thodes d\u2019extraction, assister \u00e0 des shows baristas, des talks\u2026 Il vise \u00e0 mettre en lumi\u00e8re les caf\u00e9s de sp\u00e9cialit\u00e9 et \u00e0 souligner l\u2019importance de la tra\u00e7abilit\u00e9.<\/p>\n<p>Il entend aussi pr\u00e9senter le meilleur du caf\u00e9 local, avec des d\u00e9gustations, des concours et des discussions sur le d\u00e9veloppement durable et la place du caf\u00e9 dans le monde culinaire.<\/p>\n<p class=\"note\">Tarifs\u00a0: 8,90\u00a0\u20ac (r\u00e9duit 5\u00a0\u20ac, gratuit \u2013 12 ans). Infos et r\u00e9servations\u00a0: <a href=\"https:\/\/www.lyoncoffeefest.com\/\" target=\"_blank\" rel=\"noopener\">https:\/\/www.lyoncoffeefest.com\/<\/a><\/p>\n","protected":false},"excerpt":{"rendered":"Encore une corde \u00e0 son arc culinaire\u00a0: Lyon, ville de caf\u00e9. C\u2019est ce que propose de d\u00e9couvrir la&hellip;\n","protected":false},"author":2,"featured_media":103129,"comment_status":"","ping_status":"","sticky":false,"template":"","format":"standard","meta":{"footnotes":""},"categories":[1889],"tags":[1111,11,2430,1687,1777,674,1685,1011,27,2428,12,25],"class_list":{"0":"post-103128","1":"post","2":"type-post","3":"status-publish","4":"format-standard","5":"has-post-thumbnail","7":"category-lyon","8":"tag-actu","9":"tag-actualites","10":"tag-auvergne-rhone-alpes","11":"tag-culture-loisirs","12":"tag-eu","13":"tag-europe","14":"tag-foire-et-salon","15":"tag-fr","16":"tag-france","17":"tag-lyon","18":"tag-news","19":"tag-republique-francaise"},"share_on_mastodon":{"url":"https:\/\/pubeurope.com\/@fr\/114514593393348876","error":""},"_links":{"self":[{"href":"https:\/\/www.europesays.com\/fr\/wp-json\/wp\/v2\/posts\/103128","targetHints":{"allow":["GET"]}}],"collection":[{"href":"https:\/\/www.europesays.com\/fr\/wp-json\/wp\/v2\/posts"}],"about":[{"href":"https:\/\/www.europesays.com\/fr\/wp-json\/wp\/v2\/types\/post"}],"author":[{"embeddable":true,"href":"https:\/\/www.europesays.com\/fr\/wp-json\/wp\/v2\/users\/2"}],"replies":[{"embeddable":true,"href":"https:\/\/www.europesays.com\/fr\/wp-json\/wp\/v2\/comments?post=103128"}],"version-history":[{"count":0,"href":"https:\/\/www.europesays.com\/fr\/wp-json\/wp\/v2\/posts\/103128\/revisions"}],"wp:featuredmedia":[{"embeddable":true,"href":"https:\/\/www.europesays.com\/fr\/wp-json\/wp\/v2\/media\/103129"}],"wp:attachment":[{"href":"https:\/\/www.europesays.com\/fr\/wp-json\/wp\/v2\/media?parent=103128"}],"wp:term":[{"taxonomy":"category","embeddable":true,"href":"https:\/\/www.europesays.com\/fr\/wp-json\/wp\/v2\/categories?post=103128"},{"taxonomy":"post_tag","embeddable":true,"href":"https:\/\/www.europesays.com\/fr\/wp-json\/wp\/v2\/tags?post=103128"}],"curies":[{"name":"wp","href":"https:\/\/api.w.org\/{rel}","templated":true}]}}