{"id":1031332,"date":"2026-06-29T04:53:16","date_gmt":"2026-06-29T04:53:16","guid":{"rendered":"https:\/\/www.europesays.com\/fr\/1031332\/"},"modified":"2026-06-29T04:53:16","modified_gmt":"2026-06-29T04:53:16","slug":"canicule-et-vigilance-rouge-les-maraudes-sintensifient-a-saint-etienne","status":"publish","type":"post","link":"https:\/\/www.europesays.com\/fr\/1031332\/","title":{"rendered":"Canicule et vigilance rouge : les maraudes s\u2019intensifient \u00e0 Saint-Etienne"},"content":{"rendered":"\n<p style=\"text-align: justify;\">Ils sont sur le terrain d\u00e8s 10h et jusqu\u2019\u00e0 23h les mardis et jeudis. Par bin\u00f4me, des \u00e9ducateurs sp\u00e9cialis\u00e9s arpentent les rues de Saint-Etienne pour aller \u00e0 la rencontre de personnes sans abri. Avec la canicule et la vigilance rouge annonc\u00e9 mercredi soir, ils sont fortement expos\u00e9s aux fortes chaleurs. Alors l\u2019\u00e9tat a d\u00e9cid\u00e9 d\u2019intensifier l\u2019aide apport\u00e9e \u00e0 ces individus. Norbert, qui participe \u00e0 des maraudes depuis 4 ans essaye toujours d\u2019\u00e9tablir un lien de confiance avec les personnes qu\u2019il rencontre\u00a0:<strong> \u00ab\u00a0on discute avec eux, on cherche \u00e0 savoir s\u2019ils veulent de l\u2019aide. Le but c\u2019est de les mettre en lien avec des centres d\u2019h\u00e9bergement et des demandes d\u2019employ\u00e9s p\u00e9rennes.\u00a0\u00bb<\/strong> Et ces maraudes vont au-del\u00e0 de Saint-Etienne. Certaines sont organis\u00e9es entre Rive de Gier et Firminy, ainsi que Bonson et Andr\u00e9zieux-Bouth\u00e9on.<\/p>\n<p style=\"text-align: justify;\">Et sur leur chemin, ces \u00e9ducateurs retrouvent g\u00e9n\u00e9ralement les m\u00eames individus au fil des semaines. Alors un quotidien s\u2019installe et leur permet de construire un vrai lien de confiance. Steven, sans domicile fixe depuis 7 ans, souffre de la chaleur dans le centre-ville de Saint-Etienne. Il croise chaque jour les bin\u00f4mes d\u2019\u00e9ducateur et \u00e9change avec eux\u00a0: <strong>\u00ab\u00a0ils nous apportent des bouteilles d\u2019eau, du caf\u00e9 et ils nous pr\u00e9sentent les associations relais qui peuvent nous permettre d\u2019obtenir un appartement\u00a0\u00bb<\/strong>. Steven devra attendre Septembre pour obtenir une place dans une location \u00e0 petit prix. D\u2019ici l\u00e0, il va devoir continuer \u00e0 supporter les fortes chaleurs. \u00a0<\/p>\n<p style=\"text-align: justify;\">L\u2019association \u2018Rena\u00eetre\u2019 organise des maraudes \u00e0 l\u2019ann\u00e9e, pas seulement en p\u00e9riode de canicule, mais aussi en plein hiver. <strong>\u00ab\u00a0Quand vous \u00eates \u00e0 la rue, l\u2019ins\u00e9curit\u00e9 c\u2019est 365 jours par an\u00a0\u00bb<\/strong>. C\u2019est ce que nous rappelle Myl\u00e8ne Martin, chef de service de l\u2019association, qui se bat pour une meilleure consid\u00e9ration du travail de sa structure et surtout davantage de fonds. Et les mesures prises par l\u2019Etat sont d\u00e9j\u00e0 un bon d\u00e9but&#8230;<\/p>\n","protected":false},"excerpt":{"rendered":"Ils sont sur le terrain d\u00e8s 10h et jusqu\u2019\u00e0 23h les mardis et jeudis. Par bin\u00f4me, des \u00e9ducateurs&hellip;\n","protected":false},"author":2,"featured_media":1031333,"comment_status":"","ping_status":"","sticky":false,"template":"","format":"standard","meta":{"footnotes":"","_share_on_mastodon":"0"},"categories":[9653],"tags":[107530,1111,11,2430,6698,1777,674,1011,27,46432,12,25,4001,3400],"class_list":["post-1031332","post","type-post","status-publish","format-standard","has-post-thumbnail","category-saint-etienne","tag-vigilancerouge","tag-actu","tag-actualites","tag-auvergne-rhone-alpes","tag-canicule","tag-eu","tag-europe","tag-fr","tag-france","tag-maraudes","tag-news","tag-republique-francaise","tag-saint-etienne","tag-solidarite"],"share_on_mastodon":{"url":"https:\/\/pubeurope.com\/@fr\/116831610961908187","error":""},"_links":{"self":[{"href":"https:\/\/www.europesays.com\/fr\/wp-json\/wp\/v2\/posts\/1031332","targetHints":{"allow":["GET"]}}],"collection":[{"href":"https:\/\/www.europesays.com\/fr\/wp-json\/wp\/v2\/posts"}],"about":[{"href":"https:\/\/www.europesays.com\/fr\/wp-json\/wp\/v2\/types\/post"}],"author":[{"embeddable":true,"href":"https:\/\/www.europesays.com\/fr\/wp-json\/wp\/v2\/users\/2"}],"replies":[{"embeddable":true,"href":"https:\/\/www.europesays.com\/fr\/wp-json\/wp\/v2\/comments?post=1031332"}],"version-history":[{"count":0,"href":"https:\/\/www.europesays.com\/fr\/wp-json\/wp\/v2\/posts\/1031332\/revisions"}],"wp:featuredmedia":[{"embeddable":true,"href":"https:\/\/www.europesays.com\/fr\/wp-json\/wp\/v2\/media\/1031333"}],"wp:attachment":[{"href":"https:\/\/www.europesays.com\/fr\/wp-json\/wp\/v2\/media?parent=1031332"}],"wp:term":[{"taxonomy":"category","embeddable":true,"href":"https:\/\/www.europesays.com\/fr\/wp-json\/wp\/v2\/categories?post=1031332"},{"taxonomy":"post_tag","embeddable":true,"href":"https:\/\/www.europesays.com\/fr\/wp-json\/wp\/v2\/tags?post=1031332"}],"curies":[{"name":"wp","href":"https:\/\/api.w.org\/{rel}","templated":true}]}}