{"id":103134,"date":"2025-05-16T00:08:14","date_gmt":"2025-05-16T00:08:14","guid":{"rendered":"https:\/\/www.europesays.com\/fr\/103134\/"},"modified":"2025-05-16T00:08:14","modified_gmt":"2025-05-16T00:08:14","slug":"paris-au-jardin-des-tuileries-une-nouvelle-vasque-de-retour-pendant-trois-etes","status":"publish","type":"post","link":"https:\/\/www.europesays.com\/fr\/103134\/","title":{"rendered":"Paris\u00a0: au jardin des Tuileries, une nouvelle vasque de retour pendant trois \u00e9t\u00e9s"},"content":{"rendered":"<p class=\"paragraph text_align_left\">D\u2019ici un mois, le jardin des Tuileries (<a href=\"https:\/\/www.leparisien.fr\/paris-75\/paris-75001\/\" target=\"_self\" rel=\"nofollow noopener\">Ier arrondissement<\/a> de <a href=\"https:\/\/www.leparisien.fr\/paris-75\/\" target=\"_self\" rel=\"nofollow noopener\">Paris<\/a>) retrouvera celle qui y avait \u00e9lu domicile l\u2019\u00e9t\u00e9 dernier\u2026 Dans les prochaines semaines, la vasque olympique sera de retour au centre de Paris, son anneau et son ballon s\u2018envoleront \u00e0 nouveau. Nous serons au soir du 21 juin, F\u00eate de la musique.<\/p>\n<p class=\"paragraph text_align_left\">Ce jeudi, les diff\u00e9rents acteurs de ce retour on ne peut plus attendu se sont r\u00e9unis pour d\u00e9voiler les contours du come-back de la vasque, elle qui a enchant\u00e9 les soir\u00e9es olympiques en 2024 avec pas moins de <a href=\"https:\/\/www.leparisien.fr\/jo-paris-2024\/jo-paris-2024-cohue-rue-de-rivoli-pour-observer-la-vasque-olympique-selever-dans-les-airs-07-08-2024-C7ZQ64US5FBSZFKRCCU7NIITYU.php\" target=\"_self\" rel=\"nofollow noopener\">200 000 cr\u00e9neaux r\u00e9serv\u00e9s pour l\u2019admirer depuis le sol<\/a>, sans compter les dizaines de milliers d\u2019yeux qui se levaient chaque soir pour scruter le ballon dans le ciel de Paris, quand la m\u00e9t\u00e9o le permettait.<\/p>\n","protected":false},"excerpt":{"rendered":"D\u2019ici un mois, le jardin des Tuileries (Ier arrondissement de Paris) retrouvera celle qui y avait \u00e9lu domicile&hellip;\n","protected":false},"author":2,"featured_media":103135,"comment_status":"","ping_status":"","sticky":false,"template":"","format":"standard","meta":{"footnotes":""},"categories":[1888],"tags":[1111,1928,11,1927,1777,674,1011,27,1944,12,1926,626,1925,25],"class_list":{"0":"post-103134","1":"post","2":"type-post","3":"status-publish","4":"format-standard","5":"has-post-thumbnail","7":"category-paris","8":"tag-actu","9":"tag-actu-paris","10":"tag-actualites","11":"tag-actualites-paris","12":"tag-eu","13":"tag-europe","14":"tag-fr","15":"tag-france","16":"tag-ma-ville","17":"tag-news","18":"tag-news-paris","19":"tag-paris","20":"tag-paris-news","21":"tag-republique-francaise"},"share_on_mastodon":{"url":"https:\/\/pubeurope.com\/@fr\/114514605479680317","error":""},"_links":{"self":[{"href":"https:\/\/www.europesays.com\/fr\/wp-json\/wp\/v2\/posts\/103134","targetHints":{"allow":["GET"]}}],"collection":[{"href":"https:\/\/www.europesays.com\/fr\/wp-json\/wp\/v2\/posts"}],"about":[{"href":"https:\/\/www.europesays.com\/fr\/wp-json\/wp\/v2\/types\/post"}],"author":[{"embeddable":true,"href":"https:\/\/www.europesays.com\/fr\/wp-json\/wp\/v2\/users\/2"}],"replies":[{"embeddable":true,"href":"https:\/\/www.europesays.com\/fr\/wp-json\/wp\/v2\/comments?post=103134"}],"version-history":[{"count":0,"href":"https:\/\/www.europesays.com\/fr\/wp-json\/wp\/v2\/posts\/103134\/revisions"}],"wp:featuredmedia":[{"embeddable":true,"href":"https:\/\/www.europesays.com\/fr\/wp-json\/wp\/v2\/media\/103135"}],"wp:attachment":[{"href":"https:\/\/www.europesays.com\/fr\/wp-json\/wp\/v2\/media?parent=103134"}],"wp:term":[{"taxonomy":"category","embeddable":true,"href":"https:\/\/www.europesays.com\/fr\/wp-json\/wp\/v2\/categories?post=103134"},{"taxonomy":"post_tag","embeddable":true,"href":"https:\/\/www.europesays.com\/fr\/wp-json\/wp\/v2\/tags?post=103134"}],"curies":[{"name":"wp","href":"https:\/\/api.w.org\/{rel}","templated":true}]}}