{"id":1031395,"date":"2026-06-29T05:33:18","date_gmt":"2026-06-29T05:33:18","guid":{"rendered":"https:\/\/www.europesays.com\/fr\/1031395\/"},"modified":"2026-06-29T05:33:18","modified_gmt":"2026-06-29T05:33:18","slug":"meteo-les-previsions-meteorologiques-du-lundi-29-juin-2026-a-vitry-sur-seine-et-ses-environs","status":"publish","type":"post","link":"https:\/\/www.europesays.com\/fr\/1031395\/","title":{"rendered":"M\u00e9t\u00e9o. Les pr\u00e9visions m\u00e9t\u00e9orologiques du lundi 29 juin 2026 \u00e0 Vitry-sur-Seine et ses environs"},"content":{"rendered":"<p>La matin\u00e9e commencera sous un ciel couvert, avec une temp\u00e9rature proche de 18 \u00b0C et un vent mod\u00e9r\u00e9 venu du Nord-Nord-Ouest, soufflant autour de 10 \u00e0 15 km\/h, avec des rafales pouvant atteindre 30 km\/h en d\u00e9but de p\u00e9riode. Au fil des heures, la temp\u00e9rature augmentera pour atteindre environ 21 \u00b0C. Dans le m\u00eame temps, la couverture nuageuse se muera en voile de nuages \u00e9lev\u00e9s et l\u2019humidit\u00e9 reculera nettement, annon\u00e7ant une ambiance plus s\u00e8che.<\/p>\n<p>Au cours de l\u2019apr\u00e8s-midi du lundi 29 juin 2026, le ciel restera largement couvert dans un premier temps, puis s\u2019\u00e9claircira en fin de journ\u00e9e, passant d\u2019une couche nuageuse uniforme \u00e0 un ciel clair vers 17 h. Les temp\u00e9ratures progresseront de 22 \u00b0C en d\u00e9but d\u2019apr\u00e8s-midi \u00e0 28 \u00b0C. Le vent, d\u2019abord faible \u00e0 5 km\/h puis 10 km\/h, restera issu du Nord avant de basculer vers le Nord-Ouest, avec des rafales pouvant atteindre 25 km\/h. L\u2019humidit\u00e9 diminuera encore, donnant une atmosph\u00e8re plus s\u00e8che.<\/p>\n<p>En d\u00e9but de soir\u00e9e, la temp\u00e9rature restera \u00e9lev\u00e9e autour de 28 \u00b0C, puis baissera pour atteindre 24 \u00b0C en fin de p\u00e9riode, dans la continuit\u00e9 du r\u00e9chauffement de l\u2019apr\u00e8s-midi. Le ciel passera d\u2019un aspect peu nuageux \u00e0 un ciel d\u00e9gag\u00e9, sans \u00e9volution notable ensuite. Le vent, d\u2019abord de Nord-Ouest \u00e0 environ 10 km\/h, se renforcera jusqu\u2019\u00e0 15 km\/h en venant de Nord-Nord-Est, puis retombera \u00e0 10 km\/h en tournant Nord-Est, avec des rafales oscillant entre 20 et 30 km\/h. L\u2019humidit\u00e9 augmentera graduellement.<\/p>\n<p>Durant la nuit, la temp\u00e9rature baissera de 23 \u00b0C en d\u00e9but de p\u00e9riode \u00e0 18 \u00b0C avant l\u2019aube, prolongeant le rafra\u00eechissement entam\u00e9 en soir\u00e9e. Le vent restera \u00e9tabli autour de 10 km\/h, avec des rafales pouvant atteindre 20 km\/h, puis faiblira vers 5 km\/h en fin de nuit. Sa provenance oscillera entre le Nord-Nord-Est et le Nord-Est. Le ciel, d\u2019abord largement d\u00e9gag\u00e9, deviendra l\u00e9g\u00e8rement plus nuageux, tandis que l\u2019humidit\u00e9 augmentera graduellement au fil des heures.<\/p>\n<p>Demain mardi, la matin\u00e9e d\u00e9butera sous un voile de nuages \u00e9lev\u00e9s avec des temp\u00e9ratures fra\u00eeches, proches de 17 \u00e0 18 \u00b0C, dans la continuit\u00e9 du rafra\u00eechissement nocturne. Le vent restera mod\u00e9r\u00e9, venant du Nord, autour de 10 km\/h avec des rafales \u00e0 15 km\/h, puis faiblira l\u00e9g\u00e8rement. En milieu de journ\u00e9e, le ciel deviendra plus nuageux tandis que la temp\u00e9rature grimpera vers 26 \u00b0C, avec un vent de Nord-Nord-Est proche de 5 km\/h. L\u2019apr\u00e8s-midi sera plus chaude, autour de 32 \u00b0C, sous un ciel partag\u00e9 entre nuages et voiles \u00e9lev\u00e9s. Le vent basculera \u00e0 l\u2019Ouest puis \u00e0 l\u2019Ouest-Nord-Ouest, variant entre calme et 10 km\/h avec rafales limit\u00e9es \u00e0 10 km\/h. L\u2019humidit\u00e9 diminuera avec les heures.<\/p>\n<p><a href=\"https:\/\/www.ouest-france.fr\/meteo\/ile-de-france\/vitry-sur-seine-94400\/\" rel=\"nofollow noopener\" target=\"_blank\">Suivez la m\u00e9t\u00e9o de votre commune en temps r\u00e9el<\/a><\/p>\n<p>Ouest-France vous donne \u00e9galement la possibilit\u00e9 de conna\u00eetre la m\u00e9t\u00e9o de votre commune, heure par heure, sur notre page m\u00e9t\u00e9o d\u00e9di\u00e9e<\/p>\n","protected":false},"excerpt":{"rendered":"La matin\u00e9e commencera sous un ciel couvert, avec une temp\u00e9rature proche de 18 \u00b0C et un vent mod\u00e9r\u00e9&hellip;\n","protected":false},"author":2,"featured_media":1003129,"comment_status":"","ping_status":"","sticky":false,"template":"","format":"standard","meta":{"footnotes":"","_share_on_mastodon":"0"},"categories":[1888],"tags":[11,24583,50925,1777,674,1011,27,90557,24588,12,16483,626,25,90558,12654],"class_list":["post-1031395","post","type-post","status-publish","format-standard","has-post-thumbnail","category-paris","tag-actualites","tag-alfortville","tag-choisy-le-roi","tag-eu","tag-europe","tag-fr","tag-france","tag-lhay-les-roses","tag-maisons-alfort","tag-news","tag-orly","tag-paris","tag-republique-francaise","tag-thiais","tag-vitry-sur-seine"],"share_on_mastodon":{"url":"https:\/\/pubeurope.com\/@fr\/116831768188865525","error":""},"_links":{"self":[{"href":"https:\/\/www.europesays.com\/fr\/wp-json\/wp\/v2\/posts\/1031395","targetHints":{"allow":["GET"]}}],"collection":[{"href":"https:\/\/www.europesays.com\/fr\/wp-json\/wp\/v2\/posts"}],"about":[{"href":"https:\/\/www.europesays.com\/fr\/wp-json\/wp\/v2\/types\/post"}],"author":[{"embeddable":true,"href":"https:\/\/www.europesays.com\/fr\/wp-json\/wp\/v2\/users\/2"}],"replies":[{"embeddable":true,"href":"https:\/\/www.europesays.com\/fr\/wp-json\/wp\/v2\/comments?post=1031395"}],"version-history":[{"count":0,"href":"https:\/\/www.europesays.com\/fr\/wp-json\/wp\/v2\/posts\/1031395\/revisions"}],"wp:featuredmedia":[{"embeddable":true,"href":"https:\/\/www.europesays.com\/fr\/wp-json\/wp\/v2\/media\/1003129"}],"wp:attachment":[{"href":"https:\/\/www.europesays.com\/fr\/wp-json\/wp\/v2\/media?parent=1031395"}],"wp:term":[{"taxonomy":"category","embeddable":true,"href":"https:\/\/www.europesays.com\/fr\/wp-json\/wp\/v2\/categories?post=1031395"},{"taxonomy":"post_tag","embeddable":true,"href":"https:\/\/www.europesays.com\/fr\/wp-json\/wp\/v2\/tags?post=1031395"}],"curies":[{"name":"wp","href":"https:\/\/api.w.org\/{rel}","templated":true}]}}