{"id":103144,"date":"2025-05-16T00:13:15","date_gmt":"2025-05-16T00:13:15","guid":{"rendered":"https:\/\/www.europesays.com\/fr\/103144\/"},"modified":"2025-05-16T00:13:15","modified_gmt":"2025-05-16T00:13:15","slug":"leon-xiv-recoit-le-chef-de-leglise-greco-catholique-dukraine","status":"publish","type":"post","link":"https:\/\/www.europesays.com\/fr\/103144\/","title":{"rendered":"L\u00e9on XIV re\u00e7oit le chef de l\u2019\u00c9glise gr\u00e9co-catholique d&rsquo;Ukraine"},"content":{"rendered":"<p>Le nouveau Pape a re\u00e7u ce jeudi matin lors d\u2019une de ses premi\u00e8res audiences, l\u2019archev\u00eaque-majeur de l\u2019\u00c9glise gr\u00e9co-catholique d\u2019Ukraine. Sa B\u00e9atitude Shevchuk a exprim\u00e9 sa gratitude pour cet entretien et les mots du Saint-P\u00e8re sur l\u2019Ukraine et a offert un tableau repr\u00e9sentant la douleur du peuple ukrainien, intitul\u00e9 \u00abPri\u00e8re de requiem\u00bb.<\/p>\n<p><b>Vatican News<\/b><\/p>\n<p>C\u2019est dans la biblioth\u00e8que du palais apostolique, dont les scell\u00e9s ont \u00e9t\u00e9 lev\u00e9s dimanche dernier apr\u00e8s la pri\u00e8re du Regina caeli, que L\u00e9on XIV a re\u00e7u ce jeudi matin Sa B\u00e9atitude Sviatoslav Shevchuk, l\u2019archev\u00eaque-majeur de Kiev. Ce dernier, apr\u00e8s l\u2019avoir f\u00e9licit\u00e9 pour son \u00e9lection au tr\u00f4ne de Pierre, a remerci\u00e9 le Saint-P\u00e8re pour ses premiers gestes et ses paroles de soutien \u00e0 l\u2019Ukraine. \u00abLe peuple ukrainien vous consid\u00e8re d\u00e9j\u00e0 comme le Pape de la paix (\u2026) Votre appel pour une paix authentique, juste et durable est particuli\u00e8rement d\u2019actualit\u00e9 en ce moment et votre attention pour les prisonniers de guerre et les enfants d\u00e9port\u00e9s manifeste votre attention paternelle aux premi\u00e8res victimes de la guerre en Ukraine\u00bb a d\u00e9clar\u00e9 le chef de l\u2019\u00c9glise gr\u00e9co-catholique ukrainienne.<\/p>\n<p>     <a href=\"https:\/\/www.vaticannews.va\/fr\/pape\/news\/2025-05\/regina-caeli-appels-paix-pape-leon-gaza-ukraine.html\" title=\"\u00abJamais plus la guerre!\u00bb L\u2019exhortation \u00e0 la paix de L\u00e9on XIV\" target=\"_blank\" rel=\"noopener\"><\/p>\n<p>        <img decoding=\"async\" src=\"data:image\/gif;base64,R0lGODlhAQABAIAAAAAAAP\/\/\/yH5BAEAAAAALAAAAAABAAEAAAIBRAA7\" data-original=\"https:\/\/www.vaticannews.va\/content\/dam\/vaticannews\/agenzie\/images\/srv\/2025\/05\/11\/2025-05-11-regina-caeli\/1746959222643.JPG\/_jcr_content\/renditions\/cq5dam.thumbnail.cropped.500.281.jpeg\" alt=\"\u00abJamais plus la guerre!\u00bb L\u2019exhortation \u00e0 la paix de L\u00e9on XIV\"\/><\/p>\n<p>      <\/a><\/p>\n<p>\n      \u00c0 l&rsquo;issue de la pri\u00e8re mariale du Regina Caeli, le nouveau Pape a lanc\u00e9 un vibrant plaidoyer pour que cessent le bruit des armes dans les nombreux conflits qui d\u00e9chirent la plan\u00e8te &#8230;\n     <\/p>\n<p>Les paroles du Pape au d\u00e9but de son pontificat \u00absont un vrai baume spirituel pour l\u2019\u00e2me bless\u00e9e du peuple ukrainien et maintiennent pr\u00e9sent notre peuple dans la m\u00e9moire de la communaut\u00e9 internationale et nous restituent un nom qu\u2019on cherche \u00e0 nous retirer, niant notre droit \u00e0 l\u2019existence\u00bb, a-t-il ajout\u00e9.<\/p>\n<p><b>Une liste de prisonniers ukrainiens remise au Pape<\/b> <\/p>\n<p>Mgr Shevchuk a profit\u00e9 de cette occasion pour pr\u00e9senter la mission de son \u00c9glise et pour inviter le Pape \u00e0 se rendre en Ukraine pour une visite apostolique. \u00abAujourd\u2019hui nous croyons que la visite du Pape pourra contribuer \u00e0 arr\u00eater la guerre en Ukraine\u00bb, pr\u00e9cisant que des millions d\u2019Ukrainiens l\u2019attendaient. Il a ensuite confi\u00e9 au Saint-P\u00e8re la liste des prisonniers de guerre, rappelant les initiatives du Saint-Si\u00e8ge pour leur lib\u00e9ration sous le pontificat de Fran\u00e7ois.<\/p>\n<p>Enfin, le Pape L\u00e9on XIV a re\u00e7u en cadeau un tableau repr\u00e9sentant la douleur des Ukrainiens et peint par l\u2019artiste Bohdan Pylypiv, p\u00e8re d\u2019un soldat tu\u00e9 lors du conflit. \u00abLe tableau s\u2019appelle \u201cRequiem\u201d. L\u2019embryon enroul\u00e9 dans le ressort d\u2019une montre repr\u00e9sente les enfants jamais n\u00e9s \u00e0 cause de la guerre. Le m\u00e9canisme de la montre marque les instants infinis de la perte, les fleuves de sang qui me portent ce qu\u2019il y a de plus pr\u00e9cieux \u2013 la vie humaine. L\u2019aiguille en forme de glaive romain est le symbole du temps de la guerre, un temps obscur qui tombe sur l\u2019Ukraine et sur le monde\u00bb a d\u00e9taill\u00e9 au Pape Mgr Shevchuk.<\/p>\n<p>     <a href=\"https:\/\/www.vaticannews.va\/fr\/pape\/news\/2025-05\/ukraine-pape-leon-xiv-diplomatie-guerre-zelensky-appel-vatican.html\" title=\"Premi\u00e8re conversation entre le Pape L\u00e9on XIV et Volodymyr Zelensky\" target=\"_blank\" rel=\"noopener\"><\/p>\n<p>        <img decoding=\"async\" src=\"data:image\/gif;base64,R0lGODlhAQABAIAAAAAAAP\/\/\/yH5BAEAAAAALAAAAAABAAEAAAIBRAA7\" data-original=\"https:\/\/www.vaticannews.va\/content\/dam\/vaticannews\/agenzie\/images\/ansa\/2025\/05\/10\/17\/1746892682480.jpg\/_jcr_content\/renditions\/cq5dam.thumbnail.cropped.500.281.jpeg\" alt=\"Premi\u00e8re conversation entre le Pape L\u00e9on XIV et Volodymyr Zelensky\"\/><\/p>\n<p>      <\/a><\/p>\n<p>\n      Le Souverain pontife a discut\u00e9 avec le pr\u00e9sident ukrainien par t\u00e9l\u00e9phone ce lundi 12 mai. Il s\u2019agit du premier \u00e9change rendu public entre L\u00e9on XIV et Volodymyr Zelensky, au &#8230;\n     <\/p>\n","protected":false},"excerpt":{"rendered":"Le nouveau Pape a re\u00e7u ce jeudi matin lors d\u2019une de ses premi\u00e8res audiences, l\u2019archev\u00eaque-majeur de l\u2019\u00c9glise gr\u00e9co-catholique&hellip;\n","protected":false},"author":2,"featured_media":103145,"comment_status":"","ping_status":"","sticky":false,"template":"","format":"standard","meta":{"footnotes":""},"categories":[1590],"tags":[11,21945,1777,674,12,2403,20114,21946,220],"class_list":{"0":"post-103144","1":"post","2":"type-post","3":"status-publish","4":"format-standard","5":"has-post-thumbnail","7":"category-ukraine","8":"tag-actualites","9":"tag-eglises-orientales","10":"tag-eu","11":"tag-europe","12":"tag-news","13":"tag-paix","14":"tag-pape-leon-xiv","15":"tag-sviatoslav-chevtchouk","16":"tag-ukraine"},"share_on_mastodon":{"url":"https:\/\/pubeurope.com\/@fr\/114514625184715768","error":""},"_links":{"self":[{"href":"https:\/\/www.europesays.com\/fr\/wp-json\/wp\/v2\/posts\/103144","targetHints":{"allow":["GET"]}}],"collection":[{"href":"https:\/\/www.europesays.com\/fr\/wp-json\/wp\/v2\/posts"}],"about":[{"href":"https:\/\/www.europesays.com\/fr\/wp-json\/wp\/v2\/types\/post"}],"author":[{"embeddable":true,"href":"https:\/\/www.europesays.com\/fr\/wp-json\/wp\/v2\/users\/2"}],"replies":[{"embeddable":true,"href":"https:\/\/www.europesays.com\/fr\/wp-json\/wp\/v2\/comments?post=103144"}],"version-history":[{"count":0,"href":"https:\/\/www.europesays.com\/fr\/wp-json\/wp\/v2\/posts\/103144\/revisions"}],"wp:featuredmedia":[{"embeddable":true,"href":"https:\/\/www.europesays.com\/fr\/wp-json\/wp\/v2\/media\/103145"}],"wp:attachment":[{"href":"https:\/\/www.europesays.com\/fr\/wp-json\/wp\/v2\/media?parent=103144"}],"wp:term":[{"taxonomy":"category","embeddable":true,"href":"https:\/\/www.europesays.com\/fr\/wp-json\/wp\/v2\/categories?post=103144"},{"taxonomy":"post_tag","embeddable":true,"href":"https:\/\/www.europesays.com\/fr\/wp-json\/wp\/v2\/tags?post=103144"}],"curies":[{"name":"wp","href":"https:\/\/api.w.org\/{rel}","templated":true}]}}