{"id":103150,"date":"2025-05-16T00:16:15","date_gmt":"2025-05-16T00:16:15","guid":{"rendered":"https:\/\/www.europesays.com\/fr\/103150\/"},"modified":"2025-05-16T00:16:15","modified_gmt":"2025-05-16T00:16:15","slug":"depense-de-defense-france-et-allemagne-pretes-a-se-plier-aux-exigences-de-donald-trump-sur-les-5-du-pib-dans-lotan-15-05-2025-a-1441","status":"publish","type":"post","link":"https:\/\/www.europesays.com\/fr\/103150\/","title":{"rendered":"D\u00e9pense de d\u00e9fense : France et Allemagne pr\u00eates \u00e0 se plier aux exigences de Donald Trump sur les 5% du PIB dans l&rsquo;Otan &#8211; 15\/05\/2025 \u00e0 14:41"},"content":{"rendered":"<p>\n <strong><br \/>\n  Donald Trump avait sem\u00e9 la panique en Europe pendant la campagne en mena\u00e7ant de ne plus garantir la protection des pays de l&rsquo;Otan face \u00e0 la Russie si ceux-ci ne consacraient pas un budget suffisant \u00e0 leur d\u00e9fense<br \/>\n <\/strong><br \/>\n .\n<\/p>\n<p>        <img fetchpriority=\"high\" decoding=\"async\" src=\"https:\/\/www.europesays.com\/fr\/wp-content\/uploads\/2025\/05\/0b690526c690696b7938127a8b490a2d-760x507.jpg\" alt=\"Donald Trump \u00e0 Doha, au Qatar, le 15 mai 2025. ( AFP \/ BRENDAN SMIALOWSKI )\" loading=\"eager\" width=\"760\" height=\"507\" style=\"max-width: 100%!important; height: auto;\"\/><\/p>\n<p class=\"c-image-news__legend\">Donald Trump \u00e0 Doha, au Qatar, le 15 mai 2025. ( AFP \/ BRENDAN SMIALOWSKI )<\/p>\n<p>\n La France et l&rsquo;Allemagne se sont d\u00e9clar\u00e9es pr\u00eate, jeudi 15 mai, a ateindre l&rsquo;objectif de 5% du Produit int\u00e9rieur brut (PIB) en d\u00e9penses militaires et de s\u00e9curit\u00e9, discut\u00e9 au sein de l&rsquo;Otan et exig\u00e9 par Donald Trump.\n<\/p>\n<p>\n \u00ab\u00a0Le pr\u00e9sident (fran\u00e7ais Emmanuel) Macron a d\u00e9j\u00e0 d\u00e9clar\u00e9 que l&rsquo;objectif de 3 \u00e0 3,5% est le bon parce qu&rsquo;il nous permet de financer les capacit\u00e9s de d\u00e9fense\u00a0\u00bb, a d\u00e9clar\u00e9 le ministre fran\u00e7ais des Affaires \u00e9trang\u00e8res Jean-No\u00ebl Barrot, en marge d&rsquo;une r\u00e9union de l&rsquo;Otan \u00e0 Antalya, en Turquie.\n<\/p>\n<p>\n \u00ab\u00a0Nous allons, bien s\u00fbr, en reparler aujourd&rsquo;hui. Mais il faut regarder le r\u00e9sultat. Et le r\u00e9sultat est que ce sont les 5% que le pr\u00e9sident Trump a demand\u00e9. Et nous le suivons sur ce point\u00a0\u00bb, a d\u00e9clar\u00e9 le ministre allemand des Affaires \u00e9trang\u00e8res Johann Wadephul lors de cette r\u00e9union. Les chefs de la diplomatie des 32 pays de l&rsquo;Otan se sont retrouv\u00e9s mercredi et jeudi dans cette cit\u00e9 baln\u00e9aire turque pour discuter, entre autres, de l&rsquo;augmentation de leurs d\u00e9penses militaires.\n<\/p>\n<p>\n Le secr\u00e9taire g\u00e9n\u00e9ral de l&rsquo;Otan Mark Rutte souhaite que les pays de l&rsquo;Alliance consacrent au moins 3,5% de leur Produit int\u00e9rieur brut (PIB) \u00e0 des d\u00e9penses militaires stricto sensu d&rsquo;ici 2032, mais aussi 1,5% \u00e0 des d\u00e9penses de s\u00e9curit\u00e9, plus larges, comme les infrastructures. Ce dernier objectif est plus facilement atteignable, particuli\u00e8rement pour les pays les plus en retard.\n<\/p>\n<p>\n En 2024,<br \/>\n <strong><br \/>\n  les \u00c9tats-Unis avaient consacr\u00e9 3,38% de son PIB \u00e0 la d\u00e9fense<br \/>\n <\/strong><br \/>\n , selon<br \/>\n <a href=\"https:\/\/www.nato.int\/nato_static_fl2014\/assets\/pdf\/2024\/6\/pdf\/240617-def-exp-2024-en.pdf\" rel=\"nofollow noopener noreferrer\" target=\"_blank\"><br \/>\n  les chiffres de l&rsquo;Otan<br \/>\n <\/a><br \/>\n (en anglais).\n<\/p>\n<p> Les 2% atteints par 22 pays de l&rsquo;Otan<\/p>\n<p>\n Sur ce point, Jean-No\u00ebl Barrot a sugg\u00e9r\u00e9 que ce pourcentage \u00e9tait \u00e9galement \u00e0 la port\u00e9e de<br \/>\n <strong><br \/>\n  la France, qui consacre actuellement environ 2% de son PIB<br \/>\n <\/strong><br \/>\n \u00e0 des d\u00e9penses militaires. \u00ab\u00a0L&rsquo;objectif de 3,5% est le bon montant pour les d\u00e9penses de base en mati\u00e8re de d\u00e9fense\u00a0\u00bb, a-t-il expliqu\u00e9. \u00ab\u00a0Mais cela s&rsquo;accompagne de d\u00e9penses qui vont concourir \u00e0 l&rsquo;augmentation de notre capacit\u00e9 de d\u00e9fense, qui ne sont pas des d\u00e9penses de d\u00e9fense directes, mais qui doivent \u00eatre r\u00e9alis\u00e9es\u00a0\u00bb, comme<br \/>\n <strong><br \/>\n  la cybers\u00e9curit\u00e9 ou la mobilit\u00e9 militaire<br \/>\n <\/strong><br \/>\n , a-t-il soulign\u00e9.\n<\/p>\n<p>\n Le sujet a \u00e9t\u00e9 discut\u00e9 lors d&rsquo;une r\u00e9union informelle des chefs de la diplomatie de l&rsquo;Otan mercredi et jeudi \u00e0 Antalya, en vue d&rsquo;un accord, encore \u00e0 conclure, lors du sommet de l&rsquo;Alliance les 24 et 25 juin \u00e0 La Haye.\n<\/p>\n<p>\n Fin 2024,<br \/>\n <strong><br \/>\n  22 pays de l&rsquo;Otan ont atteint l&rsquo;objectif de 2% de d\u00e9penses militaires<br \/>\n <\/strong><br \/>\n , retenu en 2014 lors d&rsquo;un pr\u00e9c\u00e9dent sommet de l&rsquo;Alliance. Plusieurs pays, dont l&rsquo;Italie, l&rsquo;Espagne ou la Belgique, sont encore tr\u00e8s en-de\u00e7\u00e0, mais ont toutefois promis de l&rsquo;atteindre cette ann\u00e9e.\n<\/p>\n<p>\n \u00ab\u00a0Ils peuvent tous se le permettre\u00a0\u00bb, avait martel\u00e9 Donald Trump, d\u00e9but janvier, avant d&rsquo;\u00eatre investi pr\u00e9sident.<br \/>\n <strong><br \/>\n  \u00ab\u00a0Ils devraient \u00eatre \u00e0 5%, pas 2%\u00a0\u00bb<br \/>\n <\/strong><br \/>\n , avait-il ajout\u00e9. \u00ab\u00a0Nous avons quelque chose qui s&rsquo;appelle un oc\u00e9an entre nous , n&rsquo;est-ce-pas ? Pourquoi payons-nous des milliards et des milliards de dollars de plus que l&rsquo;Europe ?\u00a0\u00bb\n<\/p>\n<p>\n Il avait \u00e9galement sem\u00e9 la panique durant la campagne \u00e9lectorale en mena\u00e7ant de ne plus garantir la protection des pays de l&rsquo;Otan face \u00e0 la Russie si ceux-ci ne consacraient pas un budget suffisant \u00e0 leur d\u00e9fense.<\/p>\n","protected":false},"excerpt":{"rendered":"Donald Trump avait sem\u00e9 la panique en Europe pendant la campagne en mena\u00e7ant de ne plus garantir la&hellip;\n","protected":false},"author":2,"featured_media":103151,"comment_status":"","ping_status":"","sticky":false,"template":"","format":"standard","meta":{"footnotes":""},"categories":[1587],"tags":[400,11,672,398,408,1804,405,1805,1803,1777,674,1801,403,402,399,404,12,1802,401,406,407],"class_list":{"0":"post-103150","1":"post","2":"type-post","3":"status-publish","4":"format-standard","5":"has-post-thumbnail","7":"category-allemagne","8":"tag-action-cac-40","9":"tag-actualites","10":"tag-allemagne","11":"tag-bourse-de-paris","12":"tag-boursorama","13":"tag-bundesrepublik-deutschland","14":"tag-cotations","15":"tag-de","16":"tag-deutschland","17":"tag-eu","18":"tag-europe","19":"tag-germany","20":"tag-indices-devises","21":"tag-investir","22":"tag-investissement","23":"tag-marche-boursier","24":"tag-news","25":"tag-republique-federale-dallemagne","26":"tag-sicav","27":"tag-trackers","28":"tag-warrants"},"share_on_mastodon":{"url":"https:\/\/pubeurope.com\/@fr\/114514636656294682","error":""},"_links":{"self":[{"href":"https:\/\/www.europesays.com\/fr\/wp-json\/wp\/v2\/posts\/103150","targetHints":{"allow":["GET"]}}],"collection":[{"href":"https:\/\/www.europesays.com\/fr\/wp-json\/wp\/v2\/posts"}],"about":[{"href":"https:\/\/www.europesays.com\/fr\/wp-json\/wp\/v2\/types\/post"}],"author":[{"embeddable":true,"href":"https:\/\/www.europesays.com\/fr\/wp-json\/wp\/v2\/users\/2"}],"replies":[{"embeddable":true,"href":"https:\/\/www.europesays.com\/fr\/wp-json\/wp\/v2\/comments?post=103150"}],"version-history":[{"count":0,"href":"https:\/\/www.europesays.com\/fr\/wp-json\/wp\/v2\/posts\/103150\/revisions"}],"wp:featuredmedia":[{"embeddable":true,"href":"https:\/\/www.europesays.com\/fr\/wp-json\/wp\/v2\/media\/103151"}],"wp:attachment":[{"href":"https:\/\/www.europesays.com\/fr\/wp-json\/wp\/v2\/media?parent=103150"}],"wp:term":[{"taxonomy":"category","embeddable":true,"href":"https:\/\/www.europesays.com\/fr\/wp-json\/wp\/v2\/categories?post=103150"},{"taxonomy":"post_tag","embeddable":true,"href":"https:\/\/www.europesays.com\/fr\/wp-json\/wp\/v2\/tags?post=103150"}],"curies":[{"name":"wp","href":"https:\/\/api.w.org\/{rel}","templated":true}]}}