{"id":103171,"date":"2025-05-16T00:30:09","date_gmt":"2025-05-16T00:30:09","guid":{"rendered":"https:\/\/www.europesays.com\/fr\/103171\/"},"modified":"2025-05-16T00:30:09","modified_gmt":"2025-05-16T00:30:09","slug":"dembele-et-doue-battus-pour-le-meilleur-dribbleur-de-ligue-1","status":"publish","type":"post","link":"https:\/\/www.europesays.com\/fr\/103171\/","title":{"rendered":"Demb\u00e9l\u00e9 et Dou\u00e9 battus pour le meilleur dribbleur de Ligue 1"},"content":{"rendered":"<p><img width=\"780\" height=\"470\" src=\"https:\/\/www.europesays.com\/fr\/wp-content\/uploads\/2025\/05\/85cf9e2_ftp-import-images-1-wcj0xoqf4ex5-doc7zm9ny27kf5ge53dl4a-780x470.jpg\" class=\"attachment-jannah-image-post size-jannah-image-post wp-post-image\" alt=\"Ousmane Demb\u00e9l\u00e9 et D\u00e9sir\u00e9 Dou\u00e9\" is_main_img=\"1\" decoding=\"async\" fetchpriority=\"high\"\/><\/p>\n<p>Comme \u00e0 chaque fin de saison, les troph\u00e9es individuels sont<br \/>\nremis aux joueurs de Ligue 1. Cette saison, le prix du meilleur<br \/>\ndribbleur avait \u00e9t\u00e9 invent\u00e9. Deux joueurs du PSG pouvaient y<br \/>\npr\u00e9tendre, Ousmane Demb\u00e9l\u00e9 et D\u00e9sir\u00e9 Dou\u00e9. Mais ils ne remporteront<br \/>\npas ce prix.\u00a0<\/p>\n<p>Le week-end dernier, lors de la c\u00e9r\u00e9monie des <strong><a href=\"https:\/\/canal-supporters.com\/le-psg-rafle-presque-tout-lors-des-trophees-unfp\/\" title=\"\" target=\"_blank\" rel=\"noopener\">Troph\u00e9es UNFP<\/a><\/strong>, le PSG a presque tout rafl\u00e9.<br \/>\nSans surprise, <strong>Ousmane Demb\u00e9l\u00e9<\/strong> a \u00e9t\u00e9 nomm\u00e9<br \/>\nmeilleur joueur de la saison de <strong>Ligue 1<\/strong> et figure<br \/>\ndans l\u2019\u00e9quipe type de la saison. Son co\u00e9quipier <strong>D\u00e9sir\u00e9<br \/>\nDou\u00e9<\/strong> est \u00e9galement dans le onze type et a \u00e9t\u00e9 \u00e9lu meilleur<br \/>\nespoir du championnat de <strong>France<\/strong>. Les deux joueurs<br \/>\nparisiens postulaient \u00e9galement pour le troph\u00e9e de <a href=\"https:\/\/canal-supporters.com\/psg-les-trois-nommes-pour-le-trophee-du-meilleur-dribbleur\/\" title=\"\" target=\"_blank\" rel=\"noopener\">meilleur dribbleur<\/a> de la saison, cr\u00e9\u00e9 pour cet<br \/>\nexercice 2024-2025 de <strong>Ligue 1<\/strong>.\u00a0<\/p>\n<p>A voir aussi : <a href=\"https:\/\/canal-supporters.com\/mercato-rayan-cherki-revient-sur-son-appel-du-pied-au-psg\/\" title=\"\" target=\"_blank\" rel=\"noopener\">Mercato : Rayan Cherki revient sur son \u00ab\u00a0appel du<br \/>\npied\u00a0\u00bb au PSG<\/a><\/p>\n<p><a href=\"https:\/\/x.com\/CanalSupporters\" target=\"_blank\" rel=\"noopener\" title=\"\">canalsupporters.com<\/a><\/p>\n<p>Remis par Eden<br \/>\nHazard<\/p>\n<p>Les deux joueurs du PSG \u00e9taient nomm\u00e9s aux c\u00f4t\u00e9s de<br \/>\n<strong>Rayan Cherki<\/strong> pour cette distinction honorifique.<br \/>\nCe jeudi soir, le laur\u00e9at de ce troph\u00e9e <a href=\"https:\/\/x.com\/OL\/status\/1923051177853239710\" target=\"_blank\" rel=\"noopener\" title=\"\">a \u00e9t\u00e9 d\u00e9cern\u00e9<\/a>. Et c\u2019est finalement le<br \/>\njoueur Lyonnais qui a \u00e9t\u00e9 d\u00e9sign\u00e9 vainqueur. Il s\u2019est vu remettre<br \/>\nle troph\u00e9e ce jeudi par <strong>Eden Hazard<\/strong>, qui donne son<br \/>\nnom \u00e0 ce troph\u00e9e de fin de saison.\u00a0<\/p><\/p>\n","protected":false},"excerpt":{"rendered":"Comme \u00e0 chaque fin de saison, les troph\u00e9es individuels sont remis aux joueurs de Ligue 1. Cette saison,&hellip;\n","protected":false},"author":2,"featured_media":103172,"comment_status":"","ping_status":"","sticky":false,"template":"","format":"standard","meta":{"footnotes":""},"categories":[1410],"tags":[81,4672,787,12732,1640,1643,63,1011,27,66,1611,2428,21948,2782,626,91,92,93,3280,60],"class_list":{"0":"post-103171","1":"post","2":"type-post","3":"status-publish","4":"format-standard","5":"has-post-thumbnail","7":"category-football","8":"tag-canal-supporters","9":"tag-cherki","10":"tag-cs","11":"tag-dembele","12":"tag-desire-doue","13":"tag-doue","14":"tag-football","15":"tag-fr","16":"tag-france","17":"tag-ligue-1","18":"tag-ligue-1-macdonalds","19":"tag-lyon","20":"tag-meilleur-dribbleur","21":"tag-ousmane-dembele","22":"tag-paris","23":"tag-paris-saint-germain","24":"tag-paris-sg","25":"tag-psg","26":"tag-rayan-cherki","27":"tag-sports"},"share_on_mastodon":{"url":"https:\/\/pubeurope.com\/@fr\/114514691641145885","error":""},"_links":{"self":[{"href":"https:\/\/www.europesays.com\/fr\/wp-json\/wp\/v2\/posts\/103171","targetHints":{"allow":["GET"]}}],"collection":[{"href":"https:\/\/www.europesays.com\/fr\/wp-json\/wp\/v2\/posts"}],"about":[{"href":"https:\/\/www.europesays.com\/fr\/wp-json\/wp\/v2\/types\/post"}],"author":[{"embeddable":true,"href":"https:\/\/www.europesays.com\/fr\/wp-json\/wp\/v2\/users\/2"}],"replies":[{"embeddable":true,"href":"https:\/\/www.europesays.com\/fr\/wp-json\/wp\/v2\/comments?post=103171"}],"version-history":[{"count":0,"href":"https:\/\/www.europesays.com\/fr\/wp-json\/wp\/v2\/posts\/103171\/revisions"}],"wp:featuredmedia":[{"embeddable":true,"href":"https:\/\/www.europesays.com\/fr\/wp-json\/wp\/v2\/media\/103172"}],"wp:attachment":[{"href":"https:\/\/www.europesays.com\/fr\/wp-json\/wp\/v2\/media?parent=103171"}],"wp:term":[{"taxonomy":"category","embeddable":true,"href":"https:\/\/www.europesays.com\/fr\/wp-json\/wp\/v2\/categories?post=103171"},{"taxonomy":"post_tag","embeddable":true,"href":"https:\/\/www.europesays.com\/fr\/wp-json\/wp\/v2\/tags?post=103171"}],"curies":[{"name":"wp","href":"https:\/\/api.w.org\/{rel}","templated":true}]}}