{"id":103177,"date":"2025-05-16T00:33:10","date_gmt":"2025-05-16T00:33:10","guid":{"rendered":"https:\/\/www.europesays.com\/fr\/103177\/"},"modified":"2025-05-16T00:33:10","modified_gmt":"2025-05-16T00:33:10","slug":"quatre-idees-de-sorties-ce-week-end-a-eu","status":"publish","type":"post","link":"https:\/\/www.europesays.com\/fr\/103177\/","title":{"rendered":"Quatre id\u00e9es de sorties ce week-end \u00e0 Eu"},"content":{"rendered":"<p>            Par<br \/>\n        <strong><br \/>\n            <a href=\"https:\/\/actu.fr\/auteur\/jerome-buresi\" title=\"Consulter tous les articles de J\u00e9r\u00f4me Buresi\" rel=\"nofollow noopener\" target=\"_blank\">J\u00e9r\u00f4me Buresi<\/a><br \/>\n        <\/strong><\/p>\n<p>        Publi\u00e9 le<\/p>\n<p>            15 mai 2025 \u00e0 20h20        <\/p>\n<p>Si vous cherchez des animations \u00e0 <a href=\"https:\/\/actu.fr\/normandie\/eu_76255\" rel=\"nofollow noopener\" target=\"_blank\">Eu<\/a>, en <b>Seine-Maritime<\/b>, ce week-end, voici quatre propositions.\u00a0<\/p>\n<p>Le salon du livre les 16 et 17 mai<\/p>\n<p class=\" wall-content\">Le <b>salon du livre<\/b> de la ville d\u2019Eu continue de se r\u00e9inventer. Il aura lieu dans la cour d\u2019honneur du ch\u00e2teau, le vendredi 16 mai 2025, de 15 h \u00e0 20 h 30 et le samedi 17 mai, de 10 h et 18 h.<\/p>\n<p class=\" wall-content\">Le salon est propos\u00e9 par la municipalit\u00e9, en collaboration avec les deux librairies de la ville, la Maison de la presse et l\u2019Encre marine, dans la cour d\u2019honneur du ch\u00e2teau.<\/p>\n<p class=\" wall-content\">L\u2019invit\u00e9 d\u2019honneur sera l\u2019Irlande.\u00a0Un autre focus sera fait sur la s\u00e9rie noire, c\u00e9l\u00e8bre collection de romans policiers de Gallimard. \u00ab Elle a \u00e9t\u00e9 cr\u00e9\u00e9e en 1945, donc elle c\u00e9l\u00e8bre cette ann\u00e9e ses 80\u00a0ans \u00bb, souligne Patrick Raynal, directeur litt\u00e9raire du salon.<\/p>\n<p class=\" wall-content\">En tout, ce sont une soixantaine d\u2019auteurs qui sont attendus.<\/p>\n<p class=\" wall-content\">Tous ne seront pas pr\u00e9sents les deux jours.<\/p>\n<p>Vid\u00e9os : en ce moment sur Actu<\/p>\n<p class=\" wall-content\">Il y aura des t\u00eates d\u2019affiche comme <b>Franz-Olivier Giesbert<\/b>, Fr\u00e9d\u00e9ric Zeitoun, ou Henri Sannier.<\/p>\n<p class=\" wall-content\">Mais c\u2019est \u00e9galement l\u2019occasion de d\u00e9couvrir de jeunes talents et de rencontrer les auteurs locaux.<\/p>\n<p class=\" wall-content\">Une bourse aux livres aura lieu le vendredi 16\u00a0mai, entre 15 h et 20 h 30.<\/p>\n<p class=\" wall-content\">Trois expositions seront \u00e0 d\u00e9couvrir : le polar rural, la police dans le polar et l\u2019Irlande des po\u00e8tes.<\/p>\n<p class=\" wall-content\">Plusieurs conf\u00e9rences et animations vont par ailleurs rythmer ces deux journ\u00e9es.<\/p>\n<p>    <a href=\"https:\/\/www.facebook.com\/plugins\/post.php?href=https%3A%2F%2Fwww.facebook.com%2Fvilledeu%2Fposts%2Fpfbid02pDZvRPofT4mPWk6UQkcZFRVocuWZUUagPgQhDZGwdSCGWTHZuNyUt6ASvv9MP61sl&amp;show_text=true&amp;width=350\" title=\"Ouvrie le lien\" rel=\"nofollow noopener\" target=\"_blank\">Cliquez ici pour visualiser le contenu<\/a><\/p>\n<p>La nuit des mus\u00e9es au Ch\u00e2teau d\u2019Eu<br \/>\n      <img   decoding=\"async\" loading=\"lazy\" class=\"size-large\" src=\"https:\/\/www.europesays.com\/fr\/wp-content\/uploads\/2025\/05\/b3cba96bd5286f5dba96bd5282adbav-960x640.jpg\" alt=\"Eu annonce nuit des musees\" width=\"960\" height=\"640\"\/><br \/>\n    Le samedi 17 mai, le mus\u00e9e Louis-Philippe du ch\u00e2teau d\u2019Eu ouvre gratuitement ses portes au public \u00e0 partir de 20\u2009h. \u00a9Ch\u00e2teau-Mus\u00e9e Louis-Philippe<\/p>\n<p class=\" wall-content\">C\u2019est le retour de la <a href=\"https:\/\/nuitdesmusees.culture.gouv.fr\/\" rel=\"nofollow noopener\" target=\"_blank\">Nuit des mus\u00e9es<\/a>.<\/p>\n<p class=\" wall-content\">Le samedi 17 mai, le <b>mus\u00e9e Louis-Philippe du ch\u00e2teau d\u2019Eu<\/b> ouvre <b>gratuitement <\/b>ses portes au public \u00e0 partir de 20\u2009h.<\/p>\n<p class=\" wall-content\">Le mus\u00e9e participe \u00e0 \u00ab\u00a0\u2009La classe, L\u2019\u0153uvre\u2009\u00a0\u00bb, op\u00e9ration conjointe du Minist\u00e8re de la Culture et de la Communication et du minist\u00e8re de l\u2019\u00c9ducation Nationale.<\/p>\n<p class=\" wall-content\">Les visiteurs pourront d\u00e9couvrir une exposition de travaux effectu\u00e9s avec les classes de l\u2019\u00e9cole de <a href=\"https:\/\/actu.fr\/hauts-de-france\/saint-quentin-la-motte-croix-au-bailly_80714\" rel=\"nofollow noopener\" target=\"_blank\">Saint-Quentin-Lamotte,<\/a> dans la <b>Somme<\/b>, autour du <b>motif floral<\/b>. La fleur est en effet tr\u00e8s pr\u00e9sente dans la d\u00e9coration int\u00e9rieure du ch\u00e2teau d\u2019Eu et s\u2019y d\u00e9cline de multiples mani\u00e8res.<\/p>\n<p class=\" wall-content\">La Nuit des mus\u00e9es sera aussi l\u2019occasion de suivre une lecture th\u00e9\u00e2tralis\u00e9e autour de lettres conserv\u00e9es au mus\u00e9e, men\u00e9e par le Petit Casino d\u2019ailleurs, \u00e0 partir de 20\u2009h\u200930.<\/p>\n<p class=\" wall-content\">Les participants pourront d\u00e9couvrir sous un autre jour l\u2019exposition \u00ab\u00a0\u2009D\u2019un port \u00e0 l\u2019autre, aspects de l\u2019activit\u00e9 portuaire \u00e0 Eu et au Tr\u00e9port\u2009\u00a0\u00bb. Deux visites guid\u00e9es d\u2019un quart d\u2019heure seront en effet propos\u00e9es aux visiteurs afin de leur apporter un autre regard sur cette exposition. D\u00e9but \u00e0 21\u2009h\u200930 et \u00e0 22\u2009h.<\/p>\n<p>Une exposition participative \u00e0 la chapelle du coll\u00e8ge<br \/>\n      <img   decoding=\"async\" loading=\"lazy\" class=\"size-large\" src=\"https:\/\/www.europesays.com\/fr\/wp-content\/uploads\/2025\/05\/b8ece97dd5286bcece97dd52880fcev-960x640.jpg\" alt=\"Eu exposition chapelle id\u00e9ale\" width=\"960\" height=\"640\"\/><br \/>\n    Le lieu accueille, jusqu\u2019au 1er juin, une exposition participative intitul\u00e9e \u00ab\u00a0\u2009la chapelle id\u00e9ale\u2009\u00a0\u00bb.\u00a0 \u00a9L\u2019Informateur d\u2019Eu<\/p>\n<p class=\" wall-content\">C\u2019est une explosion de <b>couleurs<\/b> que vous pouvez admirer \u00e0 la chapelle du coll\u00e8ge de Eu. Le lieu accueille, jusqu\u2019au 1er juin, une exposition participative intitul\u00e9e \u00ab\u00a0\u2009la chapelle id\u00e9ale\u2009\u00a0\u00bb.\u00a0<\/p>\n<p class=\" wall-content\">Cela s\u2019inspire d\u2019un concept de l\u2019auteur et l\u2019illustrateur <b>Herv\u00e9 Tullet<\/b>.<\/p>\n<p class=\" wall-content\">La pr\u00e9sentation rassemble les r\u00e9alisations des \u00e9coles M\u00e9lusine, Broc\u00e9liande et Nazareth, du centre des Fontaines, du Centre a\u00e9r\u00e9 La H\u00eatraie, de l\u2019Association Rayon de Soleil et de l\u2019IME la Busine.<\/p>\n<p class=\" wall-content\">S\u2019y ajoutent des r\u00e9alisations d\u2019habitants volontaires apr\u00e8s un appel lanc\u00e9 par les organisateurs.<\/p>\n<p class=\" wall-content\">\u00ab\u00a0\u2009Herv\u00e9 Tullet a pr\u00eat\u00e9 six \u0153uvres, r\u00e9alis\u00e9e dans un palazzo en Italie\u2009\u00a0\u00bb, compl\u00e8te <b>Anne Dujeancourt<\/b>, coordinatrice de l\u2019exposition avec Sophie Cauchy.<\/p>\n<p class=\" wall-content\">L\u2019artiste a \u00e9galement cr\u00e9\u00e9 le logo de l\u2019exposition et r\u00e9alis\u00e9 une vid\u00e9o qui a \u00e9t\u00e9 diffus\u00e9e lors du vernissage du mercredi 14 mai 2025.<\/p>\n<p class=\" wall-content\">L\u2019exposition est visible jusqu\u2019au 1er juin, \u00e0 la chapelle du coll\u00e8ge de Eu. Entr\u00e9e libre du mardi au samedi\u2009de 9\u2009h\u200930 \u00e0 12\u2009h et 13\u2009h\u200930 \u00e0 18\u2009h. Le dimanche de 14\u2009h \u00e0 18\u2009h. Ferm\u00e9e le lundi.<\/p>\n<p>      <img   decoding=\"async\" loading=\"lazy\" class=\"size-large\" src=\"https:\/\/www.europesays.com\/fr\/wp-content\/uploads\/2025\/05\/a71c797dd5286eb1c797dd528bf1c7v-960x640.jpg\" alt=\"Eu exposition chapelle id\u00e9ale\" width=\"960\" height=\"640\"\/><br \/>\n    Une explosion de couleurs pour cette exposition participative \u00e0 Eu.\u00a0 \u00a9L\u2019Informateur d\u2019EuLa braderie des commer\u00e7ants<\/p>\n<p class=\" wall-content\">C\u2019est le moment de faire des bonnes affaires. La\u00a0<b>braderie de printemps<\/b> des commer\u00e7ants de Eu aura lieu cette ann\u00e9e le samedi 17 mai, dans le centre-ville. Elle est organis\u00e9e par l\u2019association Eu&amp;Nous.<\/p>\n<p class=\" wall-content\">La rue Paul Bignon sera r\u00e9serv\u00e9e aux pi\u00e9tons, de 8h \u00e0 19h.<\/p>\n<p class=\" wall-content\">Suivez toute l\u2019actualit\u00e9 de vos villes et m\u00e9dias favoris en vous inscrivant \u00e0 <a href=\"https:\/\/moncompte.actu.fr\" title=\"D\u00e9couvez Mon Actu\" rel=\"nofollow noopener\" data-trk=\"{&quot;cta&quot;:{&quot;action&quot;:&quot;https:\\\/\\\/moncompte.actu.fr&quot;,&quot;category&quot;:&quot;mon compte&quot;,&quot;from&quot;:&quot;article footer&quot;,&quot;name&quot;:&quot;Mon actu&quot;,&quot;type&quot;:&quot;cta&quot;}}\" target=\"_blank\">Mon Actu<\/a>.<\/p>\n","protected":false},"excerpt":{"rendered":"Par J\u00e9r\u00f4me Buresi Publi\u00e9 le 15 mai 2025 \u00e0 20h20 Si vous cherchez des animations \u00e0 Eu, en&hellip;\n","protected":false},"author":2,"featured_media":103178,"comment_status":"","ping_status":"","sticky":false,"template":"","format":"standard","meta":{"footnotes":""},"categories":[1357],"tags":[1379,21950,58,59,1011,27,1380,104,3587],"class_list":{"0":"post-103177","1":"post","2":"type-post","3":"status-publish","4":"format-standard","5":"has-post-thumbnail","7":"category-livres","8":"tag-books","9":"tag-chateau-deu","10":"tag-divertissement","11":"tag-entertainment","12":"tag-fr","13":"tag-france","14":"tag-livres","15":"tag-societe","16":"tag-villes-soeurs"},"share_on_mastodon":{"url":"https:\/\/pubeurope.com\/@fr\/114514703489578740","error":""},"_links":{"self":[{"href":"https:\/\/www.europesays.com\/fr\/wp-json\/wp\/v2\/posts\/103177","targetHints":{"allow":["GET"]}}],"collection":[{"href":"https:\/\/www.europesays.com\/fr\/wp-json\/wp\/v2\/posts"}],"about":[{"href":"https:\/\/www.europesays.com\/fr\/wp-json\/wp\/v2\/types\/post"}],"author":[{"embeddable":true,"href":"https:\/\/www.europesays.com\/fr\/wp-json\/wp\/v2\/users\/2"}],"replies":[{"embeddable":true,"href":"https:\/\/www.europesays.com\/fr\/wp-json\/wp\/v2\/comments?post=103177"}],"version-history":[{"count":0,"href":"https:\/\/www.europesays.com\/fr\/wp-json\/wp\/v2\/posts\/103177\/revisions"}],"wp:featuredmedia":[{"embeddable":true,"href":"https:\/\/www.europesays.com\/fr\/wp-json\/wp\/v2\/media\/103178"}],"wp:attachment":[{"href":"https:\/\/www.europesays.com\/fr\/wp-json\/wp\/v2\/media?parent=103177"}],"wp:term":[{"taxonomy":"category","embeddable":true,"href":"https:\/\/www.europesays.com\/fr\/wp-json\/wp\/v2\/categories?post=103177"},{"taxonomy":"post_tag","embeddable":true,"href":"https:\/\/www.europesays.com\/fr\/wp-json\/wp\/v2\/tags?post=103177"}],"curies":[{"name":"wp","href":"https:\/\/api.w.org\/{rel}","templated":true}]}}